{"id":187,"count":1,"description":"","link":"https:\/\/cdsportadapte57.fr\/?tag=ministre-deleguee-chargee-des-sports","name":"ministre d\u00e9l\u00e9gu\u00e9e charg\u00e9e des sports","slug":"ministre-deleguee-chargee-des-sports","taxonomy":"post_tag","meta":[],"_links":{"self":[{"href":"https:\/\/cdsportadapte57.fr\/index.php?rest_route=\/wp\/v2\/tags\/187","targetHints":{"allow":["GET"]}}],"collection":[{"href":"https:\/\/cdsportadapte57.fr\/index.php?rest_route=\/wp\/v2\/tags"}],"about":[{"href":"https:\/\/cdsportadapte57.fr\/index.php?rest_route=\/wp\/v2\/taxonomies\/post_tag"}],"wp:post_type":[{"href":"https:\/\/cdsportadapte57.fr\/index.php?rest_route=%2Fwp%2Fv2%2Fposts&tags=187"}],"curies":[{"name":"wp","href":"https:\/\/api.w.org\/{rel}","templated":true}]}}