{"id":896,"date":"2019-07-16T16:05:23","date_gmt":"2019-07-16T14:05:23","guid":{"rendered":"http:\/\/cdsportadapte57.fr\/?p=896"},"modified":"2019-07-16T16:05:24","modified_gmt":"2019-07-16T14:05:24","slug":"marche-des-esat-de-lafaedam-en-partenariat-avec-le-cdsa57","status":"publish","type":"post","link":"https:\/\/cdsportadapte57.fr\/?p=896","title":{"rendered":"Marche des Esat de l&rsquo;AFAEDAM en partenariat avec le CDSA57"},"content":{"rendered":"\n<div dir=\"ltr\">Une marche a \u00e9t\u00e9 organis\u00e9e les 14 et 15 mai par le directeur des ESAT Actip\u00f4le et Actisud de l&rsquo;AFAEDAM . Celle-ci se faisait sur le secteur de VIGY, le matin de 9 h 30 \u00e0 11 h.<\/div>\n<div dir=\"ltr\">Diff\u00e9rents niveaux de marcheurs et donc diff\u00e9rentes distances avec des arriv\u00e9es \u00e9tal\u00e9es sur le lieu du d\u00e9jeuner &#8211; restaurant \u00ab\u00a0La Porcherie\u00a0\u00bb \u00e0 VIGY.<\/div>\n<div dir=\"ltr\">Nous \u00e9tions pr\u00e9sents lors de cette manifestation et nous avons organis\u00e9\u00a0 plusieurs ateliers afin d&rsquo;occuper, d&rsquo;une part, les quelques travailleurs qui ne participaient pas \u00e0 la marche,\u00a0 et d&rsquo;autre part, ceux qui arrivaient au fil de l&rsquo;eau &#8230;. non de la marche !!<\/div>\n<div dir=\"ltr\">\u00a0Les b\u00e9n\u00e9voles du CDSA57 ainsi que le Pr\u00e9sident, Monsieur Jean-Marie Morainville,\u00a0 le service civique ont \u00e9t\u00e9 invit\u00e9 \u00e0 partager le repas convivial avec les usagers. L&rsquo;occasion de tr\u00e8s nombreux \u00e9changes et de rencontres pour tous !<\/div>\n<div dir=\"ltr\">L&rsquo;apr\u00e8s-midi les travailleurs des Esat ont pu participer \u00e0 des activit\u00e9s du CDSA57 , Golf, Cricket, Sarbacane et boccia, pour leur plus grande joie.<\/div>\n<div dir=\"ltr\">Une belle journ\u00e9e sportive en plein air pour tous !<\/div>\n<div dir=\"ltr\">\u00a0<\/div>\n\n\n\n<ul class=\"wp-block-gallery columns-3 is-cropped wp-block-gallery-1 is-layout-flex wp-block-gallery-is-layout-flex\"><li class=\"blocks-gallery-item\"><figure><img loading=\"lazy\" decoding=\"async\" width=\"768\" height=\"1024\" src=\"http:\/\/cdsportadapte57.fr\/wp-content\/uploads\/2019\/07\/AC1-768x1024.jpg\" alt=\"\" data-id=\"897\" data-link=\"http:\/\/cdsportadapte57.fr\/?attachment_id=897\" class=\"wp-image-897\" srcset=\"https:\/\/cdsportadapte57.fr\/wp-content\/uploads\/2019\/07\/AC1-768x1024.jpg 768w, https:\/\/cdsportadapte57.fr\/wp-content\/uploads\/2019\/07\/AC1-225x300.jpg 225w, https:\/\/cdsportadapte57.fr\/wp-content\/uploads\/2019\/07\/AC1-1320x1760.jpg 1320w\" sizes=\"auto, (max-width: 768px) 100vw, 768px\" \/><\/figure><\/li><li class=\"blocks-gallery-item\"><figure><img loading=\"lazy\" decoding=\"async\" width=\"768\" height=\"1024\" src=\"http:\/\/cdsportadapte57.fr\/wp-content\/uploads\/2019\/07\/AC2-768x1024.jpg\" alt=\"\" data-id=\"898\" data-link=\"http:\/\/cdsportadapte57.fr\/?attachment_id=898\" class=\"wp-image-898\" srcset=\"https:\/\/cdsportadapte57.fr\/wp-content\/uploads\/2019\/07\/AC2-768x1024.jpg 768w, https:\/\/cdsportadapte57.fr\/wp-content\/uploads\/2019\/07\/AC2-225x300.jpg 225w, https:\/\/cdsportadapte57.fr\/wp-content\/uploads\/2019\/07\/AC2-1320x1760.jpg 1320w\" sizes=\"auto, (max-width: 768px) 100vw, 768px\" \/><\/figure><\/li><li class=\"blocks-gallery-item\"><figure><img loading=\"lazy\" decoding=\"async\" width=\"768\" height=\"1024\" src=\"http:\/\/cdsportadapte57.fr\/wp-content\/uploads\/2019\/07\/AC3-768x1024.jpg\" alt=\"\" data-id=\"899\" data-link=\"http:\/\/cdsportadapte57.fr\/?attachment_id=899\" class=\"wp-image-899\" srcset=\"https:\/\/cdsportadapte57.fr\/wp-content\/uploads\/2019\/07\/AC3-768x1024.jpg 768w, https:\/\/cdsportadapte57.fr\/wp-content\/uploads\/2019\/07\/AC3-225x300.jpg 225w, https:\/\/cdsportadapte57.fr\/wp-content\/uploads\/2019\/07\/AC3-1320x1760.jpg 1320w\" sizes=\"auto, (max-width: 768px) 100vw, 768px\" \/><\/figure><\/li><li class=\"blocks-gallery-item\"><figure><img loading=\"lazy\" decoding=\"async\" width=\"768\" height=\"1024\" src=\"http:\/\/cdsportadapte57.fr\/wp-content\/uploads\/2019\/07\/AC6-768x1024.jpg\" alt=\"\" data-id=\"900\" data-link=\"http:\/\/cdsportadapte57.fr\/?attachment_id=900\" class=\"wp-image-900\" srcset=\"https:\/\/cdsportadapte57.fr\/wp-content\/uploads\/2019\/07\/AC6-768x1024.jpg 768w, https:\/\/cdsportadapte57.fr\/wp-content\/uploads\/2019\/07\/AC6-225x300.jpg 225w, https:\/\/cdsportadapte57.fr\/wp-content\/uploads\/2019\/07\/AC6-1320x1760.jpg 1320w\" sizes=\"auto, (max-width: 768px) 100vw, 768px\" \/><\/figure><\/li><li class=\"blocks-gallery-item\"><figure><img loading=\"lazy\" decoding=\"async\" width=\"1024\" height=\"768\" src=\"http:\/\/cdsportadapte57.fr\/wp-content\/uploads\/2019\/07\/AC8-1024x768.jpg\" alt=\"\" data-id=\"901\" data-link=\"http:\/\/cdsportadapte57.fr\/?attachment_id=901\" class=\"wp-image-901\" srcset=\"https:\/\/cdsportadapte57.fr\/wp-content\/uploads\/2019\/07\/AC8-1024x768.jpg 1024w, https:\/\/cdsportadapte57.fr\/wp-content\/uploads\/2019\/07\/AC8-300x225.jpg 300w, https:\/\/cdsportadapte57.fr\/wp-content\/uploads\/2019\/07\/AC8-768x576.jpg 768w, https:\/\/cdsportadapte57.fr\/wp-content\/uploads\/2019\/07\/AC8-1320x990.jpg 1320w\" sizes=\"auto, (max-width: 1024px) 100vw, 1024px\" \/><\/figure><\/li><\/ul>\n","protected":false},"excerpt":{"rendered":"<p>Une marche a \u00e9t\u00e9 organis\u00e9e les 14 et 15 mai par le directeur des ESAT Actip\u00f4le et Actisud de l&rsquo;AFAEDAM . Celle-ci se faisait sur le secteur de VIGY, le&hellip; <\/p>\n","protected":false},"author":16,"featured_media":898,"comment_status":"open","ping_status":"open","sticky":false,"template":"","format":"standard","meta":{"_crdt_document":"","jetpack_post_was_ever_published":false,"_jetpack_newsletter_access":"","_jetpack_dont_email_post_to_subs":false,"_jetpack_newsletter_tier_id":0,"_jetpack_memberships_contains_paywalled_content":false,"_jetpack_memberships_contains_paid_content":false,"footnotes":"","jetpack_publicize_message":"","jetpack_publicize_feature_enabled":true,"jetpack_social_post_already_shared":true,"jetpack_social_options":{"image_generator_settings":{"template":"highway","default_image_id":0,"font":"","enabled":false},"version":2}},"categories":[1,6],"tags":[],"class_list":["post-896","post","type-post","status-publish","format-standard","has-post-thumbnail","hentry","category-non-classe","category-nos-manifestations"],"jetpack_publicize_connections":[],"jetpack_featured_media_url":"https:\/\/cdsportadapte57.fr\/wp-content\/uploads\/2019\/07\/AC2.jpg","jetpack_sharing_enabled":true,"jetpack_shortlink":"https:\/\/wp.me\/pasBZt-es","_links":{"self":[{"href":"https:\/\/cdsportadapte57.fr\/index.php?rest_route=\/wp\/v2\/posts\/896","targetHints":{"allow":["GET"]}}],"collection":[{"href":"https:\/\/cdsportadapte57.fr\/index.php?rest_route=\/wp\/v2\/posts"}],"about":[{"href":"https:\/\/cdsportadapte57.fr\/index.php?rest_route=\/wp\/v2\/types\/post"}],"author":[{"embeddable":true,"href":"https:\/\/cdsportadapte57.fr\/index.php?rest_route=\/wp\/v2\/users\/16"}],"replies":[{"embeddable":true,"href":"https:\/\/cdsportadapte57.fr\/index.php?rest_route=%2Fwp%2Fv2%2Fcomments&post=896"}],"version-history":[{"count":2,"href":"https:\/\/cdsportadapte57.fr\/index.php?rest_route=\/wp\/v2\/posts\/896\/revisions"}],"predecessor-version":[{"id":903,"href":"https:\/\/cdsportadapte57.fr\/index.php?rest_route=\/wp\/v2\/posts\/896\/revisions\/903"}],"wp:featuredmedia":[{"embeddable":true,"href":"https:\/\/cdsportadapte57.fr\/index.php?rest_route=\/wp\/v2\/media\/898"}],"wp:attachment":[{"href":"https:\/\/cdsportadapte57.fr\/index.php?rest_route=%2Fwp%2Fv2%2Fmedia&parent=896"}],"wp:term":[{"taxonomy":"category","embeddable":true,"href":"https:\/\/cdsportadapte57.fr\/index.php?rest_route=%2Fwp%2Fv2%2Fcategories&post=896"},{"taxonomy":"post_tag","embeddable":true,"href":"https:\/\/cdsportadapte57.fr\/index.php?rest_route=%2Fwp%2Fv2%2Ftags&post=896"}],"curies":[{"name":"wp","href":"https:\/\/api.w.org\/{rel}","templated":true}]}}