{"id":891,"date":"2019-08-26T19:08:42","date_gmt":"2019-08-26T17:08:42","guid":{"rendered":"http:\/\/cdsportadapte57.fr\/?p=891"},"modified":"2019-08-26T19:08:44","modified_gmt":"2019-08-26T17:08:44","slug":"initiation-aux-sports-de-combat-le-13-septembre-au-gymnase-bommersheim-de-maizieres-les-metz","status":"publish","type":"post","link":"https:\/\/cdsportadapte57.fr\/?p=891","title":{"rendered":"Initiation aux sports de combat le 13 septembre au Gymnase Bommersheim de Maizi\u00e8res-les-Metz"},"content":{"rendered":"\n<p class=\"wp-block-paragraph\">Les vacances se terminent, et il est temps de penser \u00e0 la rentr\u00e9e. Et la rentr\u00e9e sera combative avec le CDSA 57 !<\/p>\n\n\n\n<p class=\"wp-block-paragraph\">A bient\u00f4t pour de nouvelles journ\u00e9es sportives dans la joie et la bonne humeur !<\/p>\n\n\n\n<ul class=\"wp-block-gallery columns-1 is-cropped wp-block-gallery-1 is-layout-flex wp-block-gallery-is-layout-flex\"><li class=\"blocks-gallery-item\"><figure><img loading=\"lazy\" decoding=\"async\" width=\"682\" height=\"1024\" src=\"http:\/\/cdsportadapte57.fr\/wp-content\/uploads\/2019\/07\/futurs-combattants-page-001-682x1024.jpg\" alt=\"\" data-id=\"892\" data-link=\"http:\/\/cdsportadapte57.fr\/?attachment_id=892\" class=\"wp-image-892\" srcset=\"https:\/\/cdsportadapte57.fr\/wp-content\/uploads\/2019\/07\/futurs-combattants-page-001-682x1024.jpg 682w, https:\/\/cdsportadapte57.fr\/wp-content\/uploads\/2019\/07\/futurs-combattants-page-001-200x300.jpg 200w, https:\/\/cdsportadapte57.fr\/wp-content\/uploads\/2019\/07\/futurs-combattants-page-001-768x1152.jpg 768w, https:\/\/cdsportadapte57.fr\/wp-content\/uploads\/2019\/07\/futurs-combattants-page-001.jpg 1181w\" sizes=\"auto, (max-width: 682px) 100vw, 682px\" \/><\/figure><\/li><\/ul>\n\n\n\n<figure class=\"wp-block-image\"><img loading=\"lazy\" decoding=\"async\" width=\"724\" height=\"1024\" src=\"http:\/\/cdsportadapte57.fr\/wp-content\/uploads\/2019\/07\/Fiche-Organisationnelle-FUTURSCOMBATTANTS-1-724x1024.jpg\" alt=\"\" class=\"wp-image-894\" srcset=\"https:\/\/cdsportadapte57.fr\/wp-content\/uploads\/2019\/07\/Fiche-Organisationnelle-FUTURSCOMBATTANTS-1-724x1024.jpg 724w, https:\/\/cdsportadapte57.fr\/wp-content\/uploads\/2019\/07\/Fiche-Organisationnelle-FUTURSCOMBATTANTS-1-212x300.jpg 212w, https:\/\/cdsportadapte57.fr\/wp-content\/uploads\/2019\/07\/Fiche-Organisationnelle-FUTURSCOMBATTANTS-1-768x1086.jpg 768w, https:\/\/cdsportadapte57.fr\/wp-content\/uploads\/2019\/07\/Fiche-Organisationnelle-FUTURSCOMBATTANTS-1-1320x1867.jpg 1320w, https:\/\/cdsportadapte57.fr\/wp-content\/uploads\/2019\/07\/Fiche-Organisationnelle-FUTURSCOMBATTANTS-1.jpg 1654w\" sizes=\"auto, (max-width: 724px) 100vw, 724px\" \/><\/figure>\n","protected":false},"excerpt":{"rendered":"<p>Les vacances se terminent, et il est temps de penser \u00e0 la rentr\u00e9e. Et la rentr\u00e9e sera combative avec le CDSA 57 ! A bient\u00f4t pour de nouvelles journ\u00e9es sportives&hellip; <\/p>\n","protected":false},"author":16,"featured_media":892,"comment_status":"open","ping_status":"open","sticky":false,"template":"","format":"standard","meta":{"_crdt_document":"","jetpack_post_was_ever_published":false,"_jetpack_newsletter_access":"","_jetpack_dont_email_post_to_subs":false,"_jetpack_newsletter_tier_id":0,"_jetpack_memberships_contains_paywalled_content":false,"_jetpack_memberships_contains_paid_content":false,"footnotes":"","jetpack_publicize_message":"","jetpack_publicize_feature_enabled":true,"jetpack_social_post_already_shared":true,"jetpack_social_options":{"image_generator_settings":{"template":"highway","default_image_id":0,"font":"","enabled":false},"version":2}},"categories":[8],"tags":[],"class_list":["post-891","post","type-post","status-publish","format-standard","has-post-thumbnail","hentry","category-agenda"],"jetpack_publicize_connections":[],"jetpack_featured_media_url":"https:\/\/cdsportadapte57.fr\/wp-content\/uploads\/2019\/07\/futurs-combattants-page-001.jpg","jetpack_sharing_enabled":true,"jetpack_shortlink":"https:\/\/wp.me\/pasBZt-en","_links":{"self":[{"href":"https:\/\/cdsportadapte57.fr\/index.php?rest_route=\/wp\/v2\/posts\/891","targetHints":{"allow":["GET"]}}],"collection":[{"href":"https:\/\/cdsportadapte57.fr\/index.php?rest_route=\/wp\/v2\/posts"}],"about":[{"href":"https:\/\/cdsportadapte57.fr\/index.php?rest_route=\/wp\/v2\/types\/post"}],"author":[{"embeddable":true,"href":"https:\/\/cdsportadapte57.fr\/index.php?rest_route=\/wp\/v2\/users\/16"}],"replies":[{"embeddable":true,"href":"https:\/\/cdsportadapte57.fr\/index.php?rest_route=%2Fwp%2Fv2%2Fcomments&post=891"}],"version-history":[{"count":5,"href":"https:\/\/cdsportadapte57.fr\/index.php?rest_route=\/wp\/v2\/posts\/891\/revisions"}],"predecessor-version":[{"id":1047,"href":"https:\/\/cdsportadapte57.fr\/index.php?rest_route=\/wp\/v2\/posts\/891\/revisions\/1047"}],"wp:featuredmedia":[{"embeddable":true,"href":"https:\/\/cdsportadapte57.fr\/index.php?rest_route=\/wp\/v2\/media\/892"}],"wp:attachment":[{"href":"https:\/\/cdsportadapte57.fr\/index.php?rest_route=%2Fwp%2Fv2%2Fmedia&parent=891"}],"wp:term":[{"taxonomy":"category","embeddable":true,"href":"https:\/\/cdsportadapte57.fr\/index.php?rest_route=%2Fwp%2Fv2%2Fcategories&post=891"},{"taxonomy":"post_tag","embeddable":true,"href":"https:\/\/cdsportadapte57.fr\/index.php?rest_route=%2Fwp%2Fv2%2Ftags&post=891"}],"curies":[{"name":"wp","href":"https:\/\/api.w.org\/{rel}","templated":true}]}}