{"id":599,"date":"2019-06-17T17:14:21","date_gmt":"2019-06-17T15:14:21","guid":{"rendered":"http:\/\/cdsportadapte57.fr\/?p=599"},"modified":"2019-06-18T17:11:25","modified_gmt":"2019-06-18T15:11:25","slug":"medaille-de-la-jeunesse-des-sports-et-de-lengagement-associatif-lors-de-trophees-des-sports-de-la-ville-de-maizieres-les-metz-pour-christophe-porte-membre-du-comite-dadministration-du-cdsa57","status":"publish","type":"post","link":"https:\/\/cdsportadapte57.fr\/?p=599","title":{"rendered":"m\u00e9daille de la Jeunesse, des sports et de l&rsquo;Engagement associatif lors de troph\u00e9es des sports de la ville de Maizi\u00e8res-L\u00e8s-Metz pour Christophe Porte, membre du Comit\u00e9 d&rsquo;administration du CDSA57"},"content":{"rendered":"\n<p class=\"wp-block-paragraph\">Christophe Porte, membre du CA du CDSA57 a eu l&rsquo;honneur d&rsquo;\u00eatre d\u00e9cor\u00e9 de la m\u00e9daille de la Jeunesse, des sports et de l&rsquo;Engagement associatif lors de troph\u00e9es des sports de la ville de Maizi\u00e8res-L\u00e8s-Metz. <br> Une lettre d&rsquo;accompagnement de Mme la Ministre des Sports a officialis\u00e9 l&rsquo;attribution et M. Lejalles lui a  remis, entour\u00e9 de Monsieur Jean-Marie Donatello, pr\u00e9sident du Comit\u00e9 D\u00e9partemental Handisport de Moselle et de Monsieur Julien Freybruger<a href=\"https:\/\/www.facebook.com\/julien.freyburger?__tn__=%2CdK-R-R&amp;eid=ARDXs_lwMIPIBpiSd6XHswf1QPnWIv32yytrETw_qHBF3a5zoAMI5a0Hza2WYGZnu2yqB520grUBW0LX&amp;fref=mentions\"><\/a>, Maire de de Maizi\u00e8res-L\u00e8s-Metz et de nombreux amis.<\/p>\n\n\n\n<p class=\"wp-block-paragraph\">Christophe est le pr\u00e9sident du club de tennis de table de Maizi\u00e8res, il \u0153uvre pour l&rsquo;int\u00e9gration des personnes en situation de handicap gr\u00e2ce au sport.<br><br><\/p>\n\n\n\n<figure class=\"wp-block-image\"><img loading=\"lazy\" decoding=\"async\" width=\"1024\" height=\"672\" src=\"http:\/\/cdsportadapte57.fr\/wp-content\/uploads\/2019\/06\/CH-1024x672.jpg\" alt=\"\" class=\"wp-image-602\" srcset=\"https:\/\/cdsportadapte57.fr\/wp-content\/uploads\/2019\/06\/CH-1024x672.jpg 1024w, https:\/\/cdsportadapte57.fr\/wp-content\/uploads\/2019\/06\/CH-300x197.jpg 300w, https:\/\/cdsportadapte57.fr\/wp-content\/uploads\/2019\/06\/CH-768x504.jpg 768w, https:\/\/cdsportadapte57.fr\/wp-content\/uploads\/2019\/06\/CH-1320x867.jpg 1320w, https:\/\/cdsportadapte57.fr\/wp-content\/uploads\/2019\/06\/CH.jpg 1742w\" sizes=\"auto, (max-width: 1024px) 100vw, 1024px\" \/><figcaption>Discours de <br>Monsieur Julien Freybruger, Maire de de Maizi\u00e8res-L\u00e8s-Metz <\/figcaption><\/figure>\n\n\n\n<figure class=\"wp-block-image\"><img loading=\"lazy\" decoding=\"async\" width=\"1024\" height=\"627\" src=\"http:\/\/cdsportadapte57.fr\/wp-content\/uploads\/2019\/06\/christophe-2-1024x627.jpg\" alt=\"\" class=\"wp-image-603\" srcset=\"https:\/\/cdsportadapte57.fr\/wp-content\/uploads\/2019\/06\/christophe-2-1024x627.jpg 1024w, https:\/\/cdsportadapte57.fr\/wp-content\/uploads\/2019\/06\/christophe-2-300x184.jpg 300w, https:\/\/cdsportadapte57.fr\/wp-content\/uploads\/2019\/06\/christophe-2-768x470.jpg 768w, https:\/\/cdsportadapte57.fr\/wp-content\/uploads\/2019\/06\/christophe-2-1320x808.jpg 1320w, https:\/\/cdsportadapte57.fr\/wp-content\/uploads\/2019\/06\/christophe-2.jpg 2048w\" sizes=\"auto, (max-width: 1024px) 100vw, 1024px\" \/><figcaption>Remise de la m\u00e9daille<\/figcaption><\/figure>\n\n\n\n<figure class=\"wp-block-image\"><img loading=\"lazy\" decoding=\"async\" width=\"1024\" height=\"787\" src=\"http:\/\/cdsportadapte57.fr\/wp-content\/uploads\/2019\/06\/CHRISTOPHE-3-1024x787.jpg\" alt=\"\" class=\"wp-image-604\" srcset=\"https:\/\/cdsportadapte57.fr\/wp-content\/uploads\/2019\/06\/CHRISTOPHE-3-1024x787.jpg 1024w, https:\/\/cdsportadapte57.fr\/wp-content\/uploads\/2019\/06\/CHRISTOPHE-3-300x230.jpg 300w, https:\/\/cdsportadapte57.fr\/wp-content\/uploads\/2019\/06\/CHRISTOPHE-3-768x590.jpg 768w, https:\/\/cdsportadapte57.fr\/wp-content\/uploads\/2019\/06\/CHRISTOPHE-3-1320x1014.jpg 1320w, https:\/\/cdsportadapte57.fr\/wp-content\/uploads\/2019\/06\/CHRISTOPHE-3.jpg 2048w\" sizes=\"auto, (max-width: 1024px) 100vw, 1024px\" \/><figcaption>Christophe <br> souhaite remercier tous ceux qui le soutiennent et l&rsquo;encouragent et plus particuli\u00e8rement ceux qui ont propos\u00e9 et soutenu sa candidature.<br> Vive le Sport, vecteur d&rsquo;\u00e9motions, de plaisir et de partage !<\/figcaption><\/figure>\n\n\n\n<p class=\"wp-block-paragraph\" style=\"text-align:center\">Bravo Christophe pour ton engagement aupr\u00e8s des personnes en situation de handicap et pour ces heures de b\u00e9n\u00e9volat donn\u00e9es sans compter !<\/p>\n\n\n\n<p class=\"wp-block-paragraph\" style=\"text-align:center\">Cette m\u00e9daille est vraiment m\u00e9rit\u00e9e !<\/p>\n\n\n\n<p class=\"wp-block-paragraph\"><\/p>\n","protected":false},"excerpt":{"rendered":"<p>Christophe Porte, membre du CA du CDSA57 a eu l&rsquo;honneur d&rsquo;\u00eatre d\u00e9cor\u00e9 de la m\u00e9daille de la Jeunesse, des sports et de l&rsquo;Engagement associatif lors de troph\u00e9es des sports de&hellip; <\/p>\n","protected":false},"author":16,"featured_media":603,"comment_status":"open","ping_status":"open","sticky":false,"template":"","format":"standard","meta":{"_crdt_document":"","jetpack_post_was_ever_published":false,"_jetpack_newsletter_access":"","_jetpack_dont_email_post_to_subs":false,"_jetpack_newsletter_tier_id":0,"_jetpack_memberships_contains_paywalled_content":false,"_jetpack_memberships_contains_paid_content":false,"footnotes":"","jetpack_publicize_message":"","jetpack_publicize_feature_enabled":true,"jetpack_social_post_already_shared":true,"jetpack_social_options":{"image_generator_settings":{"template":"highway","default_image_id":0,"font":"","enabled":false},"version":2}},"categories":[9],"tags":[],"class_list":["post-599","post","type-post","status-publish","format-standard","has-post-thumbnail","hentry","category-le-comite-de-sport-adapte-57"],"jetpack_publicize_connections":[],"jetpack_featured_media_url":"https:\/\/cdsportadapte57.fr\/wp-content\/uploads\/2019\/06\/christophe-2.jpg","jetpack_sharing_enabled":true,"jetpack_shortlink":"https:\/\/wp.me\/pasBZt-9F","_links":{"self":[{"href":"https:\/\/cdsportadapte57.fr\/index.php?rest_route=\/wp\/v2\/posts\/599","targetHints":{"allow":["GET"]}}],"collection":[{"href":"https:\/\/cdsportadapte57.fr\/index.php?rest_route=\/wp\/v2\/posts"}],"about":[{"href":"https:\/\/cdsportadapte57.fr\/index.php?rest_route=\/wp\/v2\/types\/post"}],"author":[{"embeddable":true,"href":"https:\/\/cdsportadapte57.fr\/index.php?rest_route=\/wp\/v2\/users\/16"}],"replies":[{"embeddable":true,"href":"https:\/\/cdsportadapte57.fr\/index.php?rest_route=%2Fwp%2Fv2%2Fcomments&post=599"}],"version-history":[{"count":6,"href":"https:\/\/cdsportadapte57.fr\/index.php?rest_route=\/wp\/v2\/posts\/599\/revisions"}],"predecessor-version":[{"id":608,"href":"https:\/\/cdsportadapte57.fr\/index.php?rest_route=\/wp\/v2\/posts\/599\/revisions\/608"}],"wp:featuredmedia":[{"embeddable":true,"href":"https:\/\/cdsportadapte57.fr\/index.php?rest_route=\/wp\/v2\/media\/603"}],"wp:attachment":[{"href":"https:\/\/cdsportadapte57.fr\/index.php?rest_route=%2Fwp%2Fv2%2Fmedia&parent=599"}],"wp:term":[{"taxonomy":"category","embeddable":true,"href":"https:\/\/cdsportadapte57.fr\/index.php?rest_route=%2Fwp%2Fv2%2Fcategories&post=599"},{"taxonomy":"post_tag","embeddable":true,"href":"https:\/\/cdsportadapte57.fr\/index.php?rest_route=%2Fwp%2Fv2%2Ftags&post=599"}],"curies":[{"name":"wp","href":"https:\/\/api.w.org\/{rel}","templated":true}]}}