{"id":54,"date":"2017-10-23T10:40:36","date_gmt":"2017-10-23T08:40:36","guid":{"rendered":"http:\/\/cdsportadapte57.fr\/?p=54"},"modified":"2017-10-23T10:42:56","modified_gmt":"2017-10-23T08:42:56","slug":"le-republicain-lorrain-presente-les-championnats-de-france-des-regions-de-tennis-de-table-de-sport-adapte","status":"publish","type":"post","link":"https:\/\/cdsportadapte57.fr\/?p=54","title":{"rendered":"Le R\u00e9publicain Lorrain pr\u00e9sente les championnats de France des R\u00e9gions de tennis de table de Sport Adapt\u00e9"},"content":{"rendered":"<p>Le R\u00e9publicain Lorrain du samedi 21 octobre 2017 pr\u00e9sente les championnats de France des R\u00e9gions de tennis de table de Sport Adapt\u00e9.<\/p>\n<p><img loading=\"lazy\" decoding=\"async\" class=\"aligncenter wp-image-55 size-full\" src=\"http:\/\/cdsportadapte57.fr\/wp-content\/uploads\/2017\/10\/2017-10-20-RL-du-20-10-2017-Pages-Locales-Pr\u00e9paration-des-championants-de-France-de-Sport-Adapt\u00e9.jpg\" alt=\"\" width=\"676\" height=\"397\" srcset=\"https:\/\/cdsportadapte57.fr\/wp-content\/uploads\/2017\/10\/2017-10-20-RL-du-20-10-2017-Pages-Locales-Pr\u00e9paration-des-championants-de-France-de-Sport-Adapt\u00e9.jpg 676w, https:\/\/cdsportadapte57.fr\/wp-content\/uploads\/2017\/10\/2017-10-20-RL-du-20-10-2017-Pages-Locales-Pr\u00e9paration-des-championants-de-France-de-Sport-Adapt\u00e9-300x176.jpg 300w\" sizes=\"auto, (max-width: 676px) 100vw, 676px\" \/><\/p>\n","protected":false},"excerpt":{"rendered":"<p>Le R\u00e9publicain Lorrain du samedi 21 octobre 2017 pr\u00e9sente les championnats de France des R\u00e9gions de tennis de table de Sport Adapt\u00e9.<\/p>\n","protected":false},"author":3,"featured_media":55,"comment_status":"open","ping_status":"open","sticky":false,"template":"","format":"standard","meta":{"_crdt_document":"","jetpack_post_was_ever_published":false,"_jetpack_newsletter_access":"","_jetpack_dont_email_post_to_subs":false,"_jetpack_newsletter_tier_id":0,"_jetpack_memberships_contains_paywalled_content":false,"_jetpack_memberships_contains_paid_content":false,"footnotes":"","jetpack_publicize_message":"","jetpack_publicize_feature_enabled":true,"jetpack_social_post_already_shared":false,"jetpack_social_options":{"image_generator_settings":{"template":"highway","default_image_id":0,"font":"","enabled":false},"version":2}},"categories":[1,4],"tags":[],"class_list":["post-54","post","type-post","status-publish","format-standard","has-post-thumbnail","hentry","category-non-classe","category-on-parle-de-nous"],"jetpack_publicize_connections":[],"jetpack_featured_media_url":"https:\/\/cdsportadapte57.fr\/wp-content\/uploads\/2017\/10\/2017-10-20-RL-du-20-10-2017-Pages-Locales-Pr\u00e9paration-des-championants-de-France-de-Sport-Adapt\u00e9.jpg","jetpack_sharing_enabled":true,"jetpack_shortlink":"https:\/\/wp.me\/pasBZt-S","_links":{"self":[{"href":"https:\/\/cdsportadapte57.fr\/index.php?rest_route=\/wp\/v2\/posts\/54","targetHints":{"allow":["GET"]}}],"collection":[{"href":"https:\/\/cdsportadapte57.fr\/index.php?rest_route=\/wp\/v2\/posts"}],"about":[{"href":"https:\/\/cdsportadapte57.fr\/index.php?rest_route=\/wp\/v2\/types\/post"}],"author":[{"embeddable":true,"href":"https:\/\/cdsportadapte57.fr\/index.php?rest_route=\/wp\/v2\/users\/3"}],"replies":[{"embeddable":true,"href":"https:\/\/cdsportadapte57.fr\/index.php?rest_route=%2Fwp%2Fv2%2Fcomments&post=54"}],"version-history":[{"count":0,"href":"https:\/\/cdsportadapte57.fr\/index.php?rest_route=\/wp\/v2\/posts\/54\/revisions"}],"wp:featuredmedia":[{"embeddable":true,"href":"https:\/\/cdsportadapte57.fr\/index.php?rest_route=\/wp\/v2\/media\/55"}],"wp:attachment":[{"href":"https:\/\/cdsportadapte57.fr\/index.php?rest_route=%2Fwp%2Fv2%2Fmedia&parent=54"}],"wp:term":[{"taxonomy":"category","embeddable":true,"href":"https:\/\/cdsportadapte57.fr\/index.php?rest_route=%2Fwp%2Fv2%2Fcategories&post=54"},{"taxonomy":"post_tag","embeddable":true,"href":"https:\/\/cdsportadapte57.fr\/index.php?rest_route=%2Fwp%2Fv2%2Ftags&post=54"}],"curies":[{"name":"wp","href":"https:\/\/api.w.org\/{rel}","templated":true}]}}