{"id":483,"date":"2019-03-14T21:26:36","date_gmt":"2019-03-14T20:26:36","guid":{"rendered":"http:\/\/cdsportadapte57.fr\/?p=483"},"modified":"2019-03-14T21:26:39","modified_gmt":"2019-03-14T20:26:39","slug":"les-etudiants-de-liut-de-thionville-yutz-realisent-un-tres-beau-projet-pour-le-cdsa57","status":"publish","type":"post","link":"https:\/\/cdsportadapte57.fr\/?p=483","title":{"rendered":"Les \u00e9tudiants de l&rsquo;IUT de Thionville\/Yutz r\u00e9alisent un tr\u00e8s beau projet pour le CDSA57"},"content":{"rendered":"\n<figure class=\"wp-block-image\"><img loading=\"lazy\" decoding=\"async\" width=\"647\" height=\"480\" src=\"http:\/\/cdsportadapte57.fr\/wp-content\/uploads\/2019\/03\/53668344_2263053564013688_1907263408420421632_n.jpg\" alt=\"\" class=\"wp-image-484\" srcset=\"https:\/\/cdsportadapte57.fr\/wp-content\/uploads\/2019\/03\/53668344_2263053564013688_1907263408420421632_n.jpg 647w, https:\/\/cdsportadapte57.fr\/wp-content\/uploads\/2019\/03\/53668344_2263053564013688_1907263408420421632_n-300x223.jpg 300w\" sizes=\"auto, (max-width: 647px) 100vw, 647px\" \/><\/figure>\n\n\n\n<p class=\"wp-block-paragraph\"> <br>Merci \u00e0 Ana\u00efs Ghoual, Myelissa Cheikh, Francesco Foti, Manon Lutz, Mathieu Bui Van et L\u00e9a Palmisano et \u00e0 leur professeur Anne Maeder pour leur aide et la concr\u00e9tisation de leur projet tutor\u00e9.\u00a0<br>Ce jeudi 14 mars 2019, apr\u00e8s avoir pr\u00e9sent\u00e9 leur projet et le Sport Adapt\u00e9 devant dans l&rsquo;amphi de l&rsquo;<a href=\"https:\/\/www.facebook.com\/IUT-Thionville-Yutz-page-officielle-303538123003444\/?__tn__=K-R&amp;eid=ARCU62fcErt-DWwBioeXukF6fk3B5b2KvwdMJPyDKJFwNsnXLjn4uAWbiAMfcdcLnUbMkCcQDO9ESBkY&amp;fref=mentions&amp;__xts__%5B0%5D=68.ARAjEFHFyepO8_mvaGrg_tSEuN_TwMlN65jjEAq4xULjYUV_oC_p1_D1SRDFU_5sbVD1fTdX5pqtPbWm1jpDo7kSrRxLnYCebUo7OBN_j8TONwFoc8SlmiViQHeZRO4yUxzf_NxCkUiuUh2vs0JxY4jIvgTs_enaO9TKR7Zsve67oubbWMpQD-Lr0dXqxgUSKW9c6dIn9tuLidRyxFpQOus26Jt_bzF_4SfaMyVX5XrbwuvUr4MLSP94PeHtzqWMsF72khn5KJMz90MCFVrzpmDGJ8CAMOdz3dhk5F2akkl6tspLNK_bGYAkger2CUQpw3XqAFU5nMtDgsoBvUKlYDsxdL_3\">IUT Thionville-Yutz<\/a>\u00a0rempli de jeunes \u00e9tudiants admiratifs et tr\u00e8s attentifs, ils ont remis un ch\u00e8que cons\u00e9quent \u00e0\u00a0<a href=\"https:\/\/www.facebook.com\/jeanmarie.morainville?__tn__=K-R&amp;eid=ARDpekJC31V_htt7wRDs5hqjGJDZKf-kZ7w9D1jhUbKN_DBp44X4XY-EjvFxtb1g4Lurk5ZJJomwJ6RO&amp;fref=mentions&amp;__xts__%5B0%5D=68.ARAjEFHFyepO8_mvaGrg_tSEuN_TwMlN65jjEAq4xULjYUV_oC_p1_D1SRDFU_5sbVD1fTdX5pqtPbWm1jpDo7kSrRxLnYCebUo7OBN_j8TONwFoc8SlmiViQHeZRO4yUxzf_NxCkUiuUh2vs0JxY4jIvgTs_enaO9TKR7Zsve67oubbWMpQD-Lr0dXqxgUSKW9c6dIn9tuLidRyxFpQOus26Jt_bzF_4SfaMyVX5XrbwuvUr4MLSP94PeHtzqWMsF72khn5KJMz90MCFVrzpmDGJ8CAMOdz3dhk5F2akkl6tspLNK_bGYAkger2CUQpw3XqAFU5nMtDgsoBvUKlYDsxdL_3\">Jean Marie Morainville<\/a>\u00a0accompagn\u00e9 de plusieurs membres du\u00a0<a href=\"https:\/\/www.facebook.com\/CDSA57\/?__tn__=K-R&amp;eid=ARDz63m87K3Or6TYyb_XYYALY_Kc2gX4NjF6m90WirNeeqqK6Vu_bUXuWs77K8NLb4et4XdwyKwdD5B5&amp;fref=mentions&amp;__xts__%5B0%5D=68.ARAjEFHFyepO8_mvaGrg_tSEuN_TwMlN65jjEAq4xULjYUV_oC_p1_D1SRDFU_5sbVD1fTdX5pqtPbWm1jpDo7kSrRxLnYCebUo7OBN_j8TONwFoc8SlmiViQHeZRO4yUxzf_NxCkUiuUh2vs0JxY4jIvgTs_enaO9TKR7Zsve67oubbWMpQD-Lr0dXqxgUSKW9c6dIn9tuLidRyxFpQOus26Jt_bzF_4SfaMyVX5XrbwuvUr4MLSP94PeHtzqWMsF72khn5KJMz90MCFVrzpmDGJ8CAMOdz3dhk5F2akkl6tspLNK_bGYAkger2CUQpw3XqAFU5nMtDgsoBvUKlYDsxdL_3\">Comit\u00e9 D\u00e9partemental de Sport Adapt\u00e9 de Moselle<\/a>, fruit de leurs travaux de promotion et de leurs actions (tombola, emballage de cadeaux, cagnotte en ligne&#8230;). <\/p>\n\n\n\n<figure class=\"wp-block-image\"><img loading=\"lazy\" decoding=\"async\" width=\"1024\" height=\"768\" src=\"http:\/\/cdsportadapte57.fr\/wp-content\/uploads\/2019\/03\/20190314_142201-1024x768.jpg\" alt=\"\" class=\"wp-image-485\" srcset=\"https:\/\/cdsportadapte57.fr\/wp-content\/uploads\/2019\/03\/20190314_142201-1024x768.jpg 1024w, https:\/\/cdsportadapte57.fr\/wp-content\/uploads\/2019\/03\/20190314_142201-300x225.jpg 300w, https:\/\/cdsportadapte57.fr\/wp-content\/uploads\/2019\/03\/20190314_142201-768x576.jpg 768w, https:\/\/cdsportadapte57.fr\/wp-content\/uploads\/2019\/03\/20190314_142201-1320x990.jpg 1320w\" sizes=\"auto, (max-width: 1024px) 100vw, 1024px\" \/><\/figure>\n\n\n\n<figure class=\"wp-block-image\"><img loading=\"lazy\" decoding=\"async\" width=\"647\" height=\"480\" src=\"http:\/\/cdsportadapte57.fr\/wp-content\/uploads\/2019\/03\/54423224_2263053567347021_3016340903322189824_n.jpg\" alt=\"\" class=\"wp-image-486\" srcset=\"https:\/\/cdsportadapte57.fr\/wp-content\/uploads\/2019\/03\/54423224_2263053567347021_3016340903322189824_n.jpg 647w, https:\/\/cdsportadapte57.fr\/wp-content\/uploads\/2019\/03\/54423224_2263053567347021_3016340903322189824_n-300x223.jpg 300w\" sizes=\"auto, (max-width: 647px) 100vw, 647px\" \/><\/figure>\n\n\n\n<figure class=\"wp-block-image\"><img loading=\"lazy\" decoding=\"async\" width=\"1024\" height=\"768\" src=\"http:\/\/cdsportadapte57.fr\/wp-content\/uploads\/2019\/03\/20190314_142229-1024x768.jpg\" alt=\"\" class=\"wp-image-487\" srcset=\"https:\/\/cdsportadapte57.fr\/wp-content\/uploads\/2019\/03\/20190314_142229-1024x768.jpg 1024w, https:\/\/cdsportadapte57.fr\/wp-content\/uploads\/2019\/03\/20190314_142229-300x225.jpg 300w, https:\/\/cdsportadapte57.fr\/wp-content\/uploads\/2019\/03\/20190314_142229-768x576.jpg 768w, https:\/\/cdsportadapte57.fr\/wp-content\/uploads\/2019\/03\/20190314_142229-1320x990.jpg 1320w\" sizes=\"auto, (max-width: 1024px) 100vw, 1024px\" \/><\/figure>\n\n\n\n<p class=\"wp-block-paragraph\">Le R\u00e9publicain Lorrain dans son \u00e9dition de Thionville revient le 6 mars 2019 sur le projet dans un bel article.<\/p>\n\n\n\n<p class=\"wp-block-paragraph\"><a href=\"https:\/\/www.republicain-lorrain.fr\/edition-de-thionville-hayange\/2019\/03\/06\/thionville-les-etudiants-de-l-iut-partenaires-des-sportifs-autrement-capables?fbclid=IwAR3p3QXWZ_PrqpYOW36yDlwDt9W4qOJ3N_4cduxAMbi9sm6_Vv1XYaSZl9c\">https:\/\/www.republicain-lorrain.fr\/edition-de-thionville-hayange\/2019\/03\/06\/thionville-les-etudiants-de-l-iut-partenaires-des-sportifs-autrement-capables<\/a><\/p>\n","protected":false},"excerpt":{"rendered":"<p>Merci \u00e0 Ana\u00efs Ghoual, Myelissa Cheikh, Francesco Foti, Manon Lutz, Mathieu Bui Van et L\u00e9a Palmisano et \u00e0 leur professeur Anne Maeder pour leur aide et la concr\u00e9tisation de leur&hellip; <\/p>\n","protected":false},"author":2,"featured_media":484,"comment_status":"open","ping_status":"open","sticky":false,"template":"","format":"standard","meta":{"_crdt_document":"","jetpack_post_was_ever_published":false,"_jetpack_newsletter_access":"","_jetpack_dont_email_post_to_subs":false,"_jetpack_newsletter_tier_id":0,"_jetpack_memberships_contains_paywalled_content":false,"_jetpack_memberships_contains_paid_content":false,"footnotes":"","jetpack_publicize_message":"","jetpack_publicize_feature_enabled":true,"jetpack_social_post_already_shared":true,"jetpack_social_options":{"image_generator_settings":{"template":"highway","default_image_id":0,"font":"","enabled":false},"version":2}},"categories":[1],"tags":[],"class_list":["post-483","post","type-post","status-publish","format-standard","has-post-thumbnail","hentry","category-non-classe"],"jetpack_publicize_connections":[],"jetpack_featured_media_url":"https:\/\/cdsportadapte57.fr\/wp-content\/uploads\/2019\/03\/53668344_2263053564013688_1907263408420421632_n.jpg","jetpack_sharing_enabled":true,"jetpack_shortlink":"https:\/\/wp.me\/pasBZt-7N","_links":{"self":[{"href":"https:\/\/cdsportadapte57.fr\/index.php?rest_route=\/wp\/v2\/posts\/483","targetHints":{"allow":["GET"]}}],"collection":[{"href":"https:\/\/cdsportadapte57.fr\/index.php?rest_route=\/wp\/v2\/posts"}],"about":[{"href":"https:\/\/cdsportadapte57.fr\/index.php?rest_route=\/wp\/v2\/types\/post"}],"author":[{"embeddable":true,"href":"https:\/\/cdsportadapte57.fr\/index.php?rest_route=\/wp\/v2\/users\/2"}],"replies":[{"embeddable":true,"href":"https:\/\/cdsportadapte57.fr\/index.php?rest_route=%2Fwp%2Fv2%2Fcomments&post=483"}],"version-history":[{"count":1,"href":"https:\/\/cdsportadapte57.fr\/index.php?rest_route=\/wp\/v2\/posts\/483\/revisions"}],"predecessor-version":[{"id":488,"href":"https:\/\/cdsportadapte57.fr\/index.php?rest_route=\/wp\/v2\/posts\/483\/revisions\/488"}],"wp:featuredmedia":[{"embeddable":true,"href":"https:\/\/cdsportadapte57.fr\/index.php?rest_route=\/wp\/v2\/media\/484"}],"wp:attachment":[{"href":"https:\/\/cdsportadapte57.fr\/index.php?rest_route=%2Fwp%2Fv2%2Fmedia&parent=483"}],"wp:term":[{"taxonomy":"category","embeddable":true,"href":"https:\/\/cdsportadapte57.fr\/index.php?rest_route=%2Fwp%2Fv2%2Fcategories&post=483"},{"taxonomy":"post_tag","embeddable":true,"href":"https:\/\/cdsportadapte57.fr\/index.php?rest_route=%2Fwp%2Fv2%2Ftags&post=483"}],"curies":[{"name":"wp","href":"https:\/\/api.w.org\/{rel}","templated":true}]}}