{"id":4013,"date":"2022-10-09T17:37:43","date_gmt":"2022-10-09T15:37:43","guid":{"rendered":"http:\/\/cdsportadapte57.fr\/?p=4013"},"modified":"2022-10-09T17:37:47","modified_gmt":"2022-10-09T15:37:47","slug":"coup-denvoi-a-woippy-le-29-septembre","status":"publish","type":"post","link":"https:\/\/cdsportadapte57.fr\/?p=4013","title":{"rendered":"Coup d&rsquo;envoi \u00e0 Woippy le 29 septembre."},"content":{"rendered":"\n<p class=\"wp-block-paragraph\"><\/p>\n\n\n\n<figure class=\"wp-block-image size-large\"><img loading=\"lazy\" decoding=\"async\" width=\"724\" height=\"1024\" src=\"http:\/\/cdsportadapte57.fr\/wp-content\/uploads\/2022\/10\/Affiche-FOOT-WOIPPY-page-001-724x1024.jpg\" alt=\"\" class=\"wp-image-4014\" srcset=\"https:\/\/cdsportadapte57.fr\/wp-content\/uploads\/2022\/10\/Affiche-FOOT-WOIPPY-page-001-724x1024.jpg 724w, https:\/\/cdsportadapte57.fr\/wp-content\/uploads\/2022\/10\/Affiche-FOOT-WOIPPY-page-001-212x300.jpg 212w, https:\/\/cdsportadapte57.fr\/wp-content\/uploads\/2022\/10\/Affiche-FOOT-WOIPPY-page-001-768x1086.jpg 768w, https:\/\/cdsportadapte57.fr\/wp-content\/uploads\/2022\/10\/Affiche-FOOT-WOIPPY-page-001-1086x1536.jpg 1086w, https:\/\/cdsportadapte57.fr\/wp-content\/uploads\/2022\/10\/Affiche-FOOT-WOIPPY-page-001.jpg 1240w\" sizes=\"auto, (max-width: 724px) 100vw, 724px\" \/><\/figure>\n\n\n\n<p class=\"wp-block-paragraph\">Jeudi 29 septembre nous organisions une journ\u00e9e foot  en collaboration avec le  Football Club de Woippy. Ce mois de septembre 2022 a \u00e9t\u00e9 riche en  journ\u00e9e sport adapt\u00e9 \u00e0 Woippy puisque nous \u00e9tions d\u00e9j\u00e0 pr\u00e9sents le 9 septembre pour l&rsquo;arriv\u00e9e de Laurence Callais et l&rsquo;organisation d&rsquo;une journ\u00e9e sportive inclusive pour f\u00eater cet \u00e9v\u00e9nement avec la ville de Woippy.<\/p>\n\n\n\n<p class=\"wp-block-paragraph\">Pour cette journ\u00e9e foot, une trentaine d&rsquo;usagers d&rsquo;\u00e9tablissements m\u00e9dicaux sociaux de la Moselle \u00e9taient pr\u00e9sents.<\/p>\n\n\n\n<figure class=\"wp-block-image size-large\"><img loading=\"lazy\" decoding=\"async\" width=\"767\" height=\"1024\" src=\"http:\/\/cdsportadapte57.fr\/wp-content\/uploads\/2022\/10\/308987793_398957308912792_8356833057060272204_n-767x1024.jpg\" alt=\"\" class=\"wp-image-4025\" srcset=\"https:\/\/cdsportadapte57.fr\/wp-content\/uploads\/2022\/10\/308987793_398957308912792_8356833057060272204_n-767x1024.jpg 767w, https:\/\/cdsportadapte57.fr\/wp-content\/uploads\/2022\/10\/308987793_398957308912792_8356833057060272204_n-225x300.jpg 225w, https:\/\/cdsportadapte57.fr\/wp-content\/uploads\/2022\/10\/308987793_398957308912792_8356833057060272204_n-768x1025.jpg 768w, https:\/\/cdsportadapte57.fr\/wp-content\/uploads\/2022\/10\/308987793_398957308912792_8356833057060272204_n.jpg 1124w\" sizes=\"auto, (max-width: 767px) 100vw, 767px\" \/><\/figure>\n\n\n\n<p class=\"wp-block-paragraph\">La matin, 4 ateliers \u00e9taient propos\u00e9s :<\/p>\n\n\n\n<p class=\"wp-block-paragraph\">-1 atelier foot \u00ab\u00a0chamboule-tout\u00a0\u00bb, avec des tirs.<\/p>\n\n\n\n<p class=\"wp-block-paragraph\">-1 atelier tir sur cible<\/p>\n\n\n\n<p class=\"wp-block-paragraph\">-1 atelier foot avec petits matchs<\/p>\n\n\n\n<p class=\"wp-block-paragraph\">-1 atelier ceci-foot , avec les yeux band\u00e9s .<\/p>\n\n\n\n<figure class=\"wp-block-image size-large\"><img loading=\"lazy\" decoding=\"async\" width=\"1024\" height=\"766\" src=\"http:\/\/cdsportadapte57.fr\/wp-content\/uploads\/2022\/10\/309376188_460799536022563_8695601902998923689_n-1024x766.jpg\" alt=\"\" class=\"wp-image-4024\" srcset=\"https:\/\/cdsportadapte57.fr\/wp-content\/uploads\/2022\/10\/309376188_460799536022563_8695601902998923689_n-1024x766.jpg 1024w, https:\/\/cdsportadapte57.fr\/wp-content\/uploads\/2022\/10\/309376188_460799536022563_8695601902998923689_n-300x225.jpg 300w, https:\/\/cdsportadapte57.fr\/wp-content\/uploads\/2022\/10\/309376188_460799536022563_8695601902998923689_n-768x575.jpg 768w, https:\/\/cdsportadapte57.fr\/wp-content\/uploads\/2022\/10\/309376188_460799536022563_8695601902998923689_n.jpg 1125w\" sizes=\"auto, (max-width: 1024px) 100vw, 1024px\" \/><\/figure>\n\n\n\n<figure class=\"wp-block-gallery columns-3 is-cropped wp-block-gallery-1 is-layout-flex wp-block-gallery-is-layout-flex\"><ul class=\"blocks-gallery-grid\"><li class=\"blocks-gallery-item\"><figure><img loading=\"lazy\" decoding=\"async\" width=\"1024\" height=\"766\" src=\"http:\/\/cdsportadapte57.fr\/wp-content\/uploads\/2022\/10\/308791635_810336050285741_1425495647271732420_n-1024x766.jpg\" alt=\"\" data-id=\"4021\" data-link=\"http:\/\/cdsportadapte57.fr\/?attachment_id=4021\" class=\"wp-image-4021\" srcset=\"https:\/\/cdsportadapte57.fr\/wp-content\/uploads\/2022\/10\/308791635_810336050285741_1425495647271732420_n-1024x766.jpg 1024w, https:\/\/cdsportadapte57.fr\/wp-content\/uploads\/2022\/10\/308791635_810336050285741_1425495647271732420_n-300x225.jpg 300w, https:\/\/cdsportadapte57.fr\/wp-content\/uploads\/2022\/10\/308791635_810336050285741_1425495647271732420_n-768x575.jpg 768w, https:\/\/cdsportadapte57.fr\/wp-content\/uploads\/2022\/10\/308791635_810336050285741_1425495647271732420_n.jpg 1125w\" sizes=\"auto, (max-width: 1024px) 100vw, 1024px\" \/><\/figure><\/li><li class=\"blocks-gallery-item\"><figure><img loading=\"lazy\" decoding=\"async\" width=\"1024\" height=\"766\" src=\"http:\/\/cdsportadapte57.fr\/wp-content\/uploads\/2022\/10\/307378477_2852893408188533_2796647753654875446_n-1024x766.jpg\" alt=\"\" data-id=\"4022\" data-link=\"http:\/\/cdsportadapte57.fr\/?attachment_id=4022\" class=\"wp-image-4022\" srcset=\"https:\/\/cdsportadapte57.fr\/wp-content\/uploads\/2022\/10\/307378477_2852893408188533_2796647753654875446_n-1024x766.jpg 1024w, https:\/\/cdsportadapte57.fr\/wp-content\/uploads\/2022\/10\/307378477_2852893408188533_2796647753654875446_n-300x225.jpg 300w, https:\/\/cdsportadapte57.fr\/wp-content\/uploads\/2022\/10\/307378477_2852893408188533_2796647753654875446_n-768x575.jpg 768w, https:\/\/cdsportadapte57.fr\/wp-content\/uploads\/2022\/10\/307378477_2852893408188533_2796647753654875446_n.jpg 1125w\" sizes=\"auto, (max-width: 1024px) 100vw, 1024px\" \/><\/figure><\/li><li class=\"blocks-gallery-item\"><figure><img loading=\"lazy\" decoding=\"async\" width=\"1024\" height=\"766\" src=\"http:\/\/cdsportadapte57.fr\/wp-content\/uploads\/2022\/10\/308959705_858532235136055_6320158837012557486_n-1024x766.jpg\" alt=\"\" data-id=\"4023\" data-full-url=\"http:\/\/cdsportadapte57.fr\/wp-content\/uploads\/2022\/10\/308959705_858532235136055_6320158837012557486_n.jpg\" data-link=\"http:\/\/cdsportadapte57.fr\/?attachment_id=4023\" class=\"wp-image-4023\" srcset=\"https:\/\/cdsportadapte57.fr\/wp-content\/uploads\/2022\/10\/308959705_858532235136055_6320158837012557486_n-1024x766.jpg 1024w, https:\/\/cdsportadapte57.fr\/wp-content\/uploads\/2022\/10\/308959705_858532235136055_6320158837012557486_n-300x225.jpg 300w, https:\/\/cdsportadapte57.fr\/wp-content\/uploads\/2022\/10\/308959705_858532235136055_6320158837012557486_n-768x575.jpg 768w, https:\/\/cdsportadapte57.fr\/wp-content\/uploads\/2022\/10\/308959705_858532235136055_6320158837012557486_n.jpg 1125w\" sizes=\"auto, (max-width: 1024px) 100vw, 1024px\" \/><\/figure><\/li><\/ul><\/figure>\n\n\n\n<p class=\"wp-block-paragraph\">L&rsquo;apr\u00e8s-midi, une comp\u00e9tition foot en marchant avec 6 \u00e9quipes avec bien entendu, une \u00e9quipe gagnante.<\/p>\n\n\n\n<p class=\"wp-block-paragraph\">Comme d&rsquo;habitude, la journ\u00e9e s&rsquo;est termin\u00e9e avec distribution du dipl\u00f4me, des m\u00e9dailles et de &#8230;..bonbons.<\/p>\n\n\n\n<p class=\"wp-block-paragraph\"> Monsieur Mathieu Hucker, adjoint au maire en charge des Sports, s\u2019est rendu au stade du Patis pour assister \u00e0 cette belle journ\u00e9e et se f\u00e9licite de voir le FC Woippy se rapprocher du Sport Adapt\u00e9 et d&rsquo;offrir la possibilit\u00e9 pour tous de pratiquer le foot.<\/p>\n\n\n\n<p class=\"wp-block-paragraph\">Le Pr\u00e9sident du FC Woippy , Monsieur Jean Saumard \u00e9tait \u00e9galement pr\u00e9sent. Le FC Woippy \u00e9tait \u00e9galement pr\u00e9sent lors de notre journ\u00e9e multisports du 9 septembre ainsi que les b\u00e9n\u00e9voles du Club.<\/p>\n\n\n\n<p class=\"wp-block-paragraph\"><\/p>\n\n\n\n<p class=\"wp-block-paragraph\"> <\/p>\n\n\n\n<figure class=\"wp-block-gallery columns-3 is-cropped wp-block-gallery-2 is-layout-flex wp-block-gallery-is-layout-flex\"><ul class=\"blocks-gallery-grid\"><li class=\"blocks-gallery-item\"><figure><img loading=\"lazy\" decoding=\"async\" width=\"1024\" height=\"683\" src=\"http:\/\/cdsportadapte57.fr\/wp-content\/uploads\/2022\/10\/W1-1024x683.jpg\" alt=\"\" data-id=\"4016\" data-link=\"http:\/\/cdsportadapte57.fr\/?attachment_id=4016\" class=\"wp-image-4016\" srcset=\"https:\/\/cdsportadapte57.fr\/wp-content\/uploads\/2022\/10\/W1-1024x683.jpg 1024w, https:\/\/cdsportadapte57.fr\/wp-content\/uploads\/2022\/10\/W1-300x200.jpg 300w, https:\/\/cdsportadapte57.fr\/wp-content\/uploads\/2022\/10\/W1-768x512.jpg 768w, https:\/\/cdsportadapte57.fr\/wp-content\/uploads\/2022\/10\/W1-1536x1024.jpg 1536w, https:\/\/cdsportadapte57.fr\/wp-content\/uploads\/2022\/10\/W1.jpg 2048w\" sizes=\"auto, (max-width: 1024px) 100vw, 1024px\" \/><\/figure><\/li><li class=\"blocks-gallery-item\"><figure><img loading=\"lazy\" decoding=\"async\" width=\"683\" height=\"1024\" src=\"http:\/\/cdsportadapte57.fr\/wp-content\/uploads\/2022\/10\/W2-683x1024.jpg\" alt=\"\" data-id=\"4017\" data-link=\"http:\/\/cdsportadapte57.fr\/?attachment_id=4017\" class=\"wp-image-4017\" srcset=\"https:\/\/cdsportadapte57.fr\/wp-content\/uploads\/2022\/10\/W2-683x1024.jpg 683w, https:\/\/cdsportadapte57.fr\/wp-content\/uploads\/2022\/10\/W2-200x300.jpg 200w, https:\/\/cdsportadapte57.fr\/wp-content\/uploads\/2022\/10\/W2-768x1152.jpg 768w, https:\/\/cdsportadapte57.fr\/wp-content\/uploads\/2022\/10\/W2-1024x1536.jpg 1024w, https:\/\/cdsportadapte57.fr\/wp-content\/uploads\/2022\/10\/W2.jpg 1365w\" sizes=\"auto, (max-width: 683px) 100vw, 683px\" \/><\/figure><\/li><li class=\"blocks-gallery-item\"><figure><img loading=\"lazy\" decoding=\"async\" width=\"1024\" height=\"683\" src=\"http:\/\/cdsportadapte57.fr\/wp-content\/uploads\/2022\/10\/W4-1024x683.jpg\" alt=\"\" data-id=\"4019\" data-link=\"http:\/\/cdsportadapte57.fr\/?attachment_id=4019\" class=\"wp-image-4019\" srcset=\"https:\/\/cdsportadapte57.fr\/wp-content\/uploads\/2022\/10\/W4-1024x683.jpg 1024w, https:\/\/cdsportadapte57.fr\/wp-content\/uploads\/2022\/10\/W4-300x200.jpg 300w, https:\/\/cdsportadapte57.fr\/wp-content\/uploads\/2022\/10\/W4-768x512.jpg 768w, https:\/\/cdsportadapte57.fr\/wp-content\/uploads\/2022\/10\/W4-1536x1024.jpg 1536w, https:\/\/cdsportadapte57.fr\/wp-content\/uploads\/2022\/10\/W4.jpg 2048w\" sizes=\"auto, (max-width: 1024px) 100vw, 1024px\" \/><\/figure><\/li><li class=\"blocks-gallery-item\"><figure><img loading=\"lazy\" decoding=\"async\" width=\"1024\" height=\"683\" src=\"http:\/\/cdsportadapte57.fr\/wp-content\/uploads\/2022\/10\/W5-1024x683.jpg\" alt=\"\" data-id=\"4020\" data-full-url=\"http:\/\/cdsportadapte57.fr\/wp-content\/uploads\/2022\/10\/W5.jpg\" data-link=\"http:\/\/cdsportadapte57.fr\/?attachment_id=4020\" class=\"wp-image-4020\" srcset=\"https:\/\/cdsportadapte57.fr\/wp-content\/uploads\/2022\/10\/W5-1024x683.jpg 1024w, https:\/\/cdsportadapte57.fr\/wp-content\/uploads\/2022\/10\/W5-300x200.jpg 300w, https:\/\/cdsportadapte57.fr\/wp-content\/uploads\/2022\/10\/W5-768x512.jpg 768w, https:\/\/cdsportadapte57.fr\/wp-content\/uploads\/2022\/10\/W5-1536x1024.jpg 1536w, https:\/\/cdsportadapte57.fr\/wp-content\/uploads\/2022\/10\/W5.jpg 2048w\" sizes=\"auto, (max-width: 1024px) 100vw, 1024px\" \/><figcaption class=\"blocks-gallery-item__caption\">Mathieu Hucker, Sarah, Jean Saumard<\/figcaption><\/figure><\/li><\/ul><\/figure>\n","protected":false},"excerpt":{"rendered":"<p>Jeudi 29 septembre nous organisions une journ\u00e9e foot en collaboration avec le Football Club de Woippy. Ce mois de septembre 2022 a \u00e9t\u00e9 riche en journ\u00e9e sport adapt\u00e9 \u00e0 Woippy&hellip; <\/p>\n","protected":false},"author":16,"featured_media":4024,"comment_status":"open","ping_status":"open","sticky":false,"template":"","format":"standard","meta":{"_crdt_document":"","jetpack_post_was_ever_published":false,"_jetpack_newsletter_access":"","_jetpack_dont_email_post_to_subs":false,"_jetpack_newsletter_tier_id":0,"_jetpack_memberships_contains_paywalled_content":false,"_jetpack_memberships_contains_paid_content":false,"footnotes":"","jetpack_publicize_message":"","jetpack_publicize_feature_enabled":true,"jetpack_social_post_already_shared":true,"jetpack_social_options":{"image_generator_settings":{"template":"highway","default_image_id":0,"font":"","enabled":false},"version":2}},"categories":[6],"tags":[239,175],"class_list":["post-4013","post","type-post","status-publish","format-standard","has-post-thumbnail","hentry","category-nos-manifestations","tag-fc-woippy","tag-woippy"],"jetpack_publicize_connections":[],"jetpack_featured_media_url":"https:\/\/cdsportadapte57.fr\/wp-content\/uploads\/2022\/10\/309376188_460799536022563_8695601902998923689_n.jpg","jetpack_sharing_enabled":true,"jetpack_shortlink":"https:\/\/wp.me\/pasBZt-12J","_links":{"self":[{"href":"https:\/\/cdsportadapte57.fr\/index.php?rest_route=\/wp\/v2\/posts\/4013","targetHints":{"allow":["GET"]}}],"collection":[{"href":"https:\/\/cdsportadapte57.fr\/index.php?rest_route=\/wp\/v2\/posts"}],"about":[{"href":"https:\/\/cdsportadapte57.fr\/index.php?rest_route=\/wp\/v2\/types\/post"}],"author":[{"embeddable":true,"href":"https:\/\/cdsportadapte57.fr\/index.php?rest_route=\/wp\/v2\/users\/16"}],"replies":[{"embeddable":true,"href":"https:\/\/cdsportadapte57.fr\/index.php?rest_route=%2Fwp%2Fv2%2Fcomments&post=4013"}],"version-history":[{"count":2,"href":"https:\/\/cdsportadapte57.fr\/index.php?rest_route=\/wp\/v2\/posts\/4013\/revisions"}],"predecessor-version":[{"id":4026,"href":"https:\/\/cdsportadapte57.fr\/index.php?rest_route=\/wp\/v2\/posts\/4013\/revisions\/4026"}],"wp:featuredmedia":[{"embeddable":true,"href":"https:\/\/cdsportadapte57.fr\/index.php?rest_route=\/wp\/v2\/media\/4024"}],"wp:attachment":[{"href":"https:\/\/cdsportadapte57.fr\/index.php?rest_route=%2Fwp%2Fv2%2Fmedia&parent=4013"}],"wp:term":[{"taxonomy":"category","embeddable":true,"href":"https:\/\/cdsportadapte57.fr\/index.php?rest_route=%2Fwp%2Fv2%2Fcategories&post=4013"},{"taxonomy":"post_tag","embeddable":true,"href":"https:\/\/cdsportadapte57.fr\/index.php?rest_route=%2Fwp%2Fv2%2Ftags&post=4013"}],"curies":[{"name":"wp","href":"https:\/\/api.w.org\/{rel}","templated":true}]}}