{"id":3902,"date":"2022-09-09T06:40:19","date_gmt":"2022-09-09T04:40:19","guid":{"rendered":"http:\/\/cdsportadapte57.fr\/?p=3902"},"modified":"2022-09-09T06:40:23","modified_gmt":"2022-09-09T04:40:23","slug":"laurence-callais-en-direct-a-woippy-a-13-heures","status":"publish","type":"post","link":"https:\/\/cdsportadapte57.fr\/?p=3902","title":{"rendered":"Laurence Callais en direct \u00e0 Woippy \u00e0 13 heures"},"content":{"rendered":"\n<p class=\"wp-block-paragraph\">Tous les jours, \u00e0 13 heures, Laurence Callais intervient en direct sur sa page facebook <a href=\"https:\/\/www.facebook.com\/Mon-p%C3%A9riple-%C3%A0-v%C3%A9lo-178167169667112\">Mon p\u00e9riple \u00e0 v\u00e9lo<\/a>  pour raconter son \u00e9tape, ses rencontres et partager les informations du jour.<\/p>\n\n\n\n<p class=\"wp-block-paragraph\">Ce Vendredi 9 septembre, \u00e0 13 heures, elle sera en direct de Woippy, avec nous. C&rsquo;est son avant derni\u00e8re \u00e9tape et vous pourrez ainsi suivre son intervention en direct.<\/p>\n\n\n\n<p class=\"wp-block-paragraph\">A 13 heures, c&rsquo;est ici que cela se passe .  <a href=\"https:\/\/www.facebook.com\/Mon-p%C3%A9riple-%C3%A0-v%C3%A9lo-178167169667112\">Mon p\u00e9riple \u00e0 v\u00e9lo | Facebook<\/a> <\/p>\n","protected":false},"excerpt":{"rendered":"<p>Tous les jours, \u00e0 13 heures, Laurence Callais intervient en direct sur sa page facebook Mon p\u00e9riple \u00e0 v\u00e9lo pour raconter son \u00e9tape, ses rencontres et partager les informations du&hellip; <\/p>\n","protected":false},"author":16,"featured_media":0,"comment_status":"open","ping_status":"open","sticky":false,"template":"","format":"standard","meta":{"_crdt_document":"","jetpack_post_was_ever_published":false,"_jetpack_newsletter_access":"","_jetpack_dont_email_post_to_subs":false,"_jetpack_newsletter_tier_id":0,"_jetpack_memberships_contains_paywalled_content":false,"_jetpack_memberships_contains_paid_content":false,"footnotes":"","jetpack_publicize_message":"","jetpack_publicize_feature_enabled":true,"jetpack_social_post_already_shared":true,"jetpack_social_options":{"image_generator_settings":{"template":"highway","default_image_id":0,"font":"","enabled":false},"version":2}},"categories":[1],"tags":[],"class_list":["post-3902","post","type-post","status-publish","format-standard","hentry","category-non-classe"],"jetpack_publicize_connections":[],"jetpack_featured_media_url":"","jetpack_sharing_enabled":true,"jetpack_shortlink":"https:\/\/wp.me\/pasBZt-10W","_links":{"self":[{"href":"https:\/\/cdsportadapte57.fr\/index.php?rest_route=\/wp\/v2\/posts\/3902","targetHints":{"allow":["GET"]}}],"collection":[{"href":"https:\/\/cdsportadapte57.fr\/index.php?rest_route=\/wp\/v2\/posts"}],"about":[{"href":"https:\/\/cdsportadapte57.fr\/index.php?rest_route=\/wp\/v2\/types\/post"}],"author":[{"embeddable":true,"href":"https:\/\/cdsportadapte57.fr\/index.php?rest_route=\/wp\/v2\/users\/16"}],"replies":[{"embeddable":true,"href":"https:\/\/cdsportadapte57.fr\/index.php?rest_route=%2Fwp%2Fv2%2Fcomments&post=3902"}],"version-history":[{"count":4,"href":"https:\/\/cdsportadapte57.fr\/index.php?rest_route=\/wp\/v2\/posts\/3902\/revisions"}],"predecessor-version":[{"id":3915,"href":"https:\/\/cdsportadapte57.fr\/index.php?rest_route=\/wp\/v2\/posts\/3902\/revisions\/3915"}],"wp:attachment":[{"href":"https:\/\/cdsportadapte57.fr\/index.php?rest_route=%2Fwp%2Fv2%2Fmedia&parent=3902"}],"wp:term":[{"taxonomy":"category","embeddable":true,"href":"https:\/\/cdsportadapte57.fr\/index.php?rest_route=%2Fwp%2Fv2%2Fcategories&post=3902"},{"taxonomy":"post_tag","embeddable":true,"href":"https:\/\/cdsportadapte57.fr\/index.php?rest_route=%2Fwp%2Fv2%2Ftags&post=3902"}],"curies":[{"name":"wp","href":"https:\/\/api.w.org\/{rel}","templated":true}]}}