{"id":3890,"date":"2022-09-08T14:06:04","date_gmt":"2022-09-08T12:06:04","guid":{"rendered":"http:\/\/cdsportadapte57.fr\/?p=3890"},"modified":"2022-09-08T14:06:08","modified_gmt":"2022-09-08T12:06:08","slug":"arrivee-de-laurence-callais-le-9-septembre-a-woippy","status":"publish","type":"post","link":"https:\/\/cdsportadapte57.fr\/?p=3890","title":{"rendered":"Arriv\u00e9e de Laurence Callais le 9 septembre \u00e0 Woippy"},"content":{"rendered":"\n<p class=\"wp-block-paragraph\"><\/p>\n\n\n\n<p class=\"wp-block-paragraph\">Au d\u00e9part du\nGrand Est, sur la p\u00e9riode du 29 juin au 10 septembre 2022, la mosellane\nLaurence Callais a entrepris de faire un tour de France \u00e0 v\u00e9lo. <\/p>\n\n\n\n<p class=\"wp-block-paragraph\">Pour les\n4400 kilom\u00e8tres et 57 \u00e9tapes de son p\u00e9riple, cette cyclotouriste, adepte des\ngrandes randonn\u00e9es a emprunt\u00e9 les v\u00e9lo-routes et voies vertes. <\/p>\n\n\n\n<figure class=\"wp-block-image size-large\"><img loading=\"lazy\" decoding=\"async\" width=\"724\" height=\"1024\" src=\"http:\/\/cdsportadapte57.fr\/wp-content\/uploads\/2022\/09\/Affiche-Laurence-2-2-page-001-724x1024.jpg\" alt=\"\" class=\"wp-image-3896\" srcset=\"https:\/\/cdsportadapte57.fr\/wp-content\/uploads\/2022\/09\/Affiche-Laurence-2-2-page-001-724x1024.jpg 724w, https:\/\/cdsportadapte57.fr\/wp-content\/uploads\/2022\/09\/Affiche-Laurence-2-2-page-001-212x300.jpg 212w, https:\/\/cdsportadapte57.fr\/wp-content\/uploads\/2022\/09\/Affiche-Laurence-2-2-page-001-768x1086.jpg 768w, https:\/\/cdsportadapte57.fr\/wp-content\/uploads\/2022\/09\/Affiche-Laurence-2-2-page-001-1086x1536.jpg 1086w, https:\/\/cdsportadapte57.fr\/wp-content\/uploads\/2022\/09\/Affiche-Laurence-2-2-page-001.jpg 1240w\" sizes=\"auto, (max-width: 724px) 100vw, 724px\" \/><\/figure>\n\n\n\n<p class=\"wp-block-paragraph\">L\u2019objectif\nde ce parcours : <\/p>\n\n\n\n<p class=\"wp-block-paragraph\">&#8211; sensibiliser le public sur les personnes atteintes du\nsyndrome de PRADER-WILLI<\/p>\n\n\n\n<p class=\"wp-block-paragraph\">&#8211; r\u00e9colter des fonds \u00e0 destination de l&rsquo;<a href=\"https:\/\/www.prader-willi.fr\/\">association Prader-Willi<\/a><\/p>\n\n\n\n<p class=\"wp-block-paragraph\">Son message,\n\u00ab&nbsp;Bouger, c\u2019est vivre&nbsp;\u00bb est destin\u00e9 \u00e0 promouvoir l\u2019activit\u00e9 physique\nsous toutes ses formes. <\/p>\n\n\n\n<p class=\"wp-block-paragraph\">Il est donc apparu tout \u00e0 fait naturel au <strong>Comit\u00e9 D\u00e9partemental Sport Adapt\u00e9 de Moselle<\/strong>, en partenariat avec la <strong>Ville de Woippy<\/strong>, de participer et soutenir cette magnifique action et donc, d\u2019accueillir Laurence Callais le vendredi 9 septembre  en invitant les \u00e9coles de Woippy et les \u00e9tablissements accueillant des personnes en situation de handicap cognitif, mental et psychique. <\/p>\n\n\n\n<p class=\"wp-block-paragraph\">Le Comit\u00e9\nD\u00e9partemental Olympique et Sportif de Moselle, plusieurs comit\u00e9s d\u00e9partementaux\net clubs de diverses disciplines de Woippy et des communes proches nous\naccompagnent pour cette journ\u00e9e sportive et inclusive organis\u00e9e au Cosec de\nWoippy.<\/p>\n\n\n\n<p class=\"wp-block-paragraph\">Divers ateliers\nsportifs et ludiques regrouperont des classes de primaire, de coll\u00e8ge et Ulis\nde Woippy ainsi que des \u00e9tablissements accueillant des personnes en situation\nde handicap cognitif, mental et psychique. <\/p>\n\n\n\n<p class=\"wp-block-paragraph\"> L&rsquo;occasion pour tous de pratiquer des activit\u00e9s et de bouger \u00ab&nbsp;<strong>ensemble&nbsp;\u00bb<\/strong> dans le but de partager une vision diff\u00e9rente du vivre ensemble et accepter l\u2019autre dans sa diff\u00e9rence.<\/p>\n\n\n\n<p class=\"wp-block-paragraph\">En amont les\nenfants ont \u00e9t\u00e9 sensibilis\u00e9s \u00e0 la maladie de Prader-Willy et pr\u00e9par\u00e9s \u00e0 cette\njourn\u00e9e.<\/p>\n\n\n\n<p class=\"wp-block-paragraph\">Le Comit\u00e9\nD\u00e9partemental Sport Adapt\u00e9 Moselle remercie de leur soutien et\nparticipation&nbsp;: <\/p>\n\n\n\n<ul class=\"wp-block-list\"><li>la\nVille de Woippy, son Conseil Municipal, ses divers services sans lequels cette\njourn\u00e9e n\u2019aurait pu avoir lieu.<\/li><li>l&rsquo;implication\ndes Ecoles Pierre et Marie Curie, Verlaine ,des Coll\u00e8ges Mendes France et Jules\nFerry, des classes Ulis de Woippy (Directeurs et enseignants)<\/li><li>la\nConseill\u00e8re p\u00e9dagogique du secteur de Metz Nord pour son extraordinaire\nimplication <\/li><\/ul>\n\n\n\n<p class=\"wp-block-paragraph\">sans oublier bien s\u00fbr<\/p>\n\n\n\n<ul class=\"wp-block-list\"><li>le Comit\u00e9 D\u00e9partemental Olympique et Sportif de Moselle, les Comit\u00e9s D\u00e9partementaux sportifs  de basket, volley et judo ainsi que les clubs sportifs:  Football Club Woippy, Arc Club de Montigny les Metz, Olympique Maizi\u00e8res l\u00e8s Metz Lutte , Tennis de Table Moulins-les-Metz Handisport ainsi que Pierre de Stimulactiv et son robot compagnon Lupix. D&rsquo;ores et d\u00e9j\u00e0 nous les remercions tous pour leur pr\u00e9sence, leur implication, leur soutien et pour toute l&rsquo;\u00e9nergie d\u00e9ploy\u00e9e pour que cette journ\u00e9e soit possible. <\/li><\/ul>\n\n\n\n<p class=\"has-text-align-center wp-block-paragraph\"><strong>Le dossier de Laurence Callais<\/strong><\/p>\n\n\n\n<figure class=\"wp-block-image size-large\"><img loading=\"lazy\" decoding=\"async\" width=\"724\" height=\"1024\" src=\"http:\/\/cdsportadapte57.fr\/wp-content\/uploads\/2022\/09\/Dossier-presentation-light-1-6-page-001-1-724x1024.jpg\" alt=\"\" class=\"wp-image-3905\" srcset=\"https:\/\/cdsportadapte57.fr\/wp-content\/uploads\/2022\/09\/Dossier-presentation-light-1-6-page-001-1-724x1024.jpg 724w, https:\/\/cdsportadapte57.fr\/wp-content\/uploads\/2022\/09\/Dossier-presentation-light-1-6-page-001-1-212x300.jpg 212w, https:\/\/cdsportadapte57.fr\/wp-content\/uploads\/2022\/09\/Dossier-presentation-light-1-6-page-001-1-768x1086.jpg 768w, https:\/\/cdsportadapte57.fr\/wp-content\/uploads\/2022\/09\/Dossier-presentation-light-1-6-page-001-1-1086x1536.jpg 1086w, https:\/\/cdsportadapte57.fr\/wp-content\/uploads\/2022\/09\/Dossier-presentation-light-1-6-page-001-1.jpg 1240w\" sizes=\"auto, (max-width: 724px) 100vw, 724px\" \/><\/figure>\n\n\n\n<figure class=\"wp-block-image size-large\"><img loading=\"lazy\" decoding=\"async\" width=\"724\" height=\"1024\" src=\"http:\/\/cdsportadapte57.fr\/wp-content\/uploads\/2022\/09\/Dossier-presentation-light-1-6-page-002-724x1024.jpg\" alt=\"\" class=\"wp-image-3906\" srcset=\"https:\/\/cdsportadapte57.fr\/wp-content\/uploads\/2022\/09\/Dossier-presentation-light-1-6-page-002-724x1024.jpg 724w, https:\/\/cdsportadapte57.fr\/wp-content\/uploads\/2022\/09\/Dossier-presentation-light-1-6-page-002-212x300.jpg 212w, https:\/\/cdsportadapte57.fr\/wp-content\/uploads\/2022\/09\/Dossier-presentation-light-1-6-page-002-768x1086.jpg 768w, https:\/\/cdsportadapte57.fr\/wp-content\/uploads\/2022\/09\/Dossier-presentation-light-1-6-page-002-1086x1536.jpg 1086w, https:\/\/cdsportadapte57.fr\/wp-content\/uploads\/2022\/09\/Dossier-presentation-light-1-6-page-002.jpg 1240w\" sizes=\"auto, (max-width: 724px) 100vw, 724px\" \/><\/figure>\n\n\n\n<figure class=\"wp-block-image size-large\"><img loading=\"lazy\" decoding=\"async\" width=\"724\" height=\"1024\" src=\"http:\/\/cdsportadapte57.fr\/wp-content\/uploads\/2022\/09\/Dossier-presentation-light-1-6-page-003-724x1024.jpg\" alt=\"\" class=\"wp-image-3907\" srcset=\"https:\/\/cdsportadapte57.fr\/wp-content\/uploads\/2022\/09\/Dossier-presentation-light-1-6-page-003-724x1024.jpg 724w, https:\/\/cdsportadapte57.fr\/wp-content\/uploads\/2022\/09\/Dossier-presentation-light-1-6-page-003-212x300.jpg 212w, https:\/\/cdsportadapte57.fr\/wp-content\/uploads\/2022\/09\/Dossier-presentation-light-1-6-page-003-768x1086.jpg 768w, https:\/\/cdsportadapte57.fr\/wp-content\/uploads\/2022\/09\/Dossier-presentation-light-1-6-page-003-1086x1536.jpg 1086w, https:\/\/cdsportadapte57.fr\/wp-content\/uploads\/2022\/09\/Dossier-presentation-light-1-6-page-003.jpg 1240w\" sizes=\"auto, (max-width: 724px) 100vw, 724px\" \/><\/figure>\n\n\n\n<figure class=\"wp-block-image size-large\"><img loading=\"lazy\" decoding=\"async\" width=\"724\" height=\"1024\" src=\"http:\/\/cdsportadapte57.fr\/wp-content\/uploads\/2022\/09\/Dossier-presentation-light-1-6-page-004-724x1024.jpg\" alt=\"\" class=\"wp-image-3908\" srcset=\"https:\/\/cdsportadapte57.fr\/wp-content\/uploads\/2022\/09\/Dossier-presentation-light-1-6-page-004-724x1024.jpg 724w, https:\/\/cdsportadapte57.fr\/wp-content\/uploads\/2022\/09\/Dossier-presentation-light-1-6-page-004-212x300.jpg 212w, https:\/\/cdsportadapte57.fr\/wp-content\/uploads\/2022\/09\/Dossier-presentation-light-1-6-page-004-768x1086.jpg 768w, https:\/\/cdsportadapte57.fr\/wp-content\/uploads\/2022\/09\/Dossier-presentation-light-1-6-page-004-1086x1536.jpg 1086w, https:\/\/cdsportadapte57.fr\/wp-content\/uploads\/2022\/09\/Dossier-presentation-light-1-6-page-004.jpg 1240w\" sizes=\"auto, (max-width: 724px) 100vw, 724px\" \/><\/figure>\n\n\n\n<figure class=\"wp-block-image size-large\"><img loading=\"lazy\" decoding=\"async\" width=\"724\" height=\"1024\" src=\"http:\/\/cdsportadapte57.fr\/wp-content\/uploads\/2022\/09\/Dossier-presentation-light-1-6-page-005-724x1024.jpg\" alt=\"\" class=\"wp-image-3909\" srcset=\"https:\/\/cdsportadapte57.fr\/wp-content\/uploads\/2022\/09\/Dossier-presentation-light-1-6-page-005-724x1024.jpg 724w, https:\/\/cdsportadapte57.fr\/wp-content\/uploads\/2022\/09\/Dossier-presentation-light-1-6-page-005-212x300.jpg 212w, https:\/\/cdsportadapte57.fr\/wp-content\/uploads\/2022\/09\/Dossier-presentation-light-1-6-page-005-768x1086.jpg 768w, https:\/\/cdsportadapte57.fr\/wp-content\/uploads\/2022\/09\/Dossier-presentation-light-1-6-page-005-1086x1536.jpg 1086w, https:\/\/cdsportadapte57.fr\/wp-content\/uploads\/2022\/09\/Dossier-presentation-light-1-6-page-005.jpg 1240w\" sizes=\"auto, (max-width: 724px) 100vw, 724px\" \/><\/figure>\n\n\n\n<figure class=\"wp-block-image size-large\"><img loading=\"lazy\" decoding=\"async\" width=\"724\" height=\"1024\" src=\"http:\/\/cdsportadapte57.fr\/wp-content\/uploads\/2022\/09\/Dossier-presentation-light-1-6-page-006-724x1024.jpg\" alt=\"\" class=\"wp-image-3910\" srcset=\"https:\/\/cdsportadapte57.fr\/wp-content\/uploads\/2022\/09\/Dossier-presentation-light-1-6-page-006-724x1024.jpg 724w, https:\/\/cdsportadapte57.fr\/wp-content\/uploads\/2022\/09\/Dossier-presentation-light-1-6-page-006-212x300.jpg 212w, https:\/\/cdsportadapte57.fr\/wp-content\/uploads\/2022\/09\/Dossier-presentation-light-1-6-page-006-768x1086.jpg 768w, https:\/\/cdsportadapte57.fr\/wp-content\/uploads\/2022\/09\/Dossier-presentation-light-1-6-page-006-1086x1536.jpg 1086w, https:\/\/cdsportadapte57.fr\/wp-content\/uploads\/2022\/09\/Dossier-presentation-light-1-6-page-006.jpg 1240w\" sizes=\"auto, (max-width: 724px) 100vw, 724px\" \/><\/figure>\n","protected":false},"excerpt":{"rendered":"<p>Au d\u00e9part du Grand Est, sur la p\u00e9riode du 29 juin au 10 septembre 2022, la mosellane Laurence Callais a entrepris de faire un tour de France \u00e0 v\u00e9lo. Pour&hellip; <\/p>\n","protected":false},"author":16,"featured_media":3897,"comment_status":"open","ping_status":"open","sticky":false,"template":"","format":"standard","meta":{"_crdt_document":"","jetpack_post_was_ever_published":false,"_jetpack_newsletter_access":"","_jetpack_dont_email_post_to_subs":false,"_jetpack_newsletter_tier_id":0,"_jetpack_memberships_contains_paywalled_content":false,"_jetpack_memberships_contains_paid_content":false,"footnotes":"","jetpack_publicize_message":"","jetpack_publicize_feature_enabled":true,"jetpack_social_post_already_shared":true,"jetpack_social_options":{"image_generator_settings":{"template":"highway","default_image_id":0,"font":"","enabled":false},"version":2}},"categories":[1,6],"tags":[237,235,122,236,72,13,175],"class_list":["post-3890","post","type-post","status-publish","format-standard","has-post-thumbnail","hentry","category-non-classe","category-nos-manifestations","tag-inclusion","tag-laurence-callais","tag-moselle","tag-prader-willi","tag-sport","tag-sport-adapte","tag-woippy"],"jetpack_publicize_connections":[],"jetpack_featured_media_url":"https:\/\/cdsportadapte57.fr\/wp-content\/uploads\/2022\/09\/Affiche-Laurence-2-2-page-001-1.jpg","jetpack_sharing_enabled":true,"jetpack_shortlink":"https:\/\/wp.me\/pasBZt-10K","_links":{"self":[{"href":"https:\/\/cdsportadapte57.fr\/index.php?rest_route=\/wp\/v2\/posts\/3890","targetHints":{"allow":["GET"]}}],"collection":[{"href":"https:\/\/cdsportadapte57.fr\/index.php?rest_route=\/wp\/v2\/posts"}],"about":[{"href":"https:\/\/cdsportadapte57.fr\/index.php?rest_route=\/wp\/v2\/types\/post"}],"author":[{"embeddable":true,"href":"https:\/\/cdsportadapte57.fr\/index.php?rest_route=\/wp\/v2\/users\/16"}],"replies":[{"embeddable":true,"href":"https:\/\/cdsportadapte57.fr\/index.php?rest_route=%2Fwp%2Fv2%2Fcomments&post=3890"}],"version-history":[{"count":11,"href":"https:\/\/cdsportadapte57.fr\/index.php?rest_route=\/wp\/v2\/posts\/3890\/revisions"}],"predecessor-version":[{"id":3913,"href":"https:\/\/cdsportadapte57.fr\/index.php?rest_route=\/wp\/v2\/posts\/3890\/revisions\/3913"}],"wp:featuredmedia":[{"embeddable":true,"href":"https:\/\/cdsportadapte57.fr\/index.php?rest_route=\/wp\/v2\/media\/3897"}],"wp:attachment":[{"href":"https:\/\/cdsportadapte57.fr\/index.php?rest_route=%2Fwp%2Fv2%2Fmedia&parent=3890"}],"wp:term":[{"taxonomy":"category","embeddable":true,"href":"https:\/\/cdsportadapte57.fr\/index.php?rest_route=%2Fwp%2Fv2%2Fcategories&post=3890"},{"taxonomy":"post_tag","embeddable":true,"href":"https:\/\/cdsportadapte57.fr\/index.php?rest_route=%2Fwp%2Fv2%2Ftags&post=3890"}],"curies":[{"name":"wp","href":"https:\/\/api.w.org\/{rel}","templated":true}]}}