{"id":3779,"date":"2022-06-17T15:24:18","date_gmt":"2022-06-17T13:24:18","guid":{"rendered":"http:\/\/cdsportadapte57.fr\/?p=3779"},"modified":"2022-06-17T15:24:22","modified_gmt":"2022-06-17T13:24:22","slug":"marche-a-pied-avec-nous-le-30-juin-a-creutzwald","status":"publish","type":"post","link":"https:\/\/cdsportadapte57.fr\/?p=3779","title":{"rendered":"Marche \u00e0 pied avec nous le 30 juin \u00e0 Creutzwald !"},"content":{"rendered":"\n<p class=\"wp-block-paragraph\"><strong>La prochaine manifestation du Comit\u00e9 D\u00e9partemental Sport Adapt\u00e9 de Moselle en collaboration avec le Comit\u00e9 D\u00e9partemental de Randonn\u00e9e de Moselle, aura lieu le jeudi 30 juin 2022 de 9h30 \u00e0 15h30 \u00e0 Creutzwald, salle socioculturelle du si\u00e8ge 1, 3 rue de la ligne 9, 57150 Creutzwald.&nbsp;Que dites-vous d&rsquo;une bonne rando dans le pays haut ?Allez, c&rsquo;est parti, on se motive ! On enfile ses chaussures et on fonce en randonn\u00e9e pour bien rigoler et bien marcher !<br>&nbsp; &nbsp; &nbsp; &nbsp; &nbsp; &nbsp; &nbsp; &nbsp; &nbsp; &nbsp; &nbsp; &nbsp; &nbsp; &nbsp; &nbsp; &nbsp; &nbsp; &nbsp; &nbsp; &nbsp; &nbsp; &nbsp; &nbsp; &nbsp; &nbsp; \ud83d\udc5f\ud83d\udc5f\ud83d\udc5f&nbsp; &nbsp;&nbsp;Marche \u00e0 pied !&nbsp;\ud83d\udc5f\ud83d\udc5f<\/strong><\/p>\n\n\n\n<figure class=\"wp-block-image size-large\"><img loading=\"lazy\" decoding=\"async\" width=\"724\" height=\"1024\" src=\"http:\/\/cdsportadapte57.fr\/wp-content\/uploads\/2022\/06\/Affiche-Rando-page-001-724x1024.jpg\" alt=\"\" class=\"wp-image-3781\" srcset=\"https:\/\/cdsportadapte57.fr\/wp-content\/uploads\/2022\/06\/Affiche-Rando-page-001-724x1024.jpg 724w, https:\/\/cdsportadapte57.fr\/wp-content\/uploads\/2022\/06\/Affiche-Rando-page-001-212x300.jpg 212w, https:\/\/cdsportadapte57.fr\/wp-content\/uploads\/2022\/06\/Affiche-Rando-page-001-768x1086.jpg 768w, https:\/\/cdsportadapte57.fr\/wp-content\/uploads\/2022\/06\/Affiche-Rando-page-001-1086x1536.jpg 1086w, https:\/\/cdsportadapte57.fr\/wp-content\/uploads\/2022\/06\/Affiche-Rando-page-001.jpg 1240w\" sizes=\"auto, (max-width: 724px) 100vw, 724px\" \/><\/figure>\n\n\n\n<p class=\"has-text-align-center wp-block-paragraph\"><strong>Venez marcher, rigoler et passer un bon moment avec nous !<\/strong><br><\/p>\n\n\n\n<figure class=\"wp-block-image size-large\"><img loading=\"lazy\" decoding=\"async\" width=\"724\" height=\"1024\" src=\"http:\/\/cdsportadapte57.fr\/wp-content\/uploads\/2022\/06\/Fiche-organisationelle-Rando-page-001-724x1024.jpg\" alt=\"\" class=\"wp-image-3782\" srcset=\"https:\/\/cdsportadapte57.fr\/wp-content\/uploads\/2022\/06\/Fiche-organisationelle-Rando-page-001-724x1024.jpg 724w, https:\/\/cdsportadapte57.fr\/wp-content\/uploads\/2022\/06\/Fiche-organisationelle-Rando-page-001-212x300.jpg 212w, https:\/\/cdsportadapte57.fr\/wp-content\/uploads\/2022\/06\/Fiche-organisationelle-Rando-page-001-768x1086.jpg 768w, https:\/\/cdsportadapte57.fr\/wp-content\/uploads\/2022\/06\/Fiche-organisationelle-Rando-page-001-1086x1536.jpg 1086w, https:\/\/cdsportadapte57.fr\/wp-content\/uploads\/2022\/06\/Fiche-organisationelle-Rando-page-001.jpg 1240w\" sizes=\"auto, (max-width: 724px) 100vw, 724px\" \/><\/figure>\n","protected":false},"excerpt":{"rendered":"<p>La prochaine manifestation du Comit\u00e9 D\u00e9partemental Sport Adapt\u00e9 de Moselle en collaboration avec le Comit\u00e9 D\u00e9partemental de Randonn\u00e9e de Moselle, aura lieu le jeudi 30 juin 2022 de 9h30 \u00e0&hellip; <\/p>\n","protected":false},"author":16,"featured_media":3781,"comment_status":"open","ping_status":"open","sticky":false,"template":"","format":"standard","meta":{"_crdt_document":"","jetpack_post_was_ever_published":false,"_jetpack_newsletter_access":"","_jetpack_dont_email_post_to_subs":false,"_jetpack_newsletter_tier_id":0,"_jetpack_memberships_contains_paywalled_content":false,"_jetpack_memberships_contains_paid_content":false,"footnotes":"","jetpack_publicize_message":"","jetpack_publicize_feature_enabled":true,"jetpack_social_post_already_shared":true,"jetpack_social_options":{"image_generator_settings":{"template":"highway","default_image_id":0,"font":"","enabled":false},"version":2}},"categories":[1],"tags":[],"class_list":["post-3779","post","type-post","status-publish","format-standard","has-post-thumbnail","hentry","category-non-classe"],"jetpack_publicize_connections":[],"jetpack_featured_media_url":"https:\/\/cdsportadapte57.fr\/wp-content\/uploads\/2022\/06\/Affiche-Rando-page-001.jpg","jetpack_sharing_enabled":true,"jetpack_shortlink":"https:\/\/wp.me\/pasBZt-YX","_links":{"self":[{"href":"https:\/\/cdsportadapte57.fr\/index.php?rest_route=\/wp\/v2\/posts\/3779","targetHints":{"allow":["GET"]}}],"collection":[{"href":"https:\/\/cdsportadapte57.fr\/index.php?rest_route=\/wp\/v2\/posts"}],"about":[{"href":"https:\/\/cdsportadapte57.fr\/index.php?rest_route=\/wp\/v2\/types\/post"}],"author":[{"embeddable":true,"href":"https:\/\/cdsportadapte57.fr\/index.php?rest_route=\/wp\/v2\/users\/16"}],"replies":[{"embeddable":true,"href":"https:\/\/cdsportadapte57.fr\/index.php?rest_route=%2Fwp%2Fv2%2Fcomments&post=3779"}],"version-history":[{"count":3,"href":"https:\/\/cdsportadapte57.fr\/index.php?rest_route=\/wp\/v2\/posts\/3779\/revisions"}],"predecessor-version":[{"id":3787,"href":"https:\/\/cdsportadapte57.fr\/index.php?rest_route=\/wp\/v2\/posts\/3779\/revisions\/3787"}],"wp:featuredmedia":[{"embeddable":true,"href":"https:\/\/cdsportadapte57.fr\/index.php?rest_route=\/wp\/v2\/media\/3781"}],"wp:attachment":[{"href":"https:\/\/cdsportadapte57.fr\/index.php?rest_route=%2Fwp%2Fv2%2Fmedia&parent=3779"}],"wp:term":[{"taxonomy":"category","embeddable":true,"href":"https:\/\/cdsportadapte57.fr\/index.php?rest_route=%2Fwp%2Fv2%2Fcategories&post=3779"},{"taxonomy":"post_tag","embeddable":true,"href":"https:\/\/cdsportadapte57.fr\/index.php?rest_route=%2Fwp%2Fv2%2Ftags&post=3779"}],"curies":[{"name":"wp","href":"https:\/\/api.w.org\/{rel}","templated":true}]}}