{"id":3757,"date":"2022-06-14T15:38:54","date_gmt":"2022-06-14T13:38:54","guid":{"rendered":"http:\/\/cdsportadapte57.fr\/?p=3757"},"modified":"2022-06-15T07:32:19","modified_gmt":"2022-06-15T05:32:19","slug":"championnat-de-france-para-tennis-de-table-2022-a-poitiers-du-9-au-13-juin-2022","status":"publish","type":"post","link":"https:\/\/cdsportadapte57.fr\/?p=3757","title":{"rendered":"Championnat de France Para Tennis de table 2022 Adapt\u00e9 \u00e0 Poitiers du 9 au 13 juin 2022"},"content":{"rendered":"\n<p class=\"wp-block-paragraph\">La Moselle \u00e9tait bien repr\u00e9sent\u00e9 \u00e0 Poitiers, 4 mosellans ont particip\u00e9 \u00e0 cette comp\u00e9tition :<\/p>\n\n\n\n<p class=\"wp-block-paragraph\"> BIASINI Alexis<br>LAHER Florian<\/p>\n\n\n\n<p class=\"wp-block-paragraph\">MORAINVILLE Ludovic<br>WALLIN J\u00e9r\u00e9my <\/p>\n\n\n\n<figure class=\"wp-block-image size-large\"><img loading=\"lazy\" decoding=\"async\" width=\"1024\" height=\"766\" src=\"http:\/\/cdsportadapte57.fr\/wp-content\/uploads\/2022\/06\/CF-2022-POITIERS-LES-FORCESMOSELLANES-EN-PRESENCE-1024x766.jpg\" alt=\"\" class=\"wp-image-3762\" srcset=\"https:\/\/cdsportadapte57.fr\/wp-content\/uploads\/2022\/06\/CF-2022-POITIERS-LES-FORCESMOSELLANES-EN-PRESENCE-1024x766.jpg 1024w, https:\/\/cdsportadapte57.fr\/wp-content\/uploads\/2022\/06\/CF-2022-POITIERS-LES-FORCESMOSELLANES-EN-PRESENCE-300x224.jpg 300w, https:\/\/cdsportadapte57.fr\/wp-content\/uploads\/2022\/06\/CF-2022-POITIERS-LES-FORCESMOSELLANES-EN-PRESENCE-768x575.jpg 768w, https:\/\/cdsportadapte57.fr\/wp-content\/uploads\/2022\/06\/CF-2022-POITIERS-LES-FORCESMOSELLANES-EN-PRESENCE.jpg 1080w\" sizes=\"auto, (max-width: 1024px) 100vw, 1024px\" \/><\/figure>\n\n\n\n<p class=\"wp-block-paragraph\"><\/p>\n\n\n\n<figure class=\"wp-block-image size-large\"><img loading=\"lazy\" decoding=\"async\" width=\"1024\" height=\"768\" src=\"http:\/\/cdsportadapte57.fr\/wp-content\/uploads\/2022\/06\/CF-2022-POITIERS-LA-PRESENTATION-DELA-FINALE-SIMPLE-CAT-BC-1024x768.jpg\" alt=\"\" class=\"wp-image-3761\" srcset=\"https:\/\/cdsportadapte57.fr\/wp-content\/uploads\/2022\/06\/CF-2022-POITIERS-LA-PRESENTATION-DELA-FINALE-SIMPLE-CAT-BC-1024x768.jpg 1024w, https:\/\/cdsportadapte57.fr\/wp-content\/uploads\/2022\/06\/CF-2022-POITIERS-LA-PRESENTATION-DELA-FINALE-SIMPLE-CAT-BC-300x225.jpg 300w, https:\/\/cdsportadapte57.fr\/wp-content\/uploads\/2022\/06\/CF-2022-POITIERS-LA-PRESENTATION-DELA-FINALE-SIMPLE-CAT-BC-768x576.jpg 768w, https:\/\/cdsportadapte57.fr\/wp-content\/uploads\/2022\/06\/CF-2022-POITIERS-LA-PRESENTATION-DELA-FINALE-SIMPLE-CAT-BC.jpg 1280w\" sizes=\"auto, (max-width: 1024px) 100vw, 1024px\" \/><\/figure>\n\n\n\n<figure class=\"wp-block-image size-large\"><img loading=\"lazy\" decoding=\"async\" width=\"768\" height=\"1024\" src=\"http:\/\/cdsportadapte57.fr\/wp-content\/uploads\/2022\/06\/CF-2022-POITIERS-VERS-LA-TABLE-3-768x1024.jpg\" alt=\"\" class=\"wp-image-3773\" srcset=\"https:\/\/cdsportadapte57.fr\/wp-content\/uploads\/2022\/06\/CF-2022-POITIERS-VERS-LA-TABLE-3-768x1024.jpg 768w, https:\/\/cdsportadapte57.fr\/wp-content\/uploads\/2022\/06\/CF-2022-POITIERS-VERS-LA-TABLE-3-225x300.jpg 225w, https:\/\/cdsportadapte57.fr\/wp-content\/uploads\/2022\/06\/CF-2022-POITIERS-VERS-LA-TABLE-3.jpg 960w\" sizes=\"auto, (max-width: 768px) 100vw, 768px\" \/><\/figure>\n\n\n\n<figure class=\"wp-block-image size-large\"><img loading=\"lazy\" decoding=\"async\" width=\"768\" height=\"1024\" src=\"http:\/\/cdsportadapte57.fr\/wp-content\/uploads\/2022\/06\/IMG_20220613_202303-1-768x1024.jpg\" alt=\"\" class=\"wp-image-3774\" srcset=\"https:\/\/cdsportadapte57.fr\/wp-content\/uploads\/2022\/06\/IMG_20220613_202303-1-768x1024.jpg 768w, https:\/\/cdsportadapte57.fr\/wp-content\/uploads\/2022\/06\/IMG_20220613_202303-1-225x300.jpg 225w, https:\/\/cdsportadapte57.fr\/wp-content\/uploads\/2022\/06\/IMG_20220613_202303-1.jpg 960w\" sizes=\"auto, (max-width: 768px) 100vw, 768px\" \/><\/figure>\n\n\n\n<figure class=\"wp-block-image size-large\"><img loading=\"lazy\" decoding=\"async\" width=\"1024\" height=\"768\" src=\"http:\/\/cdsportadapte57.fr\/wp-content\/uploads\/2022\/06\/CF-2022-POITIERS-LA-PRESENTATION-DELA-FINALE-SIMPLE-CAT-BC-3-1024x768.jpg\" alt=\"\" class=\"wp-image-3775\" srcset=\"https:\/\/cdsportadapte57.fr\/wp-content\/uploads\/2022\/06\/CF-2022-POITIERS-LA-PRESENTATION-DELA-FINALE-SIMPLE-CAT-BC-3-1024x768.jpg 1024w, https:\/\/cdsportadapte57.fr\/wp-content\/uploads\/2022\/06\/CF-2022-POITIERS-LA-PRESENTATION-DELA-FINALE-SIMPLE-CAT-BC-3-300x225.jpg 300w, https:\/\/cdsportadapte57.fr\/wp-content\/uploads\/2022\/06\/CF-2022-POITIERS-LA-PRESENTATION-DELA-FINALE-SIMPLE-CAT-BC-3-768x576.jpg 768w, https:\/\/cdsportadapte57.fr\/wp-content\/uploads\/2022\/06\/CF-2022-POITIERS-LA-PRESENTATION-DELA-FINALE-SIMPLE-CAT-BC-3.jpg 1280w\" sizes=\"auto, (max-width: 1024px) 100vw, 1024px\" \/><\/figure>\n\n\n\n<p class=\"wp-block-paragraph\"><strong>En double Messieurs<\/strong><br>L&rsquo;\u00e9quipe\u00a0<strong>Ludovic MORAINVILLE\/Florian LAHAIR\u00a0<\/strong>est Vice-championne de France en cat\u00e9gorie BC<\/p>\n\n\n\n<p class=\"wp-block-paragraph\"><strong> En  double Messieurs<\/strong> la m\u00e9daille de Bronze (cat\u00e9gorie BC) de Alexis Biasini et J\u00e9r\u00e9my Wallin.\u00a0 <br><\/p>\n\n\n\n<figure class=\"wp-block-image size-large\"><img loading=\"lazy\" decoding=\"async\" width=\"1024\" height=\"768\" src=\"http:\/\/cdsportadapte57.fr\/wp-content\/uploads\/2022\/06\/IMG_20220613_202331-PODIUM-DOUBLEMESSIEURS-CAT-BC-1024x768.jpg\" alt=\"\" class=\"wp-image-3777\" srcset=\"https:\/\/cdsportadapte57.fr\/wp-content\/uploads\/2022\/06\/IMG_20220613_202331-PODIUM-DOUBLEMESSIEURS-CAT-BC-1024x768.jpg 1024w, https:\/\/cdsportadapte57.fr\/wp-content\/uploads\/2022\/06\/IMG_20220613_202331-PODIUM-DOUBLEMESSIEURS-CAT-BC-300x225.jpg 300w, https:\/\/cdsportadapte57.fr\/wp-content\/uploads\/2022\/06\/IMG_20220613_202331-PODIUM-DOUBLEMESSIEURS-CAT-BC-768x576.jpg 768w, https:\/\/cdsportadapte57.fr\/wp-content\/uploads\/2022\/06\/IMG_20220613_202331-PODIUM-DOUBLEMESSIEURS-CAT-BC.jpg 1280w\" sizes=\"auto, (max-width: 1024px) 100vw, 1024px\" \/><\/figure>\n\n\n\n<p class=\"wp-block-paragraph\"><strong>En individuel&nbsp;<\/strong><br><strong>Ludovic MORAINVILLE<\/strong>&nbsp;Champion de France en cat\u00e9gorie BC + de 40 ans (1er sur 47 concurrents).<br><strong>Florian LAHAIR<\/strong> termine 12\u00e8me sur 54 en cat\u00e9gorie BC &#8211; 40 ans<\/p>\n\n\n\n<p class=\"wp-block-paragraph\">&nbsp;<strong>Alexis BIASINI<\/strong> termine&nbsp; 15\u00e8me&nbsp; sur 54 en cat\u00e9gorie BC &#8211; 40 ans.<\/p>\n\n\n\n<p class=\"wp-block-paragraph\"><strong>J\u00e9r\u00e9my WALLIN <\/strong>termine 19\u00e8me sur 54 en cat\u00e9gorie BC &#8211; 40 ans<br><\/p>\n\n\n\n<figure class=\"wp-block-image size-large\"><img loading=\"lazy\" decoding=\"async\" width=\"640\" height=\"480\" src=\"http:\/\/cdsportadapte57.fr\/wp-content\/uploads\/2022\/06\/CF-2022-POITIERS-3.jpg\" alt=\"\" class=\"wp-image-3759\" srcset=\"https:\/\/cdsportadapte57.fr\/wp-content\/uploads\/2022\/06\/CF-2022-POITIERS-3.jpg 640w, https:\/\/cdsportadapte57.fr\/wp-content\/uploads\/2022\/06\/CF-2022-POITIERS-3-300x225.jpg 300w\" sizes=\"auto, (max-width: 640px) 100vw, 640px\" \/><\/figure>\n\n\n\n<p class=\"wp-block-paragraph\"><\/p>\n\n\n\n<p class=\"wp-block-paragraph\"> La Moselle est particuli\u00e8rement bien plac\u00e9e et ram\u00e8ne \u00e0 domicile une m\u00e9daille d&rsquo;or,une m\u00e9daille d&rsquo;argent et une m\u00e9daille de bronze.<br>Ludovic MORAINVILLE est par ailleurs s\u00e9lectionn\u00e9 pour participer au Championnat d&rsquo;Europe qui se d\u00e9roulera en Pologne du 14 au 25 juillet 2022.<br>Bravo \u00e0 tous pour votre combativit\u00e9 ! <\/p>\n","protected":false},"excerpt":{"rendered":"<p>La Moselle \u00e9tait bien repr\u00e9sent\u00e9 \u00e0 Poitiers, 4 mosellans ont particip\u00e9 \u00e0 cette comp\u00e9tition : BIASINI AlexisLAHER Florian MORAINVILLE LudovicWALLIN J\u00e9r\u00e9my En double MessieursL&rsquo;\u00e9quipe\u00a0Ludovic MORAINVILLE\/Florian LAHAIR\u00a0est Vice-championne de France en&hellip; <\/p>\n","protected":false},"author":16,"featured_media":3771,"comment_status":"open","ping_status":"open","sticky":false,"template":"","format":"standard","meta":{"_crdt_document":"","jetpack_post_was_ever_published":false,"_jetpack_newsletter_access":"","_jetpack_dont_email_post_to_subs":false,"_jetpack_newsletter_tier_id":0,"_jetpack_memberships_contains_paywalled_content":false,"_jetpack_memberships_contains_paid_content":false,"footnotes":"","jetpack_publicize_message":"","jetpack_publicize_feature_enabled":true,"jetpack_social_post_already_shared":true,"jetpack_social_options":{"image_generator_settings":{"template":"highway","default_image_id":0,"font":"","enabled":false},"version":2}},"categories":[1],"tags":[233,122],"class_list":["post-3757","post","type-post","status-publish","format-standard","has-post-thumbnail","hentry","category-non-classe","tag-championnat-de-france-para-tennis-de-table-2022-a-poitiers-du-9-au-13-juin-2022","tag-moselle"],"jetpack_publicize_connections":[],"jetpack_featured_media_url":"https:\/\/cdsportadapte57.fr\/wp-content\/uploads\/2022\/06\/CF-2022-POTIERS-PODIUM-3.jpg","jetpack_sharing_enabled":true,"jetpack_shortlink":"https:\/\/wp.me\/pasBZt-YB","_links":{"self":[{"href":"https:\/\/cdsportadapte57.fr\/index.php?rest_route=\/wp\/v2\/posts\/3757","targetHints":{"allow":["GET"]}}],"collection":[{"href":"https:\/\/cdsportadapte57.fr\/index.php?rest_route=\/wp\/v2\/posts"}],"about":[{"href":"https:\/\/cdsportadapte57.fr\/index.php?rest_route=\/wp\/v2\/types\/post"}],"author":[{"embeddable":true,"href":"https:\/\/cdsportadapte57.fr\/index.php?rest_route=\/wp\/v2\/users\/16"}],"replies":[{"embeddable":true,"href":"https:\/\/cdsportadapte57.fr\/index.php?rest_route=%2Fwp%2Fv2%2Fcomments&post=3757"}],"version-history":[{"count":3,"href":"https:\/\/cdsportadapte57.fr\/index.php?rest_route=\/wp\/v2\/posts\/3757\/revisions"}],"predecessor-version":[{"id":3785,"href":"https:\/\/cdsportadapte57.fr\/index.php?rest_route=\/wp\/v2\/posts\/3757\/revisions\/3785"}],"wp:featuredmedia":[{"embeddable":true,"href":"https:\/\/cdsportadapte57.fr\/index.php?rest_route=\/wp\/v2\/media\/3771"}],"wp:attachment":[{"href":"https:\/\/cdsportadapte57.fr\/index.php?rest_route=%2Fwp%2Fv2%2Fmedia&parent=3757"}],"wp:term":[{"taxonomy":"category","embeddable":true,"href":"https:\/\/cdsportadapte57.fr\/index.php?rest_route=%2Fwp%2Fv2%2Fcategories&post=3757"},{"taxonomy":"post_tag","embeddable":true,"href":"https:\/\/cdsportadapte57.fr\/index.php?rest_route=%2Fwp%2Fv2%2Ftags&post=3757"}],"curies":[{"name":"wp","href":"https:\/\/api.w.org\/{rel}","templated":true}]}}