{"id":3739,"date":"2022-06-10T17:24:06","date_gmt":"2022-06-10T15:24:06","guid":{"rendered":"http:\/\/cdsportadapte57.fr\/?p=3739"},"modified":"2022-06-10T17:24:11","modified_gmt":"2022-06-10T15:24:11","slug":"une-belle-reussite-pour-un-partenariat-inclusif-entre-le-fas-le-rucher-de-crehange-et-le-college-paul-verlaine-de-faulquemont","status":"publish","type":"post","link":"https:\/\/cdsportadapte57.fr\/?p=3739","title":{"rendered":"Une belle r\u00e9ussite pour un partenariat inclusif entre le Fas le Rucher de Cr\u00e9hange et le coll\u00e8ge Paul Verlaine de Faulquemont."},"content":{"rendered":"\n<p class=\"wp-block-paragraph\">Sous l\u2019initiative du FAS le Rucher de Cr\u00e9hange et avec notre soutien, un partenariat a \u00e9t\u00e9 cr\u00e9\u00e9 avec le coll\u00e8ge Paul Verlaine de Faulquemont. <\/p>\n\n\n\n<p class=\"wp-block-paragraph\"><\/p>\n\n\n\n<p class=\"wp-block-paragraph\">Ainsi, depuis le 29 avril et jusqu\u2019au vendredi 3 juin, 6 usagers du FAS  ont \u00e9t\u00e9 inclus, toutes les semaines,  dans  le cours d\u2019EPS d\u2019une classe de 5<sup>\u00e8me<\/sup>.\u00a0 Toutes les semaines, le vendredi matin, ils \u00e9taient int\u00e9gr\u00e9s dans le cours  ont  suivi tout le cycle d\u2019athl\u00e9tisme avec les coll\u00e9giens.<\/p>\n\n\n\n<p class=\"wp-block-paragraph\">Pour cl\u00f4turer cet \u00e9change, plein de r\u00e9ussite, nous avons soutenu le FAS et le coll\u00e8ge dans l\u2019organisation d\u2019une journ\u00e9e rassemblant deux autres \u00e9tablissements m\u00e9dico-sociaux , le FAM Fleur de vie d&rsquo; Enchenberg et le FAM la Maisonn\u00e9e de Cr\u00e9hange  ainsi que la classe de coll\u00e8ge participante. Le CDOS 57 \u00e9tait \u00e9galement pr\u00e9sent et animait  des ateliers.<\/p>\n\n\n\n<figure class=\"wp-block-gallery columns-3 is-cropped wp-block-gallery-1 is-layout-flex wp-block-gallery-is-layout-flex\"><ul class=\"blocks-gallery-grid\"><li class=\"blocks-gallery-item\"><figure><img loading=\"lazy\" decoding=\"async\" width=\"576\" height=\"768\" src=\"http:\/\/cdsportadapte57.fr\/wp-content\/uploads\/2022\/06\/FAULQUEMONT-1.jpg\" alt=\"\" data-id=\"3742\" data-link=\"http:\/\/cdsportadapte57.fr\/?attachment_id=3742\" class=\"wp-image-3742\" srcset=\"https:\/\/cdsportadapte57.fr\/wp-content\/uploads\/2022\/06\/FAULQUEMONT-1.jpg 576w, https:\/\/cdsportadapte57.fr\/wp-content\/uploads\/2022\/06\/FAULQUEMONT-1-225x300.jpg 225w\" sizes=\"auto, (max-width: 576px) 100vw, 576px\" \/><\/figure><\/li><li class=\"blocks-gallery-item\"><figure><img loading=\"lazy\" decoding=\"async\" width=\"480\" height=\"640\" src=\"http:\/\/cdsportadapte57.fr\/wp-content\/uploads\/2022\/06\/FAULQUEMONT5.jpg\" alt=\"\" data-id=\"3743\" data-link=\"http:\/\/cdsportadapte57.fr\/?attachment_id=3743\" class=\"wp-image-3743\" srcset=\"https:\/\/cdsportadapte57.fr\/wp-content\/uploads\/2022\/06\/FAULQUEMONT5.jpg 480w, https:\/\/cdsportadapte57.fr\/wp-content\/uploads\/2022\/06\/FAULQUEMONT5-225x300.jpg 225w\" sizes=\"auto, (max-width: 480px) 100vw, 480px\" \/><\/figure><\/li><li class=\"blocks-gallery-item\"><figure><img loading=\"lazy\" decoding=\"async\" width=\"480\" height=\"640\" src=\"http:\/\/cdsportadapte57.fr\/wp-content\/uploads\/2022\/06\/FAULQUEMONT6.jpg\" alt=\"\" data-id=\"3744\" data-link=\"http:\/\/cdsportadapte57.fr\/?attachment_id=3744\" class=\"wp-image-3744\" srcset=\"https:\/\/cdsportadapte57.fr\/wp-content\/uploads\/2022\/06\/FAULQUEMONT6.jpg 480w, https:\/\/cdsportadapte57.fr\/wp-content\/uploads\/2022\/06\/FAULQUEMONT6-225x300.jpg 225w\" sizes=\"auto, (max-width: 480px) 100vw, 480px\" \/><\/figure><\/li><li class=\"blocks-gallery-item\"><figure><img loading=\"lazy\" decoding=\"async\" width=\"480\" height=\"640\" src=\"http:\/\/cdsportadapte57.fr\/wp-content\/uploads\/2022\/06\/FAULQUEMONT-7.jpg\" alt=\"\" data-id=\"3745\" data-full-url=\"http:\/\/cdsportadapte57.fr\/wp-content\/uploads\/2022\/06\/FAULQUEMONT-7.jpg\" data-link=\"http:\/\/cdsportadapte57.fr\/?attachment_id=3745\" class=\"wp-image-3745\" srcset=\"https:\/\/cdsportadapte57.fr\/wp-content\/uploads\/2022\/06\/FAULQUEMONT-7.jpg 480w, https:\/\/cdsportadapte57.fr\/wp-content\/uploads\/2022\/06\/FAULQUEMONT-7-225x300.jpg 225w\" sizes=\"auto, (max-width: 480px) 100vw, 480px\" \/><\/figure><\/li><\/ul><\/figure>\n\n\n\n<p class=\"wp-block-paragraph\">Au programme&nbsp;: matin\u00e9e ateliers sportifs divers et l\u2019apr\u00e8s-midi une course de relais.<\/p>\n\n\n\n<p class=\"wp-block-paragraph\">Pause midi&nbsp;: un barbecue convivial pour tous afin de partager ensemble ce moment de d\u00e9tente.<\/p>\n\n\n\n<figure class=\"wp-block-gallery columns-3 is-cropped wp-block-gallery-2 is-layout-flex wp-block-gallery-is-layout-flex\"><ul class=\"blocks-gallery-grid\"><li class=\"blocks-gallery-item\"><figure><img loading=\"lazy\" decoding=\"async\" width=\"576\" height=\"768\" src=\"http:\/\/cdsportadapte57.fr\/wp-content\/uploads\/2022\/06\/FAULQUEMONT3.jpg\" alt=\"\" data-id=\"3747\" data-link=\"http:\/\/cdsportadapte57.fr\/?attachment_id=3747\" class=\"wp-image-3747\" srcset=\"https:\/\/cdsportadapte57.fr\/wp-content\/uploads\/2022\/06\/FAULQUEMONT3.jpg 576w, https:\/\/cdsportadapte57.fr\/wp-content\/uploads\/2022\/06\/FAULQUEMONT3-225x300.jpg 225w\" sizes=\"auto, (max-width: 576px) 100vw, 576px\" \/><\/figure><\/li><li class=\"blocks-gallery-item\"><figure><img loading=\"lazy\" decoding=\"async\" width=\"640\" height=\"323\" src=\"http:\/\/cdsportadapte57.fr\/wp-content\/uploads\/2022\/06\/FAULQUEMONT4-1.jpg\" alt=\"\" data-id=\"3748\" data-link=\"http:\/\/cdsportadapte57.fr\/?attachment_id=3748\" class=\"wp-image-3748\" srcset=\"https:\/\/cdsportadapte57.fr\/wp-content\/uploads\/2022\/06\/FAULQUEMONT4-1.jpg 640w, https:\/\/cdsportadapte57.fr\/wp-content\/uploads\/2022\/06\/FAULQUEMONT4-1-300x151.jpg 300w\" sizes=\"auto, (max-width: 640px) 100vw, 640px\" \/><\/figure><\/li><li class=\"blocks-gallery-item\"><figure><img loading=\"lazy\" decoding=\"async\" width=\"640\" height=\"480\" src=\"http:\/\/cdsportadapte57.fr\/wp-content\/uploads\/2022\/06\/FAULQUEMONT9.jpg\" alt=\"\" data-id=\"3749\" data-link=\"http:\/\/cdsportadapte57.fr\/?attachment_id=3749\" class=\"wp-image-3749\" srcset=\"https:\/\/cdsportadapte57.fr\/wp-content\/uploads\/2022\/06\/FAULQUEMONT9.jpg 640w, https:\/\/cdsportadapte57.fr\/wp-content\/uploads\/2022\/06\/FAULQUEMONT9-300x225.jpg 300w\" sizes=\"auto, (max-width: 640px) 100vw, 640px\" \/><\/figure><\/li><li class=\"blocks-gallery-item\"><figure><img loading=\"lazy\" decoding=\"async\" width=\"1000\" height=\"750\" src=\"http:\/\/cdsportadapte57.fr\/wp-content\/uploads\/2022\/06\/FAULQUEMONT2.jpg\" alt=\"\" data-id=\"3750\" data-full-url=\"http:\/\/cdsportadapte57.fr\/wp-content\/uploads\/2022\/06\/FAULQUEMONT2.jpg\" data-link=\"http:\/\/cdsportadapte57.fr\/?attachment_id=3750\" class=\"wp-image-3750\" srcset=\"https:\/\/cdsportadapte57.fr\/wp-content\/uploads\/2022\/06\/FAULQUEMONT2.jpg 1000w, https:\/\/cdsportadapte57.fr\/wp-content\/uploads\/2022\/06\/FAULQUEMONT2-300x225.jpg 300w, https:\/\/cdsportadapte57.fr\/wp-content\/uploads\/2022\/06\/FAULQUEMONT2-768x576.jpg 768w\" sizes=\"auto, (max-width: 1000px) 100vw, 1000px\" \/><\/figure><\/li><\/ul><\/figure>\n\n\n\n<p class=\"wp-block-paragraph\"><\/p>\n\n\n\n<p class=\"wp-block-paragraph\">Tout du long les groupes de sportifs \u00e9taient compos\u00e9s de coll\u00e9giens et  personnes en situation de handicap.<\/p>\n\n\n\n<p class=\"wp-block-paragraph\">Une tr\u00e8s belle journ\u00e9e d\u2019inclusion&nbsp;! et un beau projet innovant \u00e0 saluer.<\/p>\n\n\n\n<figure class=\"wp-block-gallery columns-1 is-cropped wp-block-gallery-3 is-layout-flex wp-block-gallery-is-layout-flex\"><ul class=\"blocks-gallery-grid\"><li class=\"blocks-gallery-item\"><figure><img loading=\"lazy\" decoding=\"async\" width=\"640\" height=\"323\" src=\"http:\/\/cdsportadapte57.fr\/wp-content\/uploads\/2022\/06\/FAULQUEMONT4.jpg\" alt=\"\" data-id=\"3746\" data-full-url=\"http:\/\/cdsportadapte57.fr\/wp-content\/uploads\/2022\/06\/FAULQUEMONT4.jpg\" data-link=\"http:\/\/cdsportadapte57.fr\/?attachment_id=3746\" class=\"wp-image-3746\" srcset=\"https:\/\/cdsportadapte57.fr\/wp-content\/uploads\/2022\/06\/FAULQUEMONT4.jpg 640w, https:\/\/cdsportadapte57.fr\/wp-content\/uploads\/2022\/06\/FAULQUEMONT4-300x151.jpg 300w\" sizes=\"auto, (max-width: 640px) 100vw, 640px\" \/><\/figure><\/li><\/ul><\/figure>\n","protected":false},"excerpt":{"rendered":"<p>Sous l\u2019initiative du FAS le Rucher de Cr\u00e9hange et avec notre soutien, un partenariat a \u00e9t\u00e9 cr\u00e9\u00e9 avec le coll\u00e8ge Paul Verlaine de Faulquemont. Ainsi, depuis le 29 avril et&hellip; <\/p>\n","protected":false},"author":16,"featured_media":3750,"comment_status":"open","ping_status":"open","sticky":false,"template":"","format":"standard","meta":{"_crdt_document":"","jetpack_post_was_ever_published":false,"_jetpack_newsletter_access":"","_jetpack_dont_email_post_to_subs":false,"_jetpack_newsletter_tier_id":0,"_jetpack_memberships_contains_paywalled_content":false,"_jetpack_memberships_contains_paid_content":false,"footnotes":"","jetpack_publicize_message":"","jetpack_publicize_feature_enabled":true,"jetpack_social_post_already_shared":true,"jetpack_social_options":{"image_generator_settings":{"template":"highway","default_image_id":0,"font":"","enabled":false},"version":2}},"categories":[7,1],"tags":[232,230],"class_list":["post-3739","post","type-post","status-publish","format-standard","has-post-thumbnail","hentry","category-les-infos-du-cdsa-de-moselle","category-non-classe","tag-college-paul-verlaine-faulquemont","tag-fas-le-rucher"],"jetpack_publicize_connections":[],"jetpack_featured_media_url":"https:\/\/cdsportadapte57.fr\/wp-content\/uploads\/2022\/06\/FAULQUEMONT2.jpg","jetpack_sharing_enabled":true,"jetpack_shortlink":"https:\/\/wp.me\/pasBZt-Yj","_links":{"self":[{"href":"https:\/\/cdsportadapte57.fr\/index.php?rest_route=\/wp\/v2\/posts\/3739","targetHints":{"allow":["GET"]}}],"collection":[{"href":"https:\/\/cdsportadapte57.fr\/index.php?rest_route=\/wp\/v2\/posts"}],"about":[{"href":"https:\/\/cdsportadapte57.fr\/index.php?rest_route=\/wp\/v2\/types\/post"}],"author":[{"embeddable":true,"href":"https:\/\/cdsportadapte57.fr\/index.php?rest_route=\/wp\/v2\/users\/16"}],"replies":[{"embeddable":true,"href":"https:\/\/cdsportadapte57.fr\/index.php?rest_route=%2Fwp%2Fv2%2Fcomments&post=3739"}],"version-history":[{"count":5,"href":"https:\/\/cdsportadapte57.fr\/index.php?rest_route=\/wp\/v2\/posts\/3739\/revisions"}],"predecessor-version":[{"id":3753,"href":"https:\/\/cdsportadapte57.fr\/index.php?rest_route=\/wp\/v2\/posts\/3739\/revisions\/3753"}],"wp:featuredmedia":[{"embeddable":true,"href":"https:\/\/cdsportadapte57.fr\/index.php?rest_route=\/wp\/v2\/media\/3750"}],"wp:attachment":[{"href":"https:\/\/cdsportadapte57.fr\/index.php?rest_route=%2Fwp%2Fv2%2Fmedia&parent=3739"}],"wp:term":[{"taxonomy":"category","embeddable":true,"href":"https:\/\/cdsportadapte57.fr\/index.php?rest_route=%2Fwp%2Fv2%2Fcategories&post=3739"},{"taxonomy":"post_tag","embeddable":true,"href":"https:\/\/cdsportadapte57.fr\/index.php?rest_route=%2Fwp%2Fv2%2Ftags&post=3739"}],"curies":[{"name":"wp","href":"https:\/\/api.w.org\/{rel}","templated":true}]}}