{"id":3651,"date":"2022-05-26T17:38:30","date_gmt":"2022-05-26T15:38:30","guid":{"rendered":"http:\/\/cdsportadapte57.fr\/?p=3651"},"modified":"2022-06-03T06:40:01","modified_gmt":"2022-06-03T04:40:01","slug":"et-maintenant-place-au-championnat-de-france-para-tennis-de-table-adapte-sport-adapte-jeunes","status":"publish","type":"post","link":"https:\/\/cdsportadapte57.fr\/?p=3651","title":{"rendered":"Et maintenant, place au championnat de France para tennis de table adapt\u00e9 Sport Adapt\u00e9 Jeunes."},"content":{"rendered":"\n<p class=\"wp-block-paragraph\">Le championnat arrive \u00e0 grand pas.<\/p>\n\n\n\n<figure class=\"wp-block-image size-large\"><img loading=\"lazy\" decoding=\"async\" width=\"724\" height=\"1024\" src=\"http:\/\/cdsportadapte57.fr\/wp-content\/uploads\/2022\/04\/dossier-inscription-cf-para-tennis-de-table-adapte-saj-2022-\u00e9dit\u00e9-sur-site-FFSA-page-001-724x1024.jpg\" alt=\"\" class=\"wp-image-3415\" srcset=\"https:\/\/cdsportadapte57.fr\/wp-content\/uploads\/2022\/04\/dossier-inscription-cf-para-tennis-de-table-adapte-saj-2022-\u00e9dit\u00e9-sur-site-FFSA-page-001-724x1024.jpg 724w, https:\/\/cdsportadapte57.fr\/wp-content\/uploads\/2022\/04\/dossier-inscription-cf-para-tennis-de-table-adapte-saj-2022-\u00e9dit\u00e9-sur-site-FFSA-page-001-212x300.jpg 212w, https:\/\/cdsportadapte57.fr\/wp-content\/uploads\/2022\/04\/dossier-inscription-cf-para-tennis-de-table-adapte-saj-2022-\u00e9dit\u00e9-sur-site-FFSA-page-001-768x1086.jpg 768w, https:\/\/cdsportadapte57.fr\/wp-content\/uploads\/2022\/04\/dossier-inscription-cf-para-tennis-de-table-adapte-saj-2022-\u00e9dit\u00e9-sur-site-FFSA-page-001-1086x1536.jpg 1086w, https:\/\/cdsportadapte57.fr\/wp-content\/uploads\/2022\/04\/dossier-inscription-cf-para-tennis-de-table-adapte-saj-2022-\u00e9dit\u00e9-sur-site-FFSA-page-001.jpg 1240w\" sizes=\"auto, (max-width: 724px) 100vw, 724px\" \/><\/figure>\n\n\n\n<p class=\"wp-block-paragraph\">Ca va bouger avec le Sport Adapt\u00e9 ! Mais ce championnat est aussi , pour les jeunes sportifs, l&rsquo;occasion de se rencontrer, de sortir de leur zone de confort, de d\u00e9couvrir notre d\u00e9partement et notre belle r\u00e9gion. D&rsquo;ailleurs, une douceur embl\u00e9matique  de notre r\u00e9gion  les attend pour d\u00e9gustation. La v\u00e9ritable madeleine de Commercy, la vraie !  Avis aux sportifs gourmands.<\/p>\n\n\n\n<figure class=\"wp-block-image size-large\"><img loading=\"lazy\" decoding=\"async\" width=\"768\" height=\"1024\" src=\"http:\/\/cdsportadapte57.fr\/wp-content\/uploads\/2022\/05\/IMG_20220525_171551-768x1024.jpg\" alt=\"\" class=\"wp-image-3666\" srcset=\"https:\/\/cdsportadapte57.fr\/wp-content\/uploads\/2022\/05\/IMG_20220525_171551-768x1024.jpg 768w, https:\/\/cdsportadapte57.fr\/wp-content\/uploads\/2022\/05\/IMG_20220525_171551-225x300.jpg 225w, https:\/\/cdsportadapte57.fr\/wp-content\/uploads\/2022\/05\/IMG_20220525_171551-1152x1536.jpg 1152w, https:\/\/cdsportadapte57.fr\/wp-content\/uploads\/2022\/05\/IMG_20220525_171551-1536x2048.jpg 1536w, https:\/\/cdsportadapte57.fr\/wp-content\/uploads\/2022\/05\/IMG_20220525_171551-scaled.jpg 1920w\" sizes=\"auto, (max-width: 768px) 100vw, 768px\" \/><\/figure>\n\n\n\n<p class=\"has-text-align-center wp-block-paragraph\"><\/p>\n","protected":false},"excerpt":{"rendered":"<p>Le championnat arrive \u00e0 grand pas. Ca va bouger avec le Sport Adapt\u00e9 ! Mais ce championnat est aussi , pour les jeunes sportifs, l&rsquo;occasion de se rencontrer, de sortir&hellip; <\/p>\n","protected":false},"author":16,"featured_media":3652,"comment_status":"open","ping_status":"open","sticky":false,"template":"","format":"standard","meta":{"_crdt_document":"","jetpack_post_was_ever_published":false,"_jetpack_newsletter_access":"","_jetpack_dont_email_post_to_subs":false,"_jetpack_newsletter_tier_id":0,"_jetpack_memberships_contains_paywalled_content":false,"_jetpack_memberships_contains_paid_content":false,"footnotes":"","jetpack_publicize_message":"","jetpack_publicize_feature_enabled":true,"jetpack_social_post_already_shared":true,"jetpack_social_options":{"image_generator_settings":{"template":"highway","default_image_id":0,"font":"","enabled":false},"version":2}},"categories":[7,1,6],"tags":[111,212,213],"class_list":["post-3651","post","type-post","status-publish","format-standard","has-post-thumbnail","hentry","category-les-infos-du-cdsa-de-moselle","category-non-classe","category-nos-manifestations","tag-championnat-de-france","tag-para-tennis-de-table-adapte","tag-sport-adapte-jeunes"],"jetpack_publicize_connections":[],"jetpack_featured_media_url":"https:\/\/cdsportadapte57.fr\/wp-content\/uploads\/2022\/05\/Affiche-ESMS-page-001-2.jpg","jetpack_sharing_enabled":true,"jetpack_shortlink":"https:\/\/wp.me\/pasBZt-WT","_links":{"self":[{"href":"https:\/\/cdsportadapte57.fr\/index.php?rest_route=\/wp\/v2\/posts\/3651","targetHints":{"allow":["GET"]}}],"collection":[{"href":"https:\/\/cdsportadapte57.fr\/index.php?rest_route=\/wp\/v2\/posts"}],"about":[{"href":"https:\/\/cdsportadapte57.fr\/index.php?rest_route=\/wp\/v2\/types\/post"}],"author":[{"embeddable":true,"href":"https:\/\/cdsportadapte57.fr\/index.php?rest_route=\/wp\/v2\/users\/16"}],"replies":[{"embeddable":true,"href":"https:\/\/cdsportadapte57.fr\/index.php?rest_route=%2Fwp%2Fv2%2Fcomments&post=3651"}],"version-history":[{"count":20,"href":"https:\/\/cdsportadapte57.fr\/index.php?rest_route=\/wp\/v2\/posts\/3651\/revisions"}],"predecessor-version":[{"id":3680,"href":"https:\/\/cdsportadapte57.fr\/index.php?rest_route=\/wp\/v2\/posts\/3651\/revisions\/3680"}],"wp:featuredmedia":[{"embeddable":true,"href":"https:\/\/cdsportadapte57.fr\/index.php?rest_route=\/wp\/v2\/media\/3652"}],"wp:attachment":[{"href":"https:\/\/cdsportadapte57.fr\/index.php?rest_route=%2Fwp%2Fv2%2Fmedia&parent=3651"}],"wp:term":[{"taxonomy":"category","embeddable":true,"href":"https:\/\/cdsportadapte57.fr\/index.php?rest_route=%2Fwp%2Fv2%2Fcategories&post=3651"},{"taxonomy":"post_tag","embeddable":true,"href":"https:\/\/cdsportadapte57.fr\/index.php?rest_route=%2Fwp%2Fv2%2Ftags&post=3651"}],"curies":[{"name":"wp","href":"https:\/\/api.w.org\/{rel}","templated":true}]}}