{"id":3582,"date":"2022-05-18T14:25:39","date_gmt":"2022-05-18T12:25:39","guid":{"rendered":"http:\/\/cdsportadapte57.fr\/?p=3582"},"modified":"2022-05-18T14:25:43","modified_gmt":"2022-05-18T12:25:43","slug":"affiliation-de-la-snbm-a-la-federation-francaise-de-sport-adapte","status":"publish","type":"post","link":"https:\/\/cdsportadapte57.fr\/?p=3582","title":{"rendered":"Affiliation de la SNBM \u00e0 la F\u00e9d\u00e9ration Fran\u00e7aise de Sport Adapt\u00e9."},"content":{"rendered":"\n<p class=\"wp-block-paragraph\">Depuis le 4 mai 2022 , la <a href=\"http:\/\/snbm.fr\/\">SNBM<\/a> est officiellement adh\u00e9rente comme membre titulaire de la FFSA et nous ne pouvons que nous en r\u00e9jouir.<\/p>\n\n\n\n<p class=\"wp-block-paragraph\">Cette adh\u00e9sion est une suite logique de la volont\u00e9 de la SNBM de partager sa passion pour la voile avec  des personnes en situation de handicap mental et\/ou psychique. En effet, depuis 2015 , la SNBM a des relations privil\u00e9gi\u00e9es avec l&rsquo;IME du Point du Jour de Pierrevillers. A cet \u00e9poque, nait le projet de construire une caravelle en IMPRO pour la SNBM. Ce projet audacieux s&rsquo;est r\u00e9alis\u00e9 et, en juillet 2018, le lancement de la caravelle \u00ab\u00a0Le Point du Jour \u00a0\u00bb sur la Moselle \u00e9tait un succ\u00e8s en pr\u00e9sence de nombreux invit\u00e9s et des jeunes ayant particip\u00e9 \u00e0 sa construction.<\/p>\n\n\n\n\n\n<figure class=\"wp-block-image size-large\"><img loading=\"lazy\" decoding=\"async\" width=\"1024\" height=\"768\" src=\"http:\/\/cdsportadapte57.fr\/wp-content\/uploads\/2022\/05\/IMG_0257-1024x768.jpg\" alt=\"\" class=\"wp-image-3590\" srcset=\"https:\/\/cdsportadapte57.fr\/wp-content\/uploads\/2022\/05\/IMG_0257-1024x768.jpg 1024w, https:\/\/cdsportadapte57.fr\/wp-content\/uploads\/2022\/05\/IMG_0257-300x225.jpg 300w, https:\/\/cdsportadapte57.fr\/wp-content\/uploads\/2022\/05\/IMG_0257-768x576.jpg 768w, https:\/\/cdsportadapte57.fr\/wp-content\/uploads\/2022\/05\/IMG_0257.jpg 1280w\" sizes=\"auto, (max-width: 1024px) 100vw, 1024px\" \/><\/figure>\n\n\n\n<p class=\"wp-block-paragraph\"><\/p>\n\n\n\n<figure class=\"wp-block-image size-large\"><img loading=\"lazy\" decoding=\"async\" width=\"1024\" height=\"768\" src=\"http:\/\/cdsportadapte57.fr\/wp-content\/uploads\/2022\/05\/INAUGURATION2-1024x768.jpg\" alt=\"\" class=\"wp-image-3589\" srcset=\"https:\/\/cdsportadapte57.fr\/wp-content\/uploads\/2022\/05\/INAUGURATION2-1024x768.jpg 1024w, https:\/\/cdsportadapte57.fr\/wp-content\/uploads\/2022\/05\/INAUGURATION2-300x225.jpg 300w, https:\/\/cdsportadapte57.fr\/wp-content\/uploads\/2022\/05\/INAUGURATION2-768x576.jpg 768w, https:\/\/cdsportadapte57.fr\/wp-content\/uploads\/2022\/05\/INAUGURATION2.jpg 1280w\" sizes=\"auto, (max-width: 1024px) 100vw, 1024px\" \/><\/figure>\n\n\n\n<figure class=\"wp-block-image size-large\"><img loading=\"lazy\" decoding=\"async\" width=\"1024\" height=\"633\" src=\"http:\/\/cdsportadapte57.fr\/wp-content\/uploads\/2022\/05\/IMG_0267-2-1024x633.jpg\" alt=\"\" class=\"wp-image-3592\" srcset=\"https:\/\/cdsportadapte57.fr\/wp-content\/uploads\/2022\/05\/IMG_0267-2-1024x633.jpg 1024w, https:\/\/cdsportadapte57.fr\/wp-content\/uploads\/2022\/05\/IMG_0267-2-300x185.jpg 300w, https:\/\/cdsportadapte57.fr\/wp-content\/uploads\/2022\/05\/IMG_0267-2-768x475.jpg 768w, https:\/\/cdsportadapte57.fr\/wp-content\/uploads\/2022\/05\/IMG_0267-2.jpg 1280w\" sizes=\"auto, (max-width: 1024px) 100vw, 1024px\" \/><\/figure>\n\n\n\n<p class=\"wp-block-paragraph\">Une seconde caravelle a \u00e9t\u00e9 construite \u00ab\u00a0le Pierre Villers\u00a0\u00bb toujours au sein de l&rsquo;IMPRO, et une autre est en cours de construction.<\/p>\n\n\n\n<p class=\"wp-block-paragraph\">Depuis quelques temps, des jeunes de L&rsquo;IME Le Point du Jour vont en \u00e9cole de voile les mercredi matin et des groupes viennent r\u00e9guli\u00e8rement s&rsquo;initier \u00e0 la voile les mardi ou jeudi.<\/p>\n\n\n\n<figure class=\"wp-block-image size-large\"><img loading=\"lazy\" decoding=\"async\" width=\"768\" height=\"1024\" src=\"http:\/\/cdsportadapte57.fr\/wp-content\/uploads\/2022\/05\/IME1-1-rotated.jpeg\" alt=\"\" class=\"wp-image-3585\" srcset=\"https:\/\/cdsportadapte57.fr\/wp-content\/uploads\/2022\/05\/IME1-1-rotated.jpeg 768w, https:\/\/cdsportadapte57.fr\/wp-content\/uploads\/2022\/05\/IME1-1-225x300.jpeg 225w\" sizes=\"auto, (max-width: 768px) 100vw, 768px\" \/><\/figure>\n\n\n\n<figure class=\"wp-block-image size-large\"><img loading=\"lazy\" decoding=\"async\" width=\"768\" height=\"1024\" src=\"http:\/\/cdsportadapte57.fr\/wp-content\/uploads\/2022\/05\/IME2-rotated.jpeg\" alt=\"\" class=\"wp-image-3586\" srcset=\"https:\/\/cdsportadapte57.fr\/wp-content\/uploads\/2022\/05\/IME2-rotated.jpeg 768w, https:\/\/cdsportadapte57.fr\/wp-content\/uploads\/2022\/05\/IME2-225x300.jpeg 225w\" sizes=\"auto, (max-width: 768px) 100vw, 768px\" \/><\/figure>\n\n\n\n<p class=\"wp-block-paragraph\">Bravo et bienvenue  \u00e0 la SNBM pour son affiliation \u00e0 la FFSA ! <\/p>\n","protected":false},"excerpt":{"rendered":"<p>Depuis le 4 mai 2022 , la SNBM est officiellement adh\u00e9rente comme membre titulaire de la FFSA et nous ne pouvons que nous en r\u00e9jouir. Cette adh\u00e9sion est une suite&hellip; <\/p>\n","protected":false},"author":16,"featured_media":3586,"comment_status":"open","ping_status":"open","sticky":false,"template":"","format":"standard","meta":{"_crdt_document":"","jetpack_post_was_ever_published":false,"_jetpack_newsletter_access":"","_jetpack_dont_email_post_to_subs":false,"_jetpack_newsletter_tier_id":0,"_jetpack_memberships_contains_paywalled_content":false,"_jetpack_memberships_contains_paid_content":false,"footnotes":"","jetpack_publicize_message":"","jetpack_publicize_feature_enabled":true,"jetpack_social_post_already_shared":true,"jetpack_social_options":{"image_generator_settings":{"template":"highway","default_image_id":0,"font":"","enabled":false},"version":2}},"categories":[7,1],"tags":[223,11,40,106,108],"class_list":["post-3582","post","type-post","status-publish","format-standard","has-post-thumbnail","hentry","category-les-infos-du-cdsa-de-moselle","category-non-classe","tag-affiliation","tag-cdsa57","tag-ffsa","tag-snbm","tag-voile"],"jetpack_publicize_connections":[],"jetpack_featured_media_url":"https:\/\/cdsportadapte57.fr\/wp-content\/uploads\/2022\/05\/IME2-rotated.jpeg","jetpack_sharing_enabled":true,"jetpack_shortlink":"https:\/\/wp.me\/pasBZt-VM","_links":{"self":[{"href":"https:\/\/cdsportadapte57.fr\/index.php?rest_route=\/wp\/v2\/posts\/3582","targetHints":{"allow":["GET"]}}],"collection":[{"href":"https:\/\/cdsportadapte57.fr\/index.php?rest_route=\/wp\/v2\/posts"}],"about":[{"href":"https:\/\/cdsportadapte57.fr\/index.php?rest_route=\/wp\/v2\/types\/post"}],"author":[{"embeddable":true,"href":"https:\/\/cdsportadapte57.fr\/index.php?rest_route=\/wp\/v2\/users\/16"}],"replies":[{"embeddable":true,"href":"https:\/\/cdsportadapte57.fr\/index.php?rest_route=%2Fwp%2Fv2%2Fcomments&post=3582"}],"version-history":[{"count":7,"href":"https:\/\/cdsportadapte57.fr\/index.php?rest_route=\/wp\/v2\/posts\/3582\/revisions"}],"predecessor-version":[{"id":3595,"href":"https:\/\/cdsportadapte57.fr\/index.php?rest_route=\/wp\/v2\/posts\/3582\/revisions\/3595"}],"wp:featuredmedia":[{"embeddable":true,"href":"https:\/\/cdsportadapte57.fr\/index.php?rest_route=\/wp\/v2\/media\/3586"}],"wp:attachment":[{"href":"https:\/\/cdsportadapte57.fr\/index.php?rest_route=%2Fwp%2Fv2%2Fmedia&parent=3582"}],"wp:term":[{"taxonomy":"category","embeddable":true,"href":"https:\/\/cdsportadapte57.fr\/index.php?rest_route=%2Fwp%2Fv2%2Fcategories&post=3582"},{"taxonomy":"post_tag","embeddable":true,"href":"https:\/\/cdsportadapte57.fr\/index.php?rest_route=%2Fwp%2Fv2%2Ftags&post=3582"}],"curies":[{"name":"wp","href":"https:\/\/api.w.org\/{rel}","templated":true}]}}