{"id":3533,"date":"2022-05-09T16:53:46","date_gmt":"2022-05-09T14:53:46","guid":{"rendered":"http:\/\/cdsportadapte57.fr\/?p=3533"},"modified":"2022-05-09T16:53:50","modified_gmt":"2022-05-09T14:53:50","slug":"affiliation-de-larc-club-de-montigny-les-metz-a-la-ffsa","status":"publish","type":"post","link":"https:\/\/cdsportadapte57.fr\/?p=3533","title":{"rendered":"Affiliation de l&rsquo;Arc Club de Montigny-les-Metz \u00e0 la FFSA"},"content":{"rendered":"\n<figure class=\"wp-block-image size-large\"><img loading=\"lazy\" decoding=\"async\" width=\"1024\" height=\"576\" src=\"http:\/\/cdsportadapte57.fr\/wp-content\/uploads\/2022\/05\/20220429_204742-1024x576.jpg\" alt=\"\" class=\"wp-image-3536\" srcset=\"https:\/\/cdsportadapte57.fr\/wp-content\/uploads\/2022\/05\/20220429_204742-1024x576.jpg 1024w, https:\/\/cdsportadapte57.fr\/wp-content\/uploads\/2022\/05\/20220429_204742-300x169.jpg 300w, https:\/\/cdsportadapte57.fr\/wp-content\/uploads\/2022\/05\/20220429_204742-768x432.jpg 768w, https:\/\/cdsportadapte57.fr\/wp-content\/uploads\/2022\/05\/20220429_204742-1536x864.jpg 1536w, https:\/\/cdsportadapte57.fr\/wp-content\/uploads\/2022\/05\/20220429_204742-2048x1152.jpg 2048w\" sizes=\"auto, (max-width: 1024px) 100vw, 1024px\" \/><figcaption>Photo prise lors de notre AG <\/figcaption><\/figure>\n\n\n\n<p class=\"wp-block-paragraph\">\u00a0<br>Le Club s\u2019est affili\u00e9 \u00e0 la F\u00e9d\u00e9ration Fran\u00e7aise de Sport Adapt\u00e9 et \u00e0 la F\u00e9d\u00e9ration Fran\u00e7aise Handisport. Ainsi les personnes en situation de handicap, mental , psychique, physique ou sensoriel pourront ainsi s\u2019initier et pratiquer le Tir au sein du Club.<\/p>\n\n\n\n<p class=\"wp-block-paragraph\">Cette volont\u00e9 du Comit\u00e9 de L\u2019Arc Club de Montigny-les-Metz est motiv\u00e9e par des valeurs fortes du sport et de la citoyennet\u00e9 port\u00e9es par le club. Ainsi, celui-ci d\u00e9sire donner l\u2019acc\u00e8s au sport \u00e0 toutes les personnes porteuses d\u2019un handicap, et contribuer ainsi \u00e0 leur permettre d\u2019\u00eatre en bonne sant\u00e9 autant physique que morale. <\/p>\n\n\n\n<p class=\"wp-block-paragraph\">Trois entra\u00eeneurs  accueillent  d\u00e9j\u00e0 des personnes en situation de handicap sur tous les sites d\u2019entra\u00eenement de l\u2019Arc Club et interviennent aussi dans des \u00e9tablissements m\u00e9dico-sociaux de l\u2019agglom\u00e9ration messine.<\/p>\n\n\n\n<p class=\"wp-block-paragraph\">Une journ\u00e9e d\u00e9couverte est d\u00e9j\u00e0 pr\u00e9vue le 17 novembre au gymnase Jean Mermoz avec le CDSA57&nbsp;<\/p>\n","protected":false},"excerpt":{"rendered":"<p>\u00a0Le Club s\u2019est affili\u00e9 \u00e0 la F\u00e9d\u00e9ration Fran\u00e7aise de Sport Adapt\u00e9 et \u00e0 la F\u00e9d\u00e9ration Fran\u00e7aise Handisport. Ainsi les personnes en situation de handicap, mental , psychique, physique ou sensoriel&hellip; <\/p>\n","protected":false},"author":16,"featured_media":3536,"comment_status":"open","ping_status":"open","sticky":false,"template":"","format":"standard","meta":{"_crdt_document":"","jetpack_post_was_ever_published":false,"_jetpack_newsletter_access":"","_jetpack_dont_email_post_to_subs":false,"_jetpack_newsletter_tier_id":0,"_jetpack_memberships_contains_paywalled_content":false,"_jetpack_memberships_contains_paid_content":false,"footnotes":"","jetpack_publicize_message":"","jetpack_publicize_feature_enabled":true,"jetpack_social_post_already_shared":true,"jetpack_social_options":{"image_generator_settings":{"template":"highway","default_image_id":0,"font":"","enabled":false},"version":2}},"categories":[9],"tags":[223,222,224],"class_list":["post-3533","post","type-post","status-publish","format-standard","has-post-thumbnail","hentry","category-le-comite-de-sport-adapte-57","tag-affiliation","tag-arc-club-de-montigny-les-metz","tag-cdsa47"],"jetpack_publicize_connections":[],"jetpack_featured_media_url":"https:\/\/cdsportadapte57.fr\/wp-content\/uploads\/2022\/05\/20220429_204742.jpg","jetpack_sharing_enabled":true,"jetpack_shortlink":"https:\/\/wp.me\/pasBZt-UZ","_links":{"self":[{"href":"https:\/\/cdsportadapte57.fr\/index.php?rest_route=\/wp\/v2\/posts\/3533","targetHints":{"allow":["GET"]}}],"collection":[{"href":"https:\/\/cdsportadapte57.fr\/index.php?rest_route=\/wp\/v2\/posts"}],"about":[{"href":"https:\/\/cdsportadapte57.fr\/index.php?rest_route=\/wp\/v2\/types\/post"}],"author":[{"embeddable":true,"href":"https:\/\/cdsportadapte57.fr\/index.php?rest_route=\/wp\/v2\/users\/16"}],"replies":[{"embeddable":true,"href":"https:\/\/cdsportadapte57.fr\/index.php?rest_route=%2Fwp%2Fv2%2Fcomments&post=3533"}],"version-history":[{"count":4,"href":"https:\/\/cdsportadapte57.fr\/index.php?rest_route=\/wp\/v2\/posts\/3533\/revisions"}],"predecessor-version":[{"id":3538,"href":"https:\/\/cdsportadapte57.fr\/index.php?rest_route=\/wp\/v2\/posts\/3533\/revisions\/3538"}],"wp:featuredmedia":[{"embeddable":true,"href":"https:\/\/cdsportadapte57.fr\/index.php?rest_route=\/wp\/v2\/media\/3536"}],"wp:attachment":[{"href":"https:\/\/cdsportadapte57.fr\/index.php?rest_route=%2Fwp%2Fv2%2Fmedia&parent=3533"}],"wp:term":[{"taxonomy":"category","embeddable":true,"href":"https:\/\/cdsportadapte57.fr\/index.php?rest_route=%2Fwp%2Fv2%2Fcategories&post=3533"},{"taxonomy":"post_tag","embeddable":true,"href":"https:\/\/cdsportadapte57.fr\/index.php?rest_route=%2Fwp%2Fv2%2Ftags&post=3533"}],"curies":[{"name":"wp","href":"https:\/\/api.w.org\/{rel}","templated":true}]}}