{"id":3502,"date":"2022-05-07T16:26:48","date_gmt":"2022-05-07T14:26:48","guid":{"rendered":"http:\/\/cdsportadapte57.fr\/?p=3502"},"modified":"2022-05-07T16:26:52","modified_gmt":"2022-05-07T14:26:52","slug":"journee-portes-ouvertes-a-lesat-de-varize","status":"publish","type":"post","link":"https:\/\/cdsportadapte57.fr\/?p=3502","title":{"rendered":"Journ\u00e9e portes ouvertes \u00e0 l&rsquo;ESAT de Varize"},"content":{"rendered":"\n<p class=\"wp-block-paragraph\">Nous \u00e9tions pr\u00e9sents ce samedi matin \u00e0 la journ\u00e9e portes ouvertes de l&rsquo;ESAT de Varize. <\/p>\n\n\n\n<p class=\"wp-block-paragraph\">De nombreuses activit\u00e9s \u00e9taient propos\u00e9es aux visiteurs (visites de la l\u00e9gumerie, du foyer, &#8230;.) et possibilit\u00e9 de se restaurer \u00e0 l&rsquo;auberge.<\/p>\n\n\n\n<p class=\"wp-block-paragraph\">L&rsquo;initiative de Sarah a remport\u00e9 un vif succ\u00e8s, ce sont les usagers qui sont devenus les profs de sport ! Ils ont pris cette responsabilit\u00e9 avec beaucoup d&rsquo;enthousiasme et de s\u00e9rieux et c&rsquo;est avec plaisir qu&rsquo;ils accueillaient les participants et les coachaient! <\/p>\n\n\n\n<p class=\"wp-block-paragraph\">Une belle journ\u00e9e sous le soleil.<\/p>\n\n\n\n<figure class=\"wp-block-image size-large\"><img loading=\"lazy\" decoding=\"async\" width=\"750\" height=\"563\" src=\"http:\/\/cdsportadapte57.fr\/wp-content\/uploads\/2022\/05\/afaedam1.jpg\" alt=\"\" class=\"wp-image-3503\" srcset=\"https:\/\/cdsportadapte57.fr\/wp-content\/uploads\/2022\/05\/afaedam1.jpg 750w, https:\/\/cdsportadapte57.fr\/wp-content\/uploads\/2022\/05\/afaedam1-300x225.jpg 300w\" sizes=\"auto, (max-width: 750px) 100vw, 750px\" \/><\/figure>\n\n\n\n<figure class=\"wp-block-image size-large\"><img loading=\"lazy\" decoding=\"async\" width=\"750\" height=\"563\" src=\"http:\/\/cdsportadapte57.fr\/wp-content\/uploads\/2022\/05\/afaedam2.jpg\" alt=\"\" class=\"wp-image-3504\" srcset=\"https:\/\/cdsportadapte57.fr\/wp-content\/uploads\/2022\/05\/afaedam2.jpg 750w, https:\/\/cdsportadapte57.fr\/wp-content\/uploads\/2022\/05\/afaedam2-300x225.jpg 300w\" sizes=\"auto, (max-width: 750px) 100vw, 750px\" \/><\/figure>\n","protected":false},"excerpt":{"rendered":"<p>Nous \u00e9tions pr\u00e9sents ce samedi matin \u00e0 la journ\u00e9e portes ouvertes de l&rsquo;ESAT de Varize. De nombreuses activit\u00e9s \u00e9taient propos\u00e9es aux visiteurs (visites de la l\u00e9gumerie, du foyer, &#8230;.) et&hellip; <\/p>\n","protected":false},"author":16,"featured_media":3503,"comment_status":"open","ping_status":"open","sticky":false,"template":"","format":"standard","meta":{"_crdt_document":"","jetpack_post_was_ever_published":false,"_jetpack_newsletter_access":"","_jetpack_dont_email_post_to_subs":false,"_jetpack_newsletter_tier_id":0,"_jetpack_memberships_contains_paywalled_content":false,"_jetpack_memberships_contains_paid_content":false,"footnotes":"","jetpack_publicize_message":"","jetpack_publicize_feature_enabled":true,"jetpack_social_post_already_shared":true,"jetpack_social_options":{"image_generator_settings":{"template":"highway","default_image_id":0,"font":"","enabled":false},"version":2}},"categories":[9],"tags":[49,11,105,221],"class_list":["post-3502","post","type-post","status-publish","format-standard","has-post-thumbnail","hentry","category-le-comite-de-sport-adapte-57","tag-afaedam","tag-cdsa57","tag-portes-ouvertes","tag-varize"],"jetpack_publicize_connections":[],"jetpack_featured_media_url":"https:\/\/cdsportadapte57.fr\/wp-content\/uploads\/2022\/05\/afaedam1.jpg","jetpack_sharing_enabled":true,"jetpack_shortlink":"https:\/\/wp.me\/pasBZt-Uu","_links":{"self":[{"href":"https:\/\/cdsportadapte57.fr\/index.php?rest_route=\/wp\/v2\/posts\/3502","targetHints":{"allow":["GET"]}}],"collection":[{"href":"https:\/\/cdsportadapte57.fr\/index.php?rest_route=\/wp\/v2\/posts"}],"about":[{"href":"https:\/\/cdsportadapte57.fr\/index.php?rest_route=\/wp\/v2\/types\/post"}],"author":[{"embeddable":true,"href":"https:\/\/cdsportadapte57.fr\/index.php?rest_route=\/wp\/v2\/users\/16"}],"replies":[{"embeddable":true,"href":"https:\/\/cdsportadapte57.fr\/index.php?rest_route=%2Fwp%2Fv2%2Fcomments&post=3502"}],"version-history":[{"count":2,"href":"https:\/\/cdsportadapte57.fr\/index.php?rest_route=\/wp\/v2\/posts\/3502\/revisions"}],"predecessor-version":[{"id":3506,"href":"https:\/\/cdsportadapte57.fr\/index.php?rest_route=\/wp\/v2\/posts\/3502\/revisions\/3506"}],"wp:featuredmedia":[{"embeddable":true,"href":"https:\/\/cdsportadapte57.fr\/index.php?rest_route=\/wp\/v2\/media\/3503"}],"wp:attachment":[{"href":"https:\/\/cdsportadapte57.fr\/index.php?rest_route=%2Fwp%2Fv2%2Fmedia&parent=3502"}],"wp:term":[{"taxonomy":"category","embeddable":true,"href":"https:\/\/cdsportadapte57.fr\/index.php?rest_route=%2Fwp%2Fv2%2Fcategories&post=3502"},{"taxonomy":"post_tag","embeddable":true,"href":"https:\/\/cdsportadapte57.fr\/index.php?rest_route=%2Fwp%2Fv2%2Ftags&post=3502"}],"curies":[{"name":"wp","href":"https:\/\/api.w.org\/{rel}","templated":true}]}}