{"id":3472,"date":"2022-05-10T12:56:36","date_gmt":"2022-05-10T10:56:36","guid":{"rendered":"http:\/\/cdsportadapte57.fr\/?p=3472"},"modified":"2022-05-10T12:56:40","modified_gmt":"2022-05-10T10:56:40","slug":"assemblee-generale-du-29-avril-a-woippy","status":"publish","type":"post","link":"https:\/\/cdsportadapte57.fr\/?p=3472","title":{"rendered":"Assembl\u00e9e G\u00e9n\u00e9rale du 29 avril \u00e0 Woippy"},"content":{"rendered":"\n<p class=\"wp-block-paragraph\">Notre Assembl\u00e9e G\u00e9n\u00e9rale s&rsquo;est d\u00e9roul\u00e9e le vendredi 29 avril dans une salle que la mairie de  Woippy avait mis \u00e0 notre disposition et nous en profitons pour les remercier de leur accueil.<\/p>\n\n\n\n<figure class=\"wp-block-image size-large\"><img loading=\"lazy\" decoding=\"async\" width=\"1024\" height=\"768\" src=\"http:\/\/cdsportadapte57.fr\/wp-content\/uploads\/2022\/05\/102_0508-1024x768.jpg\" alt=\"\" class=\"wp-image-3485\" srcset=\"https:\/\/cdsportadapte57.fr\/wp-content\/uploads\/2022\/05\/102_0508-1024x768.jpg 1024w, https:\/\/cdsportadapte57.fr\/wp-content\/uploads\/2022\/05\/102_0508-300x225.jpg 300w, https:\/\/cdsportadapte57.fr\/wp-content\/uploads\/2022\/05\/102_0508-768x576.jpg 768w, https:\/\/cdsportadapte57.fr\/wp-content\/uploads\/2022\/05\/102_0508-1536x1152.jpg 1536w, https:\/\/cdsportadapte57.fr\/wp-content\/uploads\/2022\/05\/102_0508-2048x1536.jpg 2048w\" sizes=\"auto, (max-width: 1024px) 100vw, 1024px\" \/><figcaption>KODAK Digital Still Camera<\/figcaption><\/figure>\n\n\n\n<p class=\"has-text-align-center wp-block-paragraph\"><strong>Ordre du Jour<\/strong><\/p>\n\n\n\n<p class=\"wp-block-paragraph\">Ouverture de l\u2019assembl\u00e9e g\u00e9n\u00e9rale\u2022 Approbation du proc\u00e8s-verbal de l\u2019AG du 13 mars 2021 \u2022 Pr\u00e9sentation du rapport moral et du rapport d\u2019activit\u00e9 \u2022 Vote du rapport d\u2019activit\u00e9 \u2022 Pr\u00e9sentation du rapport financier et du rapport des r\u00e9viseurs  aux comptes \u2022 Vote du rapport financier \u2022 Affectation du r\u00e9sultat \u2022 Pr\u00e9sentation des perspectives 2022 \u2022 Pr\u00e9sentation et vote du budget 2022 \u2022 Questions diverses \u2022 Allocutions des personnalit\u00e9s <\/p>\n\n\n\n<figure class=\"wp-block-image size-large\"><img loading=\"lazy\" decoding=\"async\" width=\"1024\" height=\"768\" src=\"http:\/\/cdsportadapte57.fr\/wp-content\/uploads\/2022\/05\/102_0507-1024x768.jpg\" alt=\"\" class=\"wp-image-3475\" srcset=\"https:\/\/cdsportadapte57.fr\/wp-content\/uploads\/2022\/05\/102_0507-1024x768.jpg 1024w, https:\/\/cdsportadapte57.fr\/wp-content\/uploads\/2022\/05\/102_0507-300x225.jpg 300w, https:\/\/cdsportadapte57.fr\/wp-content\/uploads\/2022\/05\/102_0507-768x576.jpg 768w, https:\/\/cdsportadapte57.fr\/wp-content\/uploads\/2022\/05\/102_0507-1536x1152.jpg 1536w, https:\/\/cdsportadapte57.fr\/wp-content\/uploads\/2022\/05\/102_0507-2048x1536.jpg 2048w\" sizes=\"auto, (max-width: 1024px) 100vw, 1024px\" \/><figcaption>KODAK Digital Still Camera<\/figcaption><\/figure>\n\n\n\n<p class=\"has-text-align-center wp-block-paragraph\"><strong>R\u00e9sum\u00e9 des points importants<\/strong><\/p>\n\n\n\n<p class=\"wp-block-paragraph\"><strong> <\/strong><\/p>\n\n\n\n<p class=\"wp-block-paragraph\"> Inciter au d\u00e9veloppement de la cr\u00e9ation de sections \u00ab Sport Adapt\u00e9 \u00bb au sein de structures  sportives valides et les accompagner dans leur affiliation. Cette ambition, initi\u00e9e depuis la cr\u00e9ation du CDSA 57 par les b\u00e9n\u00e9voles a \u00e9t\u00e9 tr\u00e8s largement  poursuivie et amplifi\u00e9e par le travail de Sarah HELCK, recrut\u00e9e en qualit\u00e9 d\u2019agent de  d\u00e9veloppement depuis septembre 2020.  Malgr\u00e9 les difficult\u00e9s li\u00e9es \u00e0 la pand\u00e9mie plus de 30 contacts ont \u00e9t\u00e9 r\u00e9alis\u00e9s sur  l\u2019exercice 2021 avec un accroissement significatif des rencontres \u00e0 partir de  septembre. o Au cours des r\u00e9unions organis\u00e9es, divers sujets ont \u00e9t\u00e9 abord\u00e9s dans le but :  &#8211; de r\u00e9pondre aux interrogations et r\u00e9ticences suscit\u00e9es par la  m\u00e9connaissance du handicap mental et \/ou psychique  &#8211; d\u2019apporter l\u2019expertise et les conseils d\u2019une professionnelle APA-S <\/p>\n\n\n\n<figure class=\"wp-block-image size-large\"><img loading=\"lazy\" decoding=\"async\" width=\"633\" height=\"364\" src=\"http:\/\/cdsportadapte57.fr\/wp-content\/uploads\/2022\/05\/image.png\" alt=\"\" class=\"wp-image-3486\" srcset=\"https:\/\/cdsportadapte57.fr\/wp-content\/uploads\/2022\/05\/image.png 633w, https:\/\/cdsportadapte57.fr\/wp-content\/uploads\/2022\/05\/image-300x173.png 300w\" sizes=\"auto, (max-width: 633px) 100vw, 633px\" \/><\/figure>\n\n\n\n<p class=\"wp-block-paragraph\">Aides \u00e0 la reprise dans le cadre de l\u2019action \u00ab Je reprends mon sport \u00bb Du fait de la crise sanitaire, pendant les 8 premiers mois de l\u2019ann\u00e9e 2021, beaucoup  d\u2019associations sportives et d\u2019\u00e9tablissements m\u00e9dico-sociaux n\u2019ont que peu ou pas du tout  pratiqu\u00e9. Cet arr\u00eat brutal des manifestations et rencontres sportives organis\u00e9es a eu pour cons\u00e9quence  une perte substantielle de licenci\u00e9s sur la saison sportive 2020\/2021 mais \u00e9galement une perte  de clubs ou d\u2019associations sportives affili\u00e9s. <\/p>\n\n\n\n<p class=\"wp-block-paragraph\">La confection et la distribution d\u2019un livret sportif remis \u00e0 chaque participant des  diverses manifestations \u00ab <strong>Je d\u00e9couvre en bougeant<\/strong> \u00bb et \u00ab <strong>Activit\u00e9s motrices <\/strong>\u00bb  organis\u00e9es sur le territoire mosellan \u00e0 partir de janvier 2022. Ce livret, a pour objectif d\u2019inciter son possesseur \u00e0 une r\u00e9gularit\u00e9 de la pratique  physique et sportive et lui faciliter le suivi de sa progression.  Il pourra \u00e9galement \u00eatre utilis\u00e9 comme outil p\u00e9dagogique et interactif entre le  pratiquant licenci\u00e9, le club, les \u00e9ducateurs et la famille. <\/p>\n\n\n\n<p class=\"wp-block-paragraph\"><strong> Projet \u00ab Moselle Sport Ensemble \u00bb<\/strong> <\/p>\n\n\n\n<p class=\"wp-block-paragraph\">La rencontre avec d\u2019autres personnes favorise le d\u00e9cloisonnement des pratiquants en situation  de handicap. A partir de ce constat simple, il est donc \u00e9vident que l\u2019appartenance \u00e0 un m\u00eame club participe  grandement \u00e0 l\u2019inclusion dont tout le monde parle tant. Aussi, avec l\u2019objectif affirm\u00e9 de d\u00e9velopper l\u2019accessibilit\u00e9 aux clubs \u00ab ordinaires \u00bb pour ce  public, le Conseil D\u00e9partemental de la Moselle, le CDOS 57, le Comit\u00e9 D\u00e9partement Handisport  et le Comit\u00e9 D\u00e9partemental Sport Adapt\u00e9 ont d\u00e9cid\u00e9 d\u2019unir leurs forces dans la cr\u00e9ation de  \u00ab Moselle Sport Ensemble \u00bb. Ses missions :  \uf0b7 D\u00e9velopper sur le territoire mosellan des s\u00e9ances de sensibilisation \u00e0 destination des  b\u00e9n\u00e9voles, dirigeants et \u00e9ducateurs des clubs et associations sportives. \uf0b7 D\u2019accompagner dans la mise en \u0153uvre de sections sp\u00e9cifiques. \uf0b7 De suivre et valoriser les clubs par la cr\u00e9ation d\u2019un label disposant d\u2019un visuel  sp\u00e9cifique (cr\u00e9ation logo) <\/p>\n\n\n\n<p class=\"wp-block-paragraph\">Du fait de la longue p\u00e9riode de confinement, particuli\u00e8rement suivie par les ESMS eu \u00e9gard \u00e0  la fragilit\u00e9 du public et aux directives sp\u00e9cifiques des autorit\u00e9s de tutelle, Sarah HELCK a  propos\u00e9 une offre sportive alternative afin de conserver un lien avec les \u00e9ducateurs des clubs  et des \u00e9tablissements m\u00e9dico-sociaux. Ainsi, divers d\u00e9fis \u00ab Bricole ton sport \u00bb et challenges \u00ab Mixte ton jeu d\u2019antan \u00bb (imagin\u00e9s et  \u00e9labor\u00e9s par Sarah) ont ainsi \u00e9t\u00e9 mis en ligne sur nos r\u00e9seaux sociaux chaque quinzaine afin  d\u2019inciter la pratique d\u2019une activit\u00e9 physique adapt\u00e9e et cr\u00e9er une \u00e9mulation au sein des  \u00e9tablissements <\/p>\n\n\n\n<p class=\"wp-block-paragraph\">  \u00ab <strong>Activit\u00e9s motrices<\/strong> \u00bb C\u2019est la discipline embl\u00e9matique du Sport Adapt\u00e9. Ce sont des activit\u00e9s physiques s\u2019adressant  aux personnes dont les capacit\u00e9s intellectuelles, psycho-affectives et physiques ne permettent  pas de donner sens \u00e0 une pratique sportive codifi\u00e9e.  Compte tenu de la situation sanitaire et de la particularit\u00e9 du public concern\u00e9, ces rencontres  d\u2019activit\u00e9s physiques ont \u00e9t\u00e9 report\u00e9es en 2022 <\/p>\n\n\n\n<p class=\"wp-block-paragraph\">De nombreux invit\u00e9s \u00e9taient pr\u00e9sents et nous les remercions vivement de leur pr\u00e9sence ainsi que de leur int\u00e9r\u00eat et engagement envers le CDSA57 et surtout les personnes en situation de handicap.<\/p>\n\n\n\n<figure class=\"wp-block-gallery columns-3 is-cropped wp-block-gallery-1 is-layout-flex wp-block-gallery-is-layout-flex\"><ul class=\"blocks-gallery-grid\"><li class=\"blocks-gallery-item\"><figure><img loading=\"lazy\" decoding=\"async\" width=\"1024\" height=\"768\" src=\"http:\/\/cdsportadapte57.fr\/wp-content\/uploads\/2022\/05\/102_0511-1-1024x768.jpg\" alt=\"\" data-id=\"3477\" data-link=\"http:\/\/cdsportadapte57.fr\/?attachment_id=3477\" class=\"wp-image-3477\" srcset=\"https:\/\/cdsportadapte57.fr\/wp-content\/uploads\/2022\/05\/102_0511-1-1024x768.jpg 1024w, https:\/\/cdsportadapte57.fr\/wp-content\/uploads\/2022\/05\/102_0511-1-300x225.jpg 300w, https:\/\/cdsportadapte57.fr\/wp-content\/uploads\/2022\/05\/102_0511-1-768x576.jpg 768w, https:\/\/cdsportadapte57.fr\/wp-content\/uploads\/2022\/05\/102_0511-1-1536x1152.jpg 1536w, https:\/\/cdsportadapte57.fr\/wp-content\/uploads\/2022\/05\/102_0511-1-2048x1536.jpg 2048w\" sizes=\"auto, (max-width: 1024px) 100vw, 1024px\" \/><figcaption class=\"blocks-gallery-item__caption\">Monsieur C\u00e9dric Gouth, maire de Woippy<\/figcaption><\/figure><\/li><li class=\"blocks-gallery-item\"><figure><img loading=\"lazy\" decoding=\"async\" width=\"1024\" height=\"768\" src=\"http:\/\/cdsportadapte57.fr\/wp-content\/uploads\/2022\/05\/102_0512-1024x768.jpg\" alt=\"\" data-id=\"3478\" data-link=\"http:\/\/cdsportadapte57.fr\/?attachment_id=3478\" class=\"wp-image-3478\" srcset=\"https:\/\/cdsportadapte57.fr\/wp-content\/uploads\/2022\/05\/102_0512-1024x768.jpg 1024w, https:\/\/cdsportadapte57.fr\/wp-content\/uploads\/2022\/05\/102_0512-300x225.jpg 300w, https:\/\/cdsportadapte57.fr\/wp-content\/uploads\/2022\/05\/102_0512-768x576.jpg 768w, https:\/\/cdsportadapte57.fr\/wp-content\/uploads\/2022\/05\/102_0512-1536x1152.jpg 1536w, https:\/\/cdsportadapte57.fr\/wp-content\/uploads\/2022\/05\/102_0512-2048x1536.jpg 2048w\" sizes=\"auto, (max-width: 1024px) 100vw, 1024px\" \/><figcaption class=\"blocks-gallery-item__caption\">Monsieur Belkhir Belhaddad, d\u00e9put\u00e9 premi\u00e8re circonscription Moselle<\/figcaption><\/figure><\/li><li class=\"blocks-gallery-item\"><figure><img loading=\"lazy\" decoding=\"async\" width=\"1024\" height=\"768\" src=\"http:\/\/cdsportadapte57.fr\/wp-content\/uploads\/2022\/05\/102_0515-1024x768.jpg\" alt=\"\" data-id=\"3479\" data-link=\"http:\/\/cdsportadapte57.fr\/?attachment_id=3479\" class=\"wp-image-3479\" srcset=\"https:\/\/cdsportadapte57.fr\/wp-content\/uploads\/2022\/05\/102_0515-1024x768.jpg 1024w, https:\/\/cdsportadapte57.fr\/wp-content\/uploads\/2022\/05\/102_0515-300x225.jpg 300w, https:\/\/cdsportadapte57.fr\/wp-content\/uploads\/2022\/05\/102_0515-768x576.jpg 768w, https:\/\/cdsportadapte57.fr\/wp-content\/uploads\/2022\/05\/102_0515-1536x1152.jpg 1536w, https:\/\/cdsportadapte57.fr\/wp-content\/uploads\/2022\/05\/102_0515-2048x1536.jpg 2048w\" sizes=\"auto, (max-width: 1024px) 100vw, 1024px\" \/><figcaption class=\"blocks-gallery-item__caption\">Monsieur Jean Marie Donatello, Pr\u00e9sident Handisport<\/figcaption><\/figure><\/li><li class=\"blocks-gallery-item\"><figure><img loading=\"lazy\" decoding=\"async\" width=\"1024\" height=\"768\" src=\"http:\/\/cdsportadapte57.fr\/wp-content\/uploads\/2022\/05\/102_0516-1024x768.jpg\" alt=\"\" data-id=\"3480\" data-link=\"http:\/\/cdsportadapte57.fr\/?attachment_id=3480\" class=\"wp-image-3480\" srcset=\"https:\/\/cdsportadapte57.fr\/wp-content\/uploads\/2022\/05\/102_0516-1024x768.jpg 1024w, https:\/\/cdsportadapte57.fr\/wp-content\/uploads\/2022\/05\/102_0516-300x225.jpg 300w, https:\/\/cdsportadapte57.fr\/wp-content\/uploads\/2022\/05\/102_0516-768x576.jpg 768w, https:\/\/cdsportadapte57.fr\/wp-content\/uploads\/2022\/05\/102_0516-1536x1152.jpg 1536w, https:\/\/cdsportadapte57.fr\/wp-content\/uploads\/2022\/05\/102_0516-2048x1536.jpg 2048w\" sizes=\"auto, (max-width: 1024px) 100vw, 1024px\" \/><figcaption class=\"blocks-gallery-item__caption\"> &nbsp;M. Mathieu HUCKER, Adjoint au Maire d\u00e9l\u00e9gu\u00e9 aux Sports, aux S\u00e9niors et suppl\u00e9ant \u00e0 la Petite Enfance <\/figcaption><\/figure><\/li><li class=\"blocks-gallery-item\"><figure><img loading=\"lazy\" decoding=\"async\" width=\"1024\" height=\"768\" src=\"http:\/\/cdsportadapte57.fr\/wp-content\/uploads\/2022\/05\/102_0517-1024x768.jpg\" alt=\"\" data-id=\"3481\" data-link=\"http:\/\/cdsportadapte57.fr\/?attachment_id=3481\" class=\"wp-image-3481\" srcset=\"https:\/\/cdsportadapte57.fr\/wp-content\/uploads\/2022\/05\/102_0517-1024x768.jpg 1024w, https:\/\/cdsportadapte57.fr\/wp-content\/uploads\/2022\/05\/102_0517-300x225.jpg 300w, https:\/\/cdsportadapte57.fr\/wp-content\/uploads\/2022\/05\/102_0517-768x576.jpg 768w, https:\/\/cdsportadapte57.fr\/wp-content\/uploads\/2022\/05\/102_0517-1536x1152.jpg 1536w, https:\/\/cdsportadapte57.fr\/wp-content\/uploads\/2022\/05\/102_0517-2048x1536.jpg 2048w\" sizes=\"auto, (max-width: 1024px) 100vw, 1024px\" \/><figcaption class=\"blocks-gallery-item__caption\"> Monsieur Olivier Cottet,Directeur Acad\u00e9mique des Services de l&rsquo;\u00c9ducation Nationale de la Moselle Madame St\u00e9phanie Hagg  <\/figcaption><\/figure><\/li><li class=\"blocks-gallery-item\"><figure><img loading=\"lazy\" decoding=\"async\" width=\"1024\" height=\"768\" src=\"http:\/\/cdsportadapte57.fr\/wp-content\/uploads\/2022\/05\/102_0518-1024x768.jpg\" alt=\"\" data-id=\"3482\" data-link=\"http:\/\/cdsportadapte57.fr\/?attachment_id=3482\" class=\"wp-image-3482\" srcset=\"https:\/\/cdsportadapte57.fr\/wp-content\/uploads\/2022\/05\/102_0518-1024x768.jpg 1024w, https:\/\/cdsportadapte57.fr\/wp-content\/uploads\/2022\/05\/102_0518-300x225.jpg 300w, https:\/\/cdsportadapte57.fr\/wp-content\/uploads\/2022\/05\/102_0518-768x576.jpg 768w, https:\/\/cdsportadapte57.fr\/wp-content\/uploads\/2022\/05\/102_0518-1536x1152.jpg 1536w, https:\/\/cdsportadapte57.fr\/wp-content\/uploads\/2022\/05\/102_0518-2048x1536.jpg 2048w\" sizes=\"auto, (max-width: 1024px) 100vw, 1024px\" \/><figcaption class=\"blocks-gallery-item__caption\">Monsieur Armel Chabane ,vice-pr\u00e9sident du d\u00e9partement<\/figcaption><\/figure><\/li><li class=\"blocks-gallery-item\"><figure><img loading=\"lazy\" decoding=\"async\" width=\"1024\" height=\"768\" src=\"http:\/\/cdsportadapte57.fr\/wp-content\/uploads\/2022\/05\/102_0519-1024x768.jpg\" alt=\"\" data-id=\"3483\" data-link=\"http:\/\/cdsportadapte57.fr\/?attachment_id=3483\" class=\"wp-image-3483\" srcset=\"https:\/\/cdsportadapte57.fr\/wp-content\/uploads\/2022\/05\/102_0519-1024x768.jpg 1024w, https:\/\/cdsportadapte57.fr\/wp-content\/uploads\/2022\/05\/102_0519-300x225.jpg 300w, https:\/\/cdsportadapte57.fr\/wp-content\/uploads\/2022\/05\/102_0519-768x576.jpg 768w, https:\/\/cdsportadapte57.fr\/wp-content\/uploads\/2022\/05\/102_0519-1536x1152.jpg 1536w, https:\/\/cdsportadapte57.fr\/wp-content\/uploads\/2022\/05\/102_0519-2048x1536.jpg 2048w\" sizes=\"auto, (max-width: 1024px) 100vw, 1024px\" \/><figcaption class=\"blocks-gallery-item__caption\">Monsieur Jacoby Pr\u00e9sident APEIVO<\/figcaption><\/figure><\/li><li class=\"blocks-gallery-item\"><figure><img loading=\"lazy\" decoding=\"async\" width=\"1024\" height=\"768\" src=\"http:\/\/cdsportadapte57.fr\/wp-content\/uploads\/2022\/05\/102_0521-1024x768.jpg\" alt=\"\" data-id=\"3484\" data-full-url=\"http:\/\/cdsportadapte57.fr\/wp-content\/uploads\/2022\/05\/102_0521-scaled.jpg\" data-link=\"http:\/\/cdsportadapte57.fr\/?attachment_id=3484\" class=\"wp-image-3484\" srcset=\"https:\/\/cdsportadapte57.fr\/wp-content\/uploads\/2022\/05\/102_0521-1024x768.jpg 1024w, https:\/\/cdsportadapte57.fr\/wp-content\/uploads\/2022\/05\/102_0521-300x225.jpg 300w, https:\/\/cdsportadapte57.fr\/wp-content\/uploads\/2022\/05\/102_0521-768x576.jpg 768w, https:\/\/cdsportadapte57.fr\/wp-content\/uploads\/2022\/05\/102_0521-1536x1152.jpg 1536w, https:\/\/cdsportadapte57.fr\/wp-content\/uploads\/2022\/05\/102_0521-2048x1536.jpg 2048w\" sizes=\"auto, (max-width: 1024px) 100vw, 1024px\" \/><figcaption class=\"blocks-gallery-item__caption\">Monsieur Solimine Pr\u00e9sident APEI de Moselle<\/figcaption><\/figure><\/li><\/ul><figcaption class=\"blocks-gallery-caption\">Prise de paroles des invit\u00e9s par ordre chronologique de leur intervention.<\/figcaption><\/figure>\n\n\n\n<p class=\"wp-block-paragraph\">Les repr\u00e9sentants des clubs sportifs mosellans et des comit\u00e9s d\u00e9partementaux \u00e9taient \u00e9galement pr\u00e9sents et tous ces b\u00e9n\u00e9voles nous accompagnent, s&rsquo;investissent toute l&rsquo;ann\u00e9e, sans compter.<strong> <em>Sans eux<\/em><\/strong>, rien ne serait possible&#8230;<strong><em>Gr\u00e2ce \u00e0 eux<\/em><\/strong>, de nombreuses personnes en situation de handicap mental et\/ou psychique peuvent d\u00e9couvrir des sports et surtout le pratiquer de fa\u00e7on p\u00e9renne.<\/p>\n\n\n\n<p class=\"wp-block-paragraph\">Notre Assembl\u00e9e G\u00e9n\u00e9rale s&rsquo;est cl\u00f4tur\u00e9e par un pot de l&rsquo;amiti\u00e9, comme le veut la tradition. L&rsquo;occasion pour tous de se rencontrer et d&rsquo;\u00e9chafauder de nouveaux projets.<\/p>\n\n\n","protected":false},"excerpt":{"rendered":"<p>Notre Assembl\u00e9e G\u00e9n\u00e9rale s&rsquo;est d\u00e9roul\u00e9e le vendredi 29 avril dans une salle que la mairie de Woippy avait mis \u00e0 notre disposition et nous en profitons pour les remercier de&hellip; <\/p>\n","protected":false},"author":16,"featured_media":3493,"comment_status":"open","ping_status":"open","sticky":false,"template":"","format":"standard","meta":{"_crdt_document":"","jetpack_post_was_ever_published":false,"_jetpack_newsletter_access":"","_jetpack_dont_email_post_to_subs":false,"_jetpack_newsletter_tier_id":0,"_jetpack_memberships_contains_paywalled_content":false,"_jetpack_memberships_contains_paid_content":false,"footnotes":"","jetpack_publicize_message":"","jetpack_publicize_feature_enabled":true,"jetpack_social_post_already_shared":true,"jetpack_social_options":{"image_generator_settings":{"template":"highway","default_image_id":0,"font":"","enabled":false},"version":2}},"categories":[9,1],"tags":[93,11,175],"class_list":["post-3472","post","type-post","status-publish","format-standard","has-post-thumbnail","hentry","category-le-comite-de-sport-adapte-57","category-non-classe","tag-assemblee-generale","tag-cdsa57","tag-woippy"],"jetpack_publicize_connections":[],"jetpack_featured_media_url":"https:\/\/cdsportadapte57.fr\/wp-content\/uploads\/2022\/05\/102_0509-scaled.jpg","jetpack_sharing_enabled":true,"jetpack_shortlink":"https:\/\/wp.me\/pasBZt-U0","_links":{"self":[{"href":"https:\/\/cdsportadapte57.fr\/index.php?rest_route=\/wp\/v2\/posts\/3472","targetHints":{"allow":["GET"]}}],"collection":[{"href":"https:\/\/cdsportadapte57.fr\/index.php?rest_route=\/wp\/v2\/posts"}],"about":[{"href":"https:\/\/cdsportadapte57.fr\/index.php?rest_route=\/wp\/v2\/types\/post"}],"author":[{"embeddable":true,"href":"https:\/\/cdsportadapte57.fr\/index.php?rest_route=\/wp\/v2\/users\/16"}],"replies":[{"embeddable":true,"href":"https:\/\/cdsportadapte57.fr\/index.php?rest_route=%2Fwp%2Fv2%2Fcomments&post=3472"}],"version-history":[{"count":9,"href":"https:\/\/cdsportadapte57.fr\/index.php?rest_route=\/wp\/v2\/posts\/3472\/revisions"}],"predecessor-version":[{"id":3497,"href":"https:\/\/cdsportadapte57.fr\/index.php?rest_route=\/wp\/v2\/posts\/3472\/revisions\/3497"}],"wp:featuredmedia":[{"embeddable":true,"href":"https:\/\/cdsportadapte57.fr\/index.php?rest_route=\/wp\/v2\/media\/3493"}],"wp:attachment":[{"href":"https:\/\/cdsportadapte57.fr\/index.php?rest_route=%2Fwp%2Fv2%2Fmedia&parent=3472"}],"wp:term":[{"taxonomy":"category","embeddable":true,"href":"https:\/\/cdsportadapte57.fr\/index.php?rest_route=%2Fwp%2Fv2%2Fcategories&post=3472"},{"taxonomy":"post_tag","embeddable":true,"href":"https:\/\/cdsportadapte57.fr\/index.php?rest_route=%2Fwp%2Fv2%2Ftags&post=3472"}],"curies":[{"name":"wp","href":"https:\/\/api.w.org\/{rel}","templated":true}]}}