{"id":3295,"date":"2022-03-23T17:38:06","date_gmt":"2022-03-23T16:38:06","guid":{"rendered":"http:\/\/cdsportadapte57.fr\/?p=3295"},"modified":"2022-03-23T17:38:10","modified_gmt":"2022-03-23T16:38:10","slug":"king-boxing-le-7-avril-a-mondelange","status":"publish","type":"post","link":"https:\/\/cdsportadapte57.fr\/?p=3295","title":{"rendered":"King-Boxing le 7 avril \u00e0 Mondelange"},"content":{"rendered":"\n<p class=\"wp-block-paragraph\"><strong>La prochaine manifestation du Comit\u00e9 D\u00e9partemental Sport Adapt\u00e9 de Moselle en collaboration avec le CP Mondelange aura lieu le 7 avril 2022 de 9h30 \u00e0 15h30 \u00e0 Mondelange rue du G\u00e9n\u00e9ral de Gaulle, 57300 Mondelange. Vous voulez \u00eatre le roi ou la reine de la boxe le temps d&rsquo;une journ\u00e9e !\u00a0<\/strong><\/p>\n\n\n\n<figure class=\"wp-block-image size-large\"><img loading=\"lazy\" decoding=\"async\" width=\"724\" height=\"1024\" src=\"http:\/\/cdsportadapte57.fr\/wp-content\/uploads\/2022\/03\/Affiche-Boxe-page-001-724x1024.jpg\" alt=\"\" class=\"wp-image-3296\" srcset=\"https:\/\/cdsportadapte57.fr\/wp-content\/uploads\/2022\/03\/Affiche-Boxe-page-001-724x1024.jpg 724w, https:\/\/cdsportadapte57.fr\/wp-content\/uploads\/2022\/03\/Affiche-Boxe-page-001-212x300.jpg 212w, https:\/\/cdsportadapte57.fr\/wp-content\/uploads\/2022\/03\/Affiche-Boxe-page-001-768x1086.jpg 768w, https:\/\/cdsportadapte57.fr\/wp-content\/uploads\/2022\/03\/Affiche-Boxe-page-001-1086x1536.jpg 1086w, https:\/\/cdsportadapte57.fr\/wp-content\/uploads\/2022\/03\/Affiche-Boxe-page-001.jpg 1240w\" sizes=\"auto, (max-width: 724px) 100vw, 724px\" \/><\/figure>\n\n\n\n<figure class=\"wp-block-image size-large\"><img loading=\"lazy\" decoding=\"async\" width=\"724\" height=\"1024\" src=\"http:\/\/cdsportadapte57.fr\/wp-content\/uploads\/2022\/03\/Fiche-organisationelle-Boxe-page-001-724x1024.jpg\" alt=\"\" class=\"wp-image-3297\" srcset=\"https:\/\/cdsportadapte57.fr\/wp-content\/uploads\/2022\/03\/Fiche-organisationelle-Boxe-page-001-724x1024.jpg 724w, https:\/\/cdsportadapte57.fr\/wp-content\/uploads\/2022\/03\/Fiche-organisationelle-Boxe-page-001-212x300.jpg 212w, https:\/\/cdsportadapte57.fr\/wp-content\/uploads\/2022\/03\/Fiche-organisationelle-Boxe-page-001-768x1086.jpg 768w, https:\/\/cdsportadapte57.fr\/wp-content\/uploads\/2022\/03\/Fiche-organisationelle-Boxe-page-001-1086x1536.jpg 1086w, https:\/\/cdsportadapte57.fr\/wp-content\/uploads\/2022\/03\/Fiche-organisationelle-Boxe-page-001.jpg 1240w\" sizes=\"auto, (max-width: 724px) 100vw, 724px\" \/><\/figure>\n","protected":false},"excerpt":{"rendered":"<p>La prochaine manifestation du Comit\u00e9 D\u00e9partemental Sport Adapt\u00e9 de Moselle en collaboration avec le CP Mondelange aura lieu le 7 avril 2022 de 9h30 \u00e0 15h30 \u00e0 Mondelange rue du&hellip; <\/p>\n","protected":false},"author":16,"featured_media":3296,"comment_status":"open","ping_status":"open","sticky":false,"template":"","format":"standard","meta":{"_crdt_document":"","jetpack_post_was_ever_published":false,"_jetpack_newsletter_access":"","_jetpack_dont_email_post_to_subs":false,"_jetpack_newsletter_tier_id":0,"_jetpack_memberships_contains_paywalled_content":false,"_jetpack_memberships_contains_paid_content":false,"footnotes":"","jetpack_publicize_message":"","jetpack_publicize_feature_enabled":true,"jetpack_social_post_already_shared":true,"jetpack_social_options":{"image_generator_settings":{"template":"highway","default_image_id":0,"font":"","enabled":false},"version":2}},"categories":[1],"tags":[11,192],"class_list":["post-3295","post","type-post","status-publish","format-standard","has-post-thumbnail","hentry","category-non-classe","tag-cdsa57","tag-cp-mondelange-boxe"],"jetpack_publicize_connections":[],"jetpack_featured_media_url":"https:\/\/cdsportadapte57.fr\/wp-content\/uploads\/2022\/03\/Affiche-Boxe-page-001.jpg","jetpack_sharing_enabled":true,"jetpack_shortlink":"https:\/\/wp.me\/pasBZt-R9","_links":{"self":[{"href":"https:\/\/cdsportadapte57.fr\/index.php?rest_route=\/wp\/v2\/posts\/3295","targetHints":{"allow":["GET"]}}],"collection":[{"href":"https:\/\/cdsportadapte57.fr\/index.php?rest_route=\/wp\/v2\/posts"}],"about":[{"href":"https:\/\/cdsportadapte57.fr\/index.php?rest_route=\/wp\/v2\/types\/post"}],"author":[{"embeddable":true,"href":"https:\/\/cdsportadapte57.fr\/index.php?rest_route=\/wp\/v2\/users\/16"}],"replies":[{"embeddable":true,"href":"https:\/\/cdsportadapte57.fr\/index.php?rest_route=%2Fwp%2Fv2%2Fcomments&post=3295"}],"version-history":[{"count":1,"href":"https:\/\/cdsportadapte57.fr\/index.php?rest_route=\/wp\/v2\/posts\/3295\/revisions"}],"predecessor-version":[{"id":3298,"href":"https:\/\/cdsportadapte57.fr\/index.php?rest_route=\/wp\/v2\/posts\/3295\/revisions\/3298"}],"wp:featuredmedia":[{"embeddable":true,"href":"https:\/\/cdsportadapte57.fr\/index.php?rest_route=\/wp\/v2\/media\/3296"}],"wp:attachment":[{"href":"https:\/\/cdsportadapte57.fr\/index.php?rest_route=%2Fwp%2Fv2%2Fmedia&parent=3295"}],"wp:term":[{"taxonomy":"category","embeddable":true,"href":"https:\/\/cdsportadapte57.fr\/index.php?rest_route=%2Fwp%2Fv2%2Fcategories&post=3295"},{"taxonomy":"post_tag","embeddable":true,"href":"https:\/\/cdsportadapte57.fr\/index.php?rest_route=%2Fwp%2Fv2%2Ftags&post=3295"}],"curies":[{"name":"wp","href":"https:\/\/api.w.org\/{rel}","templated":true}]}}