{"id":3282,"date":"2022-03-07T13:17:41","date_gmt":"2022-03-07T12:17:41","guid":{"rendered":"http:\/\/cdsportadapte57.fr\/?p=3282"},"modified":"2022-03-07T13:17:46","modified_gmt":"2022-03-07T12:17:46","slug":"visite-en-moselle-ce-vendredi-4-mars-de-madame-la-ministre-deleguee-chargee-des-sports","status":"publish","type":"post","link":"https:\/\/cdsportadapte57.fr\/?p=3282","title":{"rendered":"Visite en Moselle, ce vendredi 4 mars, de Madame la Ministre d\u00e9l\u00e9gu\u00e9e charg\u00e9e des sports."},"content":{"rendered":"\n<p class=\"wp-block-paragraph\"><\/p>\n\n\n\n<p class=\"wp-block-paragraph\">Dans un premier temps, visite \u00e0 l&rsquo;IME de Pierrevillers avec deux points d&rsquo;orgue, une pr\u00e9sentation des activit\u00e9s sportives avec notamment quelques balles \u00e9chang\u00e9es avec Alexis BIASINI, pongiste de la section Sport Adapt\u00e9 du club de Maizi\u00e8res-l\u00e8s-Metz et ensuite une visite de l&rsquo;atelier menuiserie o\u00f9 \u00e9tait expos\u00e9s les deux voiliers construits par les jeunes de l&rsquo;\u00e9tablissement. <\/p>\n\n\n\n<figure class=\"wp-block-image size-large\"><img loading=\"lazy\" decoding=\"async\" width=\"798\" height=\"1024\" src=\"http:\/\/cdsportadapte57.fr\/wp-content\/uploads\/2022\/03\/274812867-5003465059699886-4030478968469468580-n-798x1024.jpg\" alt=\"\" class=\"wp-image-3283\" srcset=\"https:\/\/cdsportadapte57.fr\/wp-content\/uploads\/2022\/03\/274812867-5003465059699886-4030478968469468580-n-798x1024.jpg 798w, https:\/\/cdsportadapte57.fr\/wp-content\/uploads\/2022\/03\/274812867-5003465059699886-4030478968469468580-n-234x300.jpg 234w, https:\/\/cdsportadapte57.fr\/wp-content\/uploads\/2022\/03\/274812867-5003465059699886-4030478968469468580-n-768x986.jpg 768w, https:\/\/cdsportadapte57.fr\/wp-content\/uploads\/2022\/03\/274812867-5003465059699886-4030478968469468580-n-1197x1536.jpg 1197w, https:\/\/cdsportadapte57.fr\/wp-content\/uploads\/2022\/03\/274812867-5003465059699886-4030478968469468580-n.jpg 1200w\" sizes=\"auto, (max-width: 798px) 100vw, 798px\" \/><figcaption> Madame la Ministre Roxana Maracineanu , Alexis Biasini<\/figcaption><\/figure>\n\n\n\n<figure class=\"wp-block-image size-large\"><img loading=\"lazy\" decoding=\"async\" width=\"768\" height=\"1024\" src=\"http:\/\/cdsportadapte57.fr\/wp-content\/uploads\/2022\/03\/IMG-20220304-115547-768x1024.jpg\" alt=\"\" class=\"wp-image-3286\" srcset=\"https:\/\/cdsportadapte57.fr\/wp-content\/uploads\/2022\/03\/IMG-20220304-115547-768x1024.jpg 768w, https:\/\/cdsportadapte57.fr\/wp-content\/uploads\/2022\/03\/IMG-20220304-115547-225x300.jpg 225w, https:\/\/cdsportadapte57.fr\/wp-content\/uploads\/2022\/03\/IMG-20220304-115547-1152x1536.jpg 1152w, https:\/\/cdsportadapte57.fr\/wp-content\/uploads\/2022\/03\/IMG-20220304-115547-1536x2048.jpg 1536w, https:\/\/cdsportadapte57.fr\/wp-content\/uploads\/2022\/03\/IMG-20220304-115547-scaled.jpg 1920w\" sizes=\"auto, (max-width: 768px) 100vw, 768px\" \/><figcaption>Madame la Ministre Roxana Maracineanu, Monsieur Jean Marie Morainville<\/figcaption><\/figure>\n\n\n\n<p class=\"wp-block-paragraph\">Ces bateaux sont le fruit d&rsquo;un partenariat exceptionnel entre l&rsquo;IME et la SNBM, club de voile install\u00e9 \u00e0 Gu\u00e9nange qui a d\u00e9cid\u00e9 d&rsquo;organiser un stage de voile en mer en partenariat avec le Conseil D\u00e9partemental de la Moselle.\u00a0<br>Dans un second temps, Madame la Ministre Roxana Maracineanu, a \u00e9galement anim\u00e9 une table ronde avec diverses associations sportives au complexe sportif Camille Mathieu de Maizi\u00e8res-l\u00e8s-Metz. Un \u00e9change cordial et constructif sur la pratique du sport pour les personnes en situation de handicap et leur acc\u00e8s au sein des clubs sportifs ainsi que sur la loi visant \u00e0 d\u00e9mocratiser le sport en France.<\/p>\n\n\n\n<p class=\"wp-block-paragraph\"><\/p>\n\n\n\n<figure class=\"wp-block-image size-large\"><img loading=\"lazy\" decoding=\"async\" width=\"1024\" height=\"941\" src=\"http:\/\/cdsportadapte57.fr\/wp-content\/uploads\/2022\/03\/275223654-5212209245465398-8975163959632786233-n-1024x941.jpg\" alt=\"\" class=\"wp-image-3284\" srcset=\"https:\/\/cdsportadapte57.fr\/wp-content\/uploads\/2022\/03\/275223654-5212209245465398-8975163959632786233-n-1024x941.jpg 1024w, https:\/\/cdsportadapte57.fr\/wp-content\/uploads\/2022\/03\/275223654-5212209245465398-8975163959632786233-n-300x276.jpg 300w, https:\/\/cdsportadapte57.fr\/wp-content\/uploads\/2022\/03\/275223654-5212209245465398-8975163959632786233-n-768x706.jpg 768w, https:\/\/cdsportadapte57.fr\/wp-content\/uploads\/2022\/03\/275223654-5212209245465398-8975163959632786233-n.jpg 1280w\" sizes=\"auto, (max-width: 1024px) 100vw, 1024px\" \/><\/figure>\n\n\n","protected":false},"excerpt":{"rendered":"<p>Dans un premier temps, visite \u00e0 l&rsquo;IME de Pierrevillers avec deux points d&rsquo;orgue, une pr\u00e9sentation des activit\u00e9s sportives avec notamment quelques balles \u00e9chang\u00e9es avec Alexis BIASINI, pongiste de la section&hellip; <\/p>\n","protected":false},"author":16,"featured_media":3286,"comment_status":"open","ping_status":"open","sticky":false,"template":"","format":"standard","meta":{"_crdt_document":"","jetpack_post_was_ever_published":false,"_jetpack_newsletter_access":"","_jetpack_dont_email_post_to_subs":false,"_jetpack_newsletter_tier_id":0,"_jetpack_memberships_contains_paywalled_content":false,"_jetpack_memberships_contains_paid_content":false,"footnotes":"","jetpack_publicize_message":"","jetpack_publicize_feature_enabled":true,"jetpack_social_post_already_shared":true,"jetpack_social_options":{"image_generator_settings":{"template":"highway","default_image_id":0,"font":"","enabled":false},"version":2}},"categories":[7,1],"tags":[11,189,187,188],"class_list":["post-3282","post","type-post","status-publish","format-standard","has-post-thumbnail","hentry","category-les-infos-du-cdsa-de-moselle","category-non-classe","tag-cdsa57","tag-jean-marie-morainville","tag-ministre-deleguee-chargee-des-sports","tag-roxana-maracineanu"],"jetpack_publicize_connections":[],"jetpack_featured_media_url":"https:\/\/cdsportadapte57.fr\/wp-content\/uploads\/2022\/03\/IMG-20220304-115547-scaled.jpg","jetpack_sharing_enabled":true,"jetpack_shortlink":"https:\/\/wp.me\/pasBZt-QW","_links":{"self":[{"href":"https:\/\/cdsportadapte57.fr\/index.php?rest_route=\/wp\/v2\/posts\/3282","targetHints":{"allow":["GET"]}}],"collection":[{"href":"https:\/\/cdsportadapte57.fr\/index.php?rest_route=\/wp\/v2\/posts"}],"about":[{"href":"https:\/\/cdsportadapte57.fr\/index.php?rest_route=\/wp\/v2\/types\/post"}],"author":[{"embeddable":true,"href":"https:\/\/cdsportadapte57.fr\/index.php?rest_route=\/wp\/v2\/users\/16"}],"replies":[{"embeddable":true,"href":"https:\/\/cdsportadapte57.fr\/index.php?rest_route=%2Fwp%2Fv2%2Fcomments&post=3282"}],"version-history":[{"count":1,"href":"https:\/\/cdsportadapte57.fr\/index.php?rest_route=\/wp\/v2\/posts\/3282\/revisions"}],"predecessor-version":[{"id":3287,"href":"https:\/\/cdsportadapte57.fr\/index.php?rest_route=\/wp\/v2\/posts\/3282\/revisions\/3287"}],"wp:featuredmedia":[{"embeddable":true,"href":"https:\/\/cdsportadapte57.fr\/index.php?rest_route=\/wp\/v2\/media\/3286"}],"wp:attachment":[{"href":"https:\/\/cdsportadapte57.fr\/index.php?rest_route=%2Fwp%2Fv2%2Fmedia&parent=3282"}],"wp:term":[{"taxonomy":"category","embeddable":true,"href":"https:\/\/cdsportadapte57.fr\/index.php?rest_route=%2Fwp%2Fv2%2Fcategories&post=3282"},{"taxonomy":"post_tag","embeddable":true,"href":"https:\/\/cdsportadapte57.fr\/index.php?rest_route=%2Fwp%2Fv2%2Ftags&post=3282"}],"curies":[{"name":"wp","href":"https:\/\/api.w.org\/{rel}","templated":true}]}}