{"id":3261,"date":"2022-02-14T09:53:57","date_gmt":"2022-02-14T08:53:57","guid":{"rendered":"http:\/\/cdsportadapte57.fr\/?p=3261"},"modified":"2022-02-14T09:54:01","modified_gmt":"2022-02-14T08:54:01","slug":"championnat-regional-grand-est-judo-sport-adapte-le-31-mars-a-metz","status":"publish","type":"post","link":"https:\/\/cdsportadapte57.fr\/?p=3261","title":{"rendered":"Championnat r\u00e9gional Grand Est Judo Sport Adapt\u00e9 le 31 mars \u00e0 Metz"},"content":{"rendered":"\n<figure class=\"wp-block-image size-large\"><img loading=\"lazy\" decoding=\"async\" width=\"724\" height=\"1024\" src=\"http:\/\/cdsportadapte57.fr\/wp-content\/uploads\/2022\/02\/Invitation-chpt-r\u00e9gional-GE-Judo-Jeudi-31-Mars-2022-page-001-1-724x1024.jpg\" alt=\"\" class=\"wp-image-3262\" srcset=\"https:\/\/cdsportadapte57.fr\/wp-content\/uploads\/2022\/02\/Invitation-chpt-r\u00e9gional-GE-Judo-Jeudi-31-Mars-2022-page-001-1-724x1024.jpg 724w, https:\/\/cdsportadapte57.fr\/wp-content\/uploads\/2022\/02\/Invitation-chpt-r\u00e9gional-GE-Judo-Jeudi-31-Mars-2022-page-001-1-212x300.jpg 212w, https:\/\/cdsportadapte57.fr\/wp-content\/uploads\/2022\/02\/Invitation-chpt-r\u00e9gional-GE-Judo-Jeudi-31-Mars-2022-page-001-1-768x1086.jpg 768w, https:\/\/cdsportadapte57.fr\/wp-content\/uploads\/2022\/02\/Invitation-chpt-r\u00e9gional-GE-Judo-Jeudi-31-Mars-2022-page-001-1-1086x1536.jpg 1086w, https:\/\/cdsportadapte57.fr\/wp-content\/uploads\/2022\/02\/Invitation-chpt-r\u00e9gional-GE-Judo-Jeudi-31-Mars-2022-page-001-1.jpg 1240w\" sizes=\"auto, (max-width: 724px) 100vw, 724px\" \/><\/figure>\n\n\n\n<figure class=\"wp-block-image size-large\"><img loading=\"lazy\" decoding=\"async\" width=\"724\" height=\"1024\" src=\"http:\/\/cdsportadapte57.fr\/wp-content\/uploads\/2022\/02\/Invitation-chpt-r\u00e9gional-GE-Judo-Jeudi-31-Mars-2022-page-002-1-724x1024.jpg\" alt=\"\" class=\"wp-image-3263\" srcset=\"https:\/\/cdsportadapte57.fr\/wp-content\/uploads\/2022\/02\/Invitation-chpt-r\u00e9gional-GE-Judo-Jeudi-31-Mars-2022-page-002-1-724x1024.jpg 724w, https:\/\/cdsportadapte57.fr\/wp-content\/uploads\/2022\/02\/Invitation-chpt-r\u00e9gional-GE-Judo-Jeudi-31-Mars-2022-page-002-1-212x300.jpg 212w, https:\/\/cdsportadapte57.fr\/wp-content\/uploads\/2022\/02\/Invitation-chpt-r\u00e9gional-GE-Judo-Jeudi-31-Mars-2022-page-002-1-768x1086.jpg 768w, https:\/\/cdsportadapte57.fr\/wp-content\/uploads\/2022\/02\/Invitation-chpt-r\u00e9gional-GE-Judo-Jeudi-31-Mars-2022-page-002-1-1086x1536.jpg 1086w, https:\/\/cdsportadapte57.fr\/wp-content\/uploads\/2022\/02\/Invitation-chpt-r\u00e9gional-GE-Judo-Jeudi-31-Mars-2022-page-002-1.jpg 1240w\" sizes=\"auto, (max-width: 724px) 100vw, 724px\" \/><\/figure>\n\n\n\n<figure class=\"wp-block-image size-large\"><img loading=\"lazy\" decoding=\"async\" width=\"562\" height=\"1024\" src=\"http:\/\/cdsportadapte57.fr\/wp-content\/uploads\/2022\/02\/Copie-de-FICHE-INSCRIPTION-COMPETITION-JUDO-1-562x1024.jpeg\" alt=\"\" class=\"wp-image-3264\" srcset=\"https:\/\/cdsportadapte57.fr\/wp-content\/uploads\/2022\/02\/Copie-de-FICHE-INSCRIPTION-COMPETITION-JUDO-1-562x1024.jpeg 562w, https:\/\/cdsportadapte57.fr\/wp-content\/uploads\/2022\/02\/Copie-de-FICHE-INSCRIPTION-COMPETITION-JUDO-1-165x300.jpeg 165w, https:\/\/cdsportadapte57.fr\/wp-content\/uploads\/2022\/02\/Copie-de-FICHE-INSCRIPTION-COMPETITION-JUDO-1-768x1400.jpeg 768w, https:\/\/cdsportadapte57.fr\/wp-content\/uploads\/2022\/02\/Copie-de-FICHE-INSCRIPTION-COMPETITION-JUDO-1-842x1536.jpeg 842w, https:\/\/cdsportadapte57.fr\/wp-content\/uploads\/2022\/02\/Copie-de-FICHE-INSCRIPTION-COMPETITION-JUDO-1.jpeg 1024w\" sizes=\"auto, (max-width: 562px) 100vw, 562px\" \/><\/figure>\n","protected":false},"excerpt":{"rendered":"","protected":false},"author":16,"featured_media":3257,"comment_status":"open","ping_status":"open","sticky":false,"template":"","format":"standard","meta":{"_crdt_document":"","jetpack_post_was_ever_published":false,"_jetpack_newsletter_access":"","_jetpack_dont_email_post_to_subs":false,"_jetpack_newsletter_tier_id":0,"_jetpack_memberships_contains_paywalled_content":false,"_jetpack_memberships_contains_paid_content":false,"footnotes":"","jetpack_publicize_message":"","jetpack_publicize_feature_enabled":true,"jetpack_social_post_already_shared":true,"jetpack_social_options":{"image_generator_settings":{"template":"highway","default_image_id":0,"font":"","enabled":false},"version":2}},"categories":[6],"tags":[11,179,180,137,181,13],"class_list":["post-3261","post","type-post","status-publish","format-standard","has-post-thumbnail","hentry","category-nos-manifestations","tag-cdsa57","tag-championnat","tag-grand-est","tag-judo","tag-regional","tag-sport-adapte"],"jetpack_publicize_connections":[],"jetpack_featured_media_url":"https:\/\/cdsportadapte57.fr\/wp-content\/uploads\/2022\/02\/Invitation-chpt-r\u00e9gional-GE-Judo-Jeudi-31-Mars-2022-page-001.jpg","jetpack_sharing_enabled":true,"jetpack_shortlink":"https:\/\/wp.me\/pasBZt-QB","_links":{"self":[{"href":"https:\/\/cdsportadapte57.fr\/index.php?rest_route=\/wp\/v2\/posts\/3261","targetHints":{"allow":["GET"]}}],"collection":[{"href":"https:\/\/cdsportadapte57.fr\/index.php?rest_route=\/wp\/v2\/posts"}],"about":[{"href":"https:\/\/cdsportadapte57.fr\/index.php?rest_route=\/wp\/v2\/types\/post"}],"author":[{"embeddable":true,"href":"https:\/\/cdsportadapte57.fr\/index.php?rest_route=\/wp\/v2\/users\/16"}],"replies":[{"embeddable":true,"href":"https:\/\/cdsportadapte57.fr\/index.php?rest_route=%2Fwp%2Fv2%2Fcomments&post=3261"}],"version-history":[{"count":1,"href":"https:\/\/cdsportadapte57.fr\/index.php?rest_route=\/wp\/v2\/posts\/3261\/revisions"}],"predecessor-version":[{"id":3265,"href":"https:\/\/cdsportadapte57.fr\/index.php?rest_route=\/wp\/v2\/posts\/3261\/revisions\/3265"}],"wp:featuredmedia":[{"embeddable":true,"href":"https:\/\/cdsportadapte57.fr\/index.php?rest_route=\/wp\/v2\/media\/3257"}],"wp:attachment":[{"href":"https:\/\/cdsportadapte57.fr\/index.php?rest_route=%2Fwp%2Fv2%2Fmedia&parent=3261"}],"wp:term":[{"taxonomy":"category","embeddable":true,"href":"https:\/\/cdsportadapte57.fr\/index.php?rest_route=%2Fwp%2Fv2%2Fcategories&post=3261"},{"taxonomy":"post_tag","embeddable":true,"href":"https:\/\/cdsportadapte57.fr\/index.php?rest_route=%2Fwp%2Fv2%2Ftags&post=3261"}],"curies":[{"name":"wp","href":"https:\/\/api.w.org\/{rel}","templated":true}]}}