{"id":3217,"date":"2022-01-31T16:42:34","date_gmt":"2022-01-31T15:42:34","guid":{"rendered":"http:\/\/cdsportadapte57.fr\/?p=3217"},"modified":"2022-01-31T16:42:38","modified_gmt":"2022-01-31T15:42:38","slug":"complet-a-vos-sabres-laser-jeudi-3-fevrier-a-metz","status":"publish","type":"post","link":"https:\/\/cdsportadapte57.fr\/?p=3217","title":{"rendered":"Complet ! A vos sabres laser jeudi 3 f\u00e9vrier \u00e0 Metz"},"content":{"rendered":"\n<p class=\"wp-block-paragraph\"><strong>\u00a0La prochaine manifestation du Comit\u00e9 D\u00e9partemental Sport Adapt\u00e9 de Moselle en collaboration avec l&rsquo;Acad\u00e9mie de la Force du 3 f\u00e9vrier 2022 de 9h30 \u00e0 15h30 au Complexe Sportif Belletanche \u00e0 Metz est\u00a0cl\u00f4tur\u00e9e.\u00a0Victime de son succ\u00e8s.<\/strong><br><\/p>\n\n\n\n<figure class=\"wp-block-image size-large\"><img loading=\"lazy\" decoding=\"async\" width=\"512\" height=\"1024\" src=\"http:\/\/cdsportadapte57.fr\/wp-content\/uploads\/2022\/01\/sabre-laser-1-512x1024.jpg\" alt=\"\" class=\"wp-image-3218\" srcset=\"https:\/\/cdsportadapte57.fr\/wp-content\/uploads\/2022\/01\/sabre-laser-1-512x1024.jpg 512w, https:\/\/cdsportadapte57.fr\/wp-content\/uploads\/2022\/01\/sabre-laser-1-150x300.jpg 150w, https:\/\/cdsportadapte57.fr\/wp-content\/uploads\/2022\/01\/sabre-laser-1.jpg 720w\" sizes=\"auto, (max-width: 512px) 100vw, 512px\" \/><\/figure>\n\n\n\n<figure class=\"wp-block-image size-large\"><img loading=\"lazy\" decoding=\"async\" width=\"724\" height=\"1024\" src=\"http:\/\/cdsportadapte57.fr\/wp-content\/uploads\/2022\/01\/Fiche-organisationelle-A-vos-sabres-laser-page-001-724x1024.jpg\" alt=\"\" class=\"wp-image-3219\" srcset=\"https:\/\/cdsportadapte57.fr\/wp-content\/uploads\/2022\/01\/Fiche-organisationelle-A-vos-sabres-laser-page-001-724x1024.jpg 724w, https:\/\/cdsportadapte57.fr\/wp-content\/uploads\/2022\/01\/Fiche-organisationelle-A-vos-sabres-laser-page-001-212x300.jpg 212w, https:\/\/cdsportadapte57.fr\/wp-content\/uploads\/2022\/01\/Fiche-organisationelle-A-vos-sabres-laser-page-001-768x1086.jpg 768w, https:\/\/cdsportadapte57.fr\/wp-content\/uploads\/2022\/01\/Fiche-organisationelle-A-vos-sabres-laser-page-001-1086x1536.jpg 1086w, https:\/\/cdsportadapte57.fr\/wp-content\/uploads\/2022\/01\/Fiche-organisationelle-A-vos-sabres-laser-page-001.jpg 1240w\" sizes=\"auto, (max-width: 724px) 100vw, 724px\" \/><\/figure>\n","protected":false},"excerpt":{"rendered":"<p>\u00a0La prochaine manifestation du Comit\u00e9 D\u00e9partemental Sport Adapt\u00e9 de Moselle en collaboration avec l&rsquo;Acad\u00e9mie de la Force du 3 f\u00e9vrier 2022 de 9h30 \u00e0 15h30 au Complexe Sportif Belletanche \u00e0&hellip; <\/p>\n","protected":false},"author":16,"featured_media":3218,"comment_status":"open","ping_status":"open","sticky":false,"template":"","format":"standard","meta":{"_crdt_document":"","jetpack_post_was_ever_published":false,"_jetpack_newsletter_access":"","_jetpack_dont_email_post_to_subs":false,"_jetpack_newsletter_tier_id":0,"_jetpack_memberships_contains_paywalled_content":false,"_jetpack_memberships_contains_paid_content":false,"footnotes":"","jetpack_publicize_message":"","jetpack_publicize_feature_enabled":true,"jetpack_social_post_already_shared":true,"jetpack_social_options":{"image_generator_settings":{"template":"highway","default_image_id":0,"font":"","enabled":false},"version":2}},"categories":[6],"tags":[11,178],"class_list":["post-3217","post","type-post","status-publish","format-standard","has-post-thumbnail","hentry","category-nos-manifestations","tag-cdsa57","tag-sabre-laser"],"jetpack_publicize_connections":[],"jetpack_featured_media_url":"https:\/\/cdsportadapte57.fr\/wp-content\/uploads\/2022\/01\/sabre-laser-1.jpg","jetpack_sharing_enabled":true,"jetpack_shortlink":"https:\/\/wp.me\/pasBZt-PT","_links":{"self":[{"href":"https:\/\/cdsportadapte57.fr\/index.php?rest_route=\/wp\/v2\/posts\/3217","targetHints":{"allow":["GET"]}}],"collection":[{"href":"https:\/\/cdsportadapte57.fr\/index.php?rest_route=\/wp\/v2\/posts"}],"about":[{"href":"https:\/\/cdsportadapte57.fr\/index.php?rest_route=\/wp\/v2\/types\/post"}],"author":[{"embeddable":true,"href":"https:\/\/cdsportadapte57.fr\/index.php?rest_route=\/wp\/v2\/users\/16"}],"replies":[{"embeddable":true,"href":"https:\/\/cdsportadapte57.fr\/index.php?rest_route=%2Fwp%2Fv2%2Fcomments&post=3217"}],"version-history":[{"count":1,"href":"https:\/\/cdsportadapte57.fr\/index.php?rest_route=\/wp\/v2\/posts\/3217\/revisions"}],"predecessor-version":[{"id":3220,"href":"https:\/\/cdsportadapte57.fr\/index.php?rest_route=\/wp\/v2\/posts\/3217\/revisions\/3220"}],"wp:featuredmedia":[{"embeddable":true,"href":"https:\/\/cdsportadapte57.fr\/index.php?rest_route=\/wp\/v2\/media\/3218"}],"wp:attachment":[{"href":"https:\/\/cdsportadapte57.fr\/index.php?rest_route=%2Fwp%2Fv2%2Fmedia&parent=3217"}],"wp:term":[{"taxonomy":"category","embeddable":true,"href":"https:\/\/cdsportadapte57.fr\/index.php?rest_route=%2Fwp%2Fv2%2Fcategories&post=3217"},{"taxonomy":"post_tag","embeddable":true,"href":"https:\/\/cdsportadapte57.fr\/index.php?rest_route=%2Fwp%2Fv2%2Ftags&post=3217"}],"curies":[{"name":"wp","href":"https:\/\/api.w.org\/{rel}","templated":true}]}}