{"id":3092,"date":"2021-12-10T12:25:53","date_gmt":"2021-12-10T11:25:53","guid":{"rendered":"http:\/\/cdsportadapte57.fr\/?p=3092"},"modified":"2021-12-10T12:26:24","modified_gmt":"2021-12-10T11:26:24","slug":"colloque-sport-et-deficience-intellectuelle-oui-et-alors","status":"publish","type":"post","link":"https:\/\/cdsportadapte57.fr\/?p=3092","title":{"rendered":"Colloque \u00ab\u00a0Sport et d\u00e9ficience intellectuelle, oui et alors \u00ab\u00a0"},"content":{"rendered":"\n<p class=\"wp-block-paragraph\">Le Comit\u00e9 D\u00e9partemental de Sport Adapt\u00e9 de Moselle s&rsquo;associe \u00e0 l&rsquo;AFAEDAM afin de proposer un colloque enti\u00e8rement gratuit  autour de la question du sport et du\u00a0handicap mental.\u00a0\u00a0\u00a0<\/p>\n\n\n\n<p class=\"wp-block-paragraph\">Le but de cette matin\u00e9e est de vous offrir la possibilit\u00e9 de mettre sur la table toutes vos interrogations afin de vous aider, rassurer ou donner envie de vous investir dans le sport adapt\u00e9 sans a priori ni craintes.&nbsp;<br><br>Ce colloque sera anim\u00e9 par Corinne Duval-H\u00e9e, psychologue \u00e0 l&rsquo;AFAEDAM depuis de longues ann\u00e9es, et Sarah Helck, agent de d\u00e9veloppement du CDSA57.&nbsp;&nbsp;<\/p>\n\n\n\n<p class=\"wp-block-paragraph\">\u00c0 la suite de cette matin\u00e9e, vous aurez la possibilit\u00e9 de continuer \u00e0 \u00e9changer autour d&rsquo;un repas au restaurant d\u2019application de l\u2019ESAT. Restaurant \u00e0 la fois ordinaire mais aussi particulier, puisque lieu d&rsquo;apprentissage permanent pour des personnes en situation de handicap mental et\/ou psychique : Le Panoramic.&nbsp;&nbsp;&nbsp;<\/p>\n\n\n\n<p class=\"wp-block-paragraph\">Si vous \u00eates int\u00e9ress\u00e9s, le menu complet (entr\u00e9e\/plat\/dessert) s&rsquo;\u00e9l\u00e8vera \u00e0 17,50\u20ac.&nbsp;&nbsp;<\/p>\n\n\n\n<p class=\"wp-block-paragraph\">Au vu de la situation sanitaire, nous pr\u00e9f\u00e9rons fonctionner sous forme d&rsquo;inscription afin d&rsquo;avoir une id\u00e9e du nombre de pr\u00e9sents. Alors n&rsquo;oubliez pas de nous envoyer un petit mail !&nbsp;&nbsp;&nbsp;<\/p>\n\n\n\n<figure class=\"wp-block-image size-large\"><img loading=\"lazy\" decoding=\"async\" width=\"724\" height=\"1024\" src=\"http:\/\/cdsportadapte57.fr\/wp-content\/uploads\/2021\/12\/Colloque-Sport-et-Handicap-Mental-1-page-001-724x1024.jpg\" alt=\"\" class=\"wp-image-3093\" srcset=\"https:\/\/cdsportadapte57.fr\/wp-content\/uploads\/2021\/12\/Colloque-Sport-et-Handicap-Mental-1-page-001-724x1024.jpg 724w, https:\/\/cdsportadapte57.fr\/wp-content\/uploads\/2021\/12\/Colloque-Sport-et-Handicap-Mental-1-page-001-212x300.jpg 212w, https:\/\/cdsportadapte57.fr\/wp-content\/uploads\/2021\/12\/Colloque-Sport-et-Handicap-Mental-1-page-001-768x1086.jpg 768w, https:\/\/cdsportadapte57.fr\/wp-content\/uploads\/2021\/12\/Colloque-Sport-et-Handicap-Mental-1-page-001-1086x1536.jpg 1086w, https:\/\/cdsportadapte57.fr\/wp-content\/uploads\/2021\/12\/Colloque-Sport-et-Handicap-Mental-1-page-001.jpg 1240w\" sizes=\"auto, (max-width: 724px) 100vw, 724px\" \/><\/figure>\n","protected":false},"excerpt":{"rendered":"<p>Le Comit\u00e9 D\u00e9partemental de Sport Adapt\u00e9 de Moselle s&rsquo;associe \u00e0 l&rsquo;AFAEDAM afin de proposer un colloque enti\u00e8rement gratuit autour de la question du sport et du\u00a0handicap mental.\u00a0\u00a0\u00a0 Le but de&hellip; <\/p>\n","protected":false},"author":16,"featured_media":3093,"comment_status":"open","ping_status":"open","sticky":false,"template":"","format":"standard","meta":{"_crdt_document":"","jetpack_post_was_ever_published":false,"_jetpack_newsletter_access":"","_jetpack_dont_email_post_to_subs":false,"_jetpack_newsletter_tier_id":0,"_jetpack_memberships_contains_paywalled_content":false,"_jetpack_memberships_contains_paid_content":false,"footnotes":"","jetpack_publicize_message":"","jetpack_publicize_feature_enabled":true,"jetpack_social_post_already_shared":true,"jetpack_social_options":{"image_generator_settings":{"template":"highway","default_image_id":0,"font":"","enabled":false},"version":2}},"categories":[7],"tags":[49,11,161,162],"class_list":["post-3092","post","type-post","status-publish","format-standard","has-post-thumbnail","hentry","category-les-infos-du-cdsa-de-moselle","tag-afaedam","tag-cdsa57","tag-colloque","tag-handicap-intellectuel"],"jetpack_publicize_connections":[],"jetpack_featured_media_url":"https:\/\/cdsportadapte57.fr\/wp-content\/uploads\/2021\/12\/Colloque-Sport-et-Handicap-Mental-1-page-001.jpg","jetpack_sharing_enabled":true,"jetpack_shortlink":"https:\/\/wp.me\/pasBZt-NS","_links":{"self":[{"href":"https:\/\/cdsportadapte57.fr\/index.php?rest_route=\/wp\/v2\/posts\/3092","targetHints":{"allow":["GET"]}}],"collection":[{"href":"https:\/\/cdsportadapte57.fr\/index.php?rest_route=\/wp\/v2\/posts"}],"about":[{"href":"https:\/\/cdsportadapte57.fr\/index.php?rest_route=\/wp\/v2\/types\/post"}],"author":[{"embeddable":true,"href":"https:\/\/cdsportadapte57.fr\/index.php?rest_route=\/wp\/v2\/users\/16"}],"replies":[{"embeddable":true,"href":"https:\/\/cdsportadapte57.fr\/index.php?rest_route=%2Fwp%2Fv2%2Fcomments&post=3092"}],"version-history":[{"count":1,"href":"https:\/\/cdsportadapte57.fr\/index.php?rest_route=\/wp\/v2\/posts\/3092\/revisions"}],"predecessor-version":[{"id":3094,"href":"https:\/\/cdsportadapte57.fr\/index.php?rest_route=\/wp\/v2\/posts\/3092\/revisions\/3094"}],"wp:featuredmedia":[{"embeddable":true,"href":"https:\/\/cdsportadapte57.fr\/index.php?rest_route=\/wp\/v2\/media\/3093"}],"wp:attachment":[{"href":"https:\/\/cdsportadapte57.fr\/index.php?rest_route=%2Fwp%2Fv2%2Fmedia&parent=3092"}],"wp:term":[{"taxonomy":"category","embeddable":true,"href":"https:\/\/cdsportadapte57.fr\/index.php?rest_route=%2Fwp%2Fv2%2Fcategories&post=3092"},{"taxonomy":"post_tag","embeddable":true,"href":"https:\/\/cdsportadapte57.fr\/index.php?rest_route=%2Fwp%2Fv2%2Ftags&post=3092"}],"curies":[{"name":"wp","href":"https:\/\/api.w.org\/{rel}","templated":true}]}}