{"id":3085,"date":"2021-12-13T15:52:07","date_gmt":"2021-12-13T14:52:07","guid":{"rendered":"http:\/\/cdsportadapte57.fr\/?p=3085"},"modified":"2021-12-15T07:04:40","modified_gmt":"2021-12-15T06:04:40","slug":"journee-de-sensibilisation-au-handicap-au-college-la-source-damneville-les-thermes","status":"publish","type":"post","link":"https:\/\/cdsportadapte57.fr\/?p=3085","title":{"rendered":"Journ\u00e9e de sensibilisation au handicap au coll\u00e8ge La Source d&rsquo;Amn\u00e9ville les thermes"},"content":{"rendered":"\n<figure class=\"wp-block-image size-large\"><img loading=\"lazy\" decoding=\"async\" width=\"768\" height=\"1024\" src=\"http:\/\/cdsportadapte57.fr\/wp-content\/uploads\/2021\/12\/IMG_20211211_145653-768x1024.jpg\" alt=\"\" class=\"wp-image-3097\" srcset=\"https:\/\/cdsportadapte57.fr\/wp-content\/uploads\/2021\/12\/IMG_20211211_145653-768x1024.jpg 768w, https:\/\/cdsportadapte57.fr\/wp-content\/uploads\/2021\/12\/IMG_20211211_145653-225x300.jpg 225w, https:\/\/cdsportadapte57.fr\/wp-content\/uploads\/2021\/12\/IMG_20211211_145653-1152x1536.jpg 1152w, https:\/\/cdsportadapte57.fr\/wp-content\/uploads\/2021\/12\/IMG_20211211_145653-1536x2048.jpg 1536w, https:\/\/cdsportadapte57.fr\/wp-content\/uploads\/2021\/12\/IMG_20211211_145653-scaled.jpg 1920w\" sizes=\"auto, (max-width: 768px) 100vw, 768px\" \/><\/figure>\n\n\n\n<figure class=\"wp-block-image size-large\"><img loading=\"lazy\" decoding=\"async\" width=\"1024\" height=\"768\" src=\"http:\/\/cdsportadapte57.fr\/wp-content\/uploads\/2021\/12\/20211203_113824-1024x768.jpg\" alt=\"\" class=\"wp-image-3086\" srcset=\"https:\/\/cdsportadapte57.fr\/wp-content\/uploads\/2021\/12\/20211203_113824-1024x768.jpg 1024w, https:\/\/cdsportadapte57.fr\/wp-content\/uploads\/2021\/12\/20211203_113824-300x225.jpg 300w, https:\/\/cdsportadapte57.fr\/wp-content\/uploads\/2021\/12\/20211203_113824-768x576.jpg 768w, https:\/\/cdsportadapte57.fr\/wp-content\/uploads\/2021\/12\/20211203_113824-1536x1152.jpg 1536w, https:\/\/cdsportadapte57.fr\/wp-content\/uploads\/2021\/12\/20211203_113824-2048x1536.jpg 2048w\" sizes=\"auto, (max-width: 1024px) 100vw, 1024px\" \/><\/figure>\n\n\n\n<figure class=\"wp-block-image size-large\"><img loading=\"lazy\" decoding=\"async\" width=\"1024\" height=\"768\" src=\"http:\/\/cdsportadapte57.fr\/wp-content\/uploads\/2021\/12\/20211203_113642-1-1-1024x768.jpg\" alt=\"\" class=\"wp-image-3088\" srcset=\"https:\/\/cdsportadapte57.fr\/wp-content\/uploads\/2021\/12\/20211203_113642-1-1-1024x768.jpg 1024w, https:\/\/cdsportadapte57.fr\/wp-content\/uploads\/2021\/12\/20211203_113642-1-1-300x225.jpg 300w, https:\/\/cdsportadapte57.fr\/wp-content\/uploads\/2021\/12\/20211203_113642-1-1-768x576.jpg 768w, https:\/\/cdsportadapte57.fr\/wp-content\/uploads\/2021\/12\/20211203_113642-1-1-1536x1152.jpg 1536w, https:\/\/cdsportadapte57.fr\/wp-content\/uploads\/2021\/12\/20211203_113642-1-1-2048x1536.jpg 2048w\" sizes=\"auto, (max-width: 1024px) 100vw, 1024px\" \/><\/figure>\n\n\n\n<p class=\"wp-block-paragraph\">Une belle initiative au Coll\u00e8ge La Source d&rsquo;Amn\u00e9ville les Thermes! En effet, pour la journ\u00e9e Internationale des Personnes Handicap\u00e9es, les \u00e9l\u00e8ves de cinqui\u00e8me ont pu \u00e9changer avec des personnes en situation de handicap ainsi que des membres d&rsquo;associations du handicap.<\/p>\n\n\n\n<p class=\"wp-block-paragraph\">Cinq ateliers \u00e9taient install\u00e9s avec des repr\u00e9sentants des diff\u00e9rents handicaps , handicap moteur, visuel, auditif et mental dont nous \u00e9tions les porte-parole. Les classes ont ainsi pu tourner et mieux comprendre les difficult\u00e9s du handicap et surtout \u00e0 int\u00e9grer les personnes en situation de handicap, les comprendre et les aider.<\/p>\n\n\n\n<p class=\"wp-block-paragraph\">Le CDSA57 repr\u00e9sent\u00e9 par Sarah, Jean Marie Morainville, et Gilbert Leclerc accompagn\u00e9s d&rsquo;Alexis ( \u00e9l\u00e8ve en situation de handicap \u00e0 L&rsquo;IME le Point du Jour de Pierrevillers) et Th\u00e9o, \u00e9l\u00e8ve de 4\u00e9me , lui aussi en situation de handicap, \u00e9tait le porte-parole des personnes en situation de handicap mental et\/ou psychique.<\/p>\n\n\n\n<p class=\"wp-block-paragraph\">En d\u00e9but de s\u00e9ance, les \u00e9l\u00e8ves du coll\u00e8ge ont ainsi pu \u00e9changer avec Alexis et Th\u00e9o, et les membres du CDSA57. Ensuite, les coll\u00e9giens ont particip\u00e9 \u00e0 des ateliers sportifs et ont ainsi pu comprendre que les personnes en situation de handicap mental et ou psychique pouvaient faire le m\u00eame sport qu&rsquo;eux, qu&rsquo;il suffisait de leur expliquer les r\u00e8gles autrement, r\u00e9p\u00e9ter les consignes et \u00eatre patients et bienveillants.<\/p>\n\n\n\n<p class=\"wp-block-paragraph\">Nous remercions Yanis et tous les enseignants des classes de 5\u00e9me, la direction de l&rsquo;\u00e9tablissement et le proviseur pour l&rsquo;accueil et cette journ\u00e9e. Merci \u00e9galement \u00e0 Alexis et Th\u00e9o pour leur pr\u00e9sence. Et \u00e9galement aux coll\u00e9giens de leur participation.<\/p>\n\n\n\n<p class=\"wp-block-paragraph\">Vous pouvez \u00e9galement retrouver l&rsquo;interview d&rsquo;Alexis et Th\u00e9o sur le web journal du coll\u00e8ge, c&rsquo;est<a href=\"https:\/\/sites.ac-nancy-metz.fr\/laptitesource\/2021\/12\/14\/atelier-handicap-mental-interview\/?fbclid=IwAR0Wxv3F2NRlrsu9i8X0keiE_SlvPhEjtz_JlLqMOl6BBictKtbdpW0ozBE\"> ici<\/a> et un r\u00e9sum\u00e9 complet de la journ\u00e9e sur cette page<a href=\"https:\/\/sites.ac-nancy-metz.fr\/laptitesource\/2021\/12\/14\/journee-du-3-decembre-sensibilisation-aux-handicaps\/?fbclid=IwAR0-7vJ4R5gIl6zqaipVrKVOESFOQ12HO_kMaYV5L_QHmhENxV8072macY8\"> ici<\/a>.<\/p>\n\n\n\n<figure class=\"wp-block-image size-large\"><img loading=\"lazy\" decoding=\"async\" width=\"1024\" height=\"768\" src=\"http:\/\/cdsportadapte57.fr\/wp-content\/uploads\/2021\/12\/IMG_20211211_145648-1024x768.jpg\" alt=\"\" class=\"wp-image-3098\" srcset=\"https:\/\/cdsportadapte57.fr\/wp-content\/uploads\/2021\/12\/IMG_20211211_145648-1024x768.jpg 1024w, https:\/\/cdsportadapte57.fr\/wp-content\/uploads\/2021\/12\/IMG_20211211_145648-300x225.jpg 300w, https:\/\/cdsportadapte57.fr\/wp-content\/uploads\/2021\/12\/IMG_20211211_145648-768x576.jpg 768w, https:\/\/cdsportadapte57.fr\/wp-content\/uploads\/2021\/12\/IMG_20211211_145648-1536x1152.jpg 1536w, https:\/\/cdsportadapte57.fr\/wp-content\/uploads\/2021\/12\/IMG_20211211_145648-2048x1536.jpg 2048w\" sizes=\"auto, (max-width: 1024px) 100vw, 1024px\" \/><\/figure>\n\n\n\n<figure class=\"wp-block-image size-large\"><img loading=\"lazy\" decoding=\"async\" width=\"768\" height=\"1024\" src=\"http:\/\/cdsportadapte57.fr\/wp-content\/uploads\/2021\/12\/IMG_20211211_145644-768x1024.jpg\" alt=\"\" class=\"wp-image-3099\" srcset=\"https:\/\/cdsportadapte57.fr\/wp-content\/uploads\/2021\/12\/IMG_20211211_145644-768x1024.jpg 768w, https:\/\/cdsportadapte57.fr\/wp-content\/uploads\/2021\/12\/IMG_20211211_145644-225x300.jpg 225w, https:\/\/cdsportadapte57.fr\/wp-content\/uploads\/2021\/12\/IMG_20211211_145644-1152x1536.jpg 1152w, https:\/\/cdsportadapte57.fr\/wp-content\/uploads\/2021\/12\/IMG_20211211_145644-1536x2048.jpg 1536w, https:\/\/cdsportadapte57.fr\/wp-content\/uploads\/2021\/12\/IMG_20211211_145644-scaled.jpg 1920w\" sizes=\"auto, (max-width: 768px) 100vw, 768px\" \/><\/figure>\n\n\n\n<figure class=\"wp-block-image size-large\"><img loading=\"lazy\" decoding=\"async\" width=\"768\" height=\"1024\" src=\"http:\/\/cdsportadapte57.fr\/wp-content\/uploads\/2021\/12\/IMG_20211211_145638-768x1024.jpg\" alt=\"\" class=\"wp-image-3100\" srcset=\"https:\/\/cdsportadapte57.fr\/wp-content\/uploads\/2021\/12\/IMG_20211211_145638-768x1024.jpg 768w, https:\/\/cdsportadapte57.fr\/wp-content\/uploads\/2021\/12\/IMG_20211211_145638-225x300.jpg 225w, https:\/\/cdsportadapte57.fr\/wp-content\/uploads\/2021\/12\/IMG_20211211_145638-1152x1536.jpg 1152w, https:\/\/cdsportadapte57.fr\/wp-content\/uploads\/2021\/12\/IMG_20211211_145638-1536x2048.jpg 1536w, https:\/\/cdsportadapte57.fr\/wp-content\/uploads\/2021\/12\/IMG_20211211_145638-scaled.jpg 1920w\" sizes=\"auto, (max-width: 768px) 100vw, 768px\" \/><\/figure>\n\n\n\n<figure class=\"wp-block-image size-large\"><img loading=\"lazy\" decoding=\"async\" width=\"768\" height=\"1024\" src=\"http:\/\/cdsportadapte57.fr\/wp-content\/uploads\/2021\/12\/IMG_20211211_145630-768x1024.jpg\" alt=\"\" class=\"wp-image-3102\" srcset=\"https:\/\/cdsportadapte57.fr\/wp-content\/uploads\/2021\/12\/IMG_20211211_145630-768x1024.jpg 768w, https:\/\/cdsportadapte57.fr\/wp-content\/uploads\/2021\/12\/IMG_20211211_145630-225x300.jpg 225w, https:\/\/cdsportadapte57.fr\/wp-content\/uploads\/2021\/12\/IMG_20211211_145630-1152x1536.jpg 1152w, https:\/\/cdsportadapte57.fr\/wp-content\/uploads\/2021\/12\/IMG_20211211_145630-1536x2048.jpg 1536w, https:\/\/cdsportadapte57.fr\/wp-content\/uploads\/2021\/12\/IMG_20211211_145630-scaled.jpg 1920w\" sizes=\"auto, (max-width: 768px) 100vw, 768px\" \/><\/figure>\n\n\n\n<iframe loading=\"lazy\" width=\"560\" height=\"315\" src=\"https:\/\/www.youtube.com\/embed\/olTCO0J2cxk\" title=\"YouTube video player\" frameborder=\"0\" allow=\"accelerometer; autoplay; clipboard-write; encrypted-media; gyroscope; picture-in-picture\" allowfullscreen=\"\"><\/iframe>\n","protected":false},"excerpt":{"rendered":"<p>Une belle initiative au Coll\u00e8ge La Source d&rsquo;Amn\u00e9ville les Thermes! En effet, pour la journ\u00e9e Internationale des Personnes Handicap\u00e9es, les \u00e9l\u00e8ves de cinqui\u00e8me ont pu \u00e9changer avec des personnes en&hellip; <\/p>\n","protected":false},"author":16,"featured_media":3098,"comment_status":"open","ping_status":"open","sticky":false,"template":"","format":"standard","meta":{"_crdt_document":"","jetpack_post_was_ever_published":false,"_jetpack_newsletter_access":"","_jetpack_dont_email_post_to_subs":false,"_jetpack_newsletter_tier_id":0,"_jetpack_memberships_contains_paywalled_content":false,"_jetpack_memberships_contains_paid_content":false,"footnotes":"","jetpack_publicize_message":"","jetpack_publicize_feature_enabled":true,"jetpack_social_post_already_shared":true,"jetpack_social_options":{"image_generator_settings":{"template":"highway","default_image_id":0,"font":"","enabled":false},"version":2}},"categories":[1],"tags":[165,164,163],"class_list":["post-3085","post","type-post","status-publish","format-standard","has-post-thumbnail","hentry","category-non-classe","tag-amneville","tag-college-la-source","tag-journee-de-sensibilisation-du-handicap"],"jetpack_publicize_connections":[],"jetpack_featured_media_url":"https:\/\/cdsportadapte57.fr\/wp-content\/uploads\/2021\/12\/IMG_20211211_145648-scaled.jpg","jetpack_sharing_enabled":true,"jetpack_shortlink":"https:\/\/wp.me\/pasBZt-NL","_links":{"self":[{"href":"https:\/\/cdsportadapte57.fr\/index.php?rest_route=\/wp\/v2\/posts\/3085","targetHints":{"allow":["GET"]}}],"collection":[{"href":"https:\/\/cdsportadapte57.fr\/index.php?rest_route=\/wp\/v2\/posts"}],"about":[{"href":"https:\/\/cdsportadapte57.fr\/index.php?rest_route=\/wp\/v2\/types\/post"}],"author":[{"embeddable":true,"href":"https:\/\/cdsportadapte57.fr\/index.php?rest_route=\/wp\/v2\/users\/16"}],"replies":[{"embeddable":true,"href":"https:\/\/cdsportadapte57.fr\/index.php?rest_route=%2Fwp%2Fv2%2Fcomments&post=3085"}],"version-history":[{"count":11,"href":"https:\/\/cdsportadapte57.fr\/index.php?rest_route=\/wp\/v2\/posts\/3085\/revisions"}],"predecessor-version":[{"id":3115,"href":"https:\/\/cdsportadapte57.fr\/index.php?rest_route=\/wp\/v2\/posts\/3085\/revisions\/3115"}],"wp:featuredmedia":[{"embeddable":true,"href":"https:\/\/cdsportadapte57.fr\/index.php?rest_route=\/wp\/v2\/media\/3098"}],"wp:attachment":[{"href":"https:\/\/cdsportadapte57.fr\/index.php?rest_route=%2Fwp%2Fv2%2Fmedia&parent=3085"}],"wp:term":[{"taxonomy":"category","embeddable":true,"href":"https:\/\/cdsportadapte57.fr\/index.php?rest_route=%2Fwp%2Fv2%2Fcategories&post=3085"},{"taxonomy":"post_tag","embeddable":true,"href":"https:\/\/cdsportadapte57.fr\/index.php?rest_route=%2Fwp%2Fv2%2Ftags&post=3085"}],"curies":[{"name":"wp","href":"https:\/\/api.w.org\/{rel}","templated":true}]}}