{"id":2896,"date":"2021-11-26T12:16:45","date_gmt":"2021-11-26T11:16:45","guid":{"rendered":"http:\/\/cdsportadapte57.fr\/?p=2896"},"modified":"2021-11-26T12:16:48","modified_gmt":"2021-11-26T11:16:48","slug":"le-passsport-elargi-et-prolonge","status":"publish","type":"post","link":"https:\/\/cdsportadapte57.fr\/?p=2896","title":{"rendered":"LE PASS&rsquo;SPORT \u00c9LARGI ET PROLONG\u00c9"},"content":{"rendered":"\n<figure class=\"wp-block-image\"><img decoding=\"async\" src=\"https:\/\/newsletterffsa.fr\/wp-content\/uploads\/2021\/06\/Couverture-FB.png\" alt=\"Les Gestes barri\u00e8res n'arr\u00eatent pas le SPort Adapt\u00e9\"\/><\/figure>\n\n\n\n<figure class=\"wp-block-table\"><table class=\"\"><tbody><tr><th>LE PASS\u2019SPORT PROLONG\u00c9 JUSQU\u2019\u00c0 FIN F\u00c9VRIER 2022 ET \u00c9LARGI AUX ADULTES EN SITUATION DE HANDICAP JUSQU\u2019\u00c0 30 ANS&nbsp;&nbsp;<br>Le Gouvernement a cr\u00e9\u00e9 en juin 2021 le Pass\u2019Sport afin de favoriser l\u2019inscription des jeunes dans les clubs sportifs et soutenir le secteur sportif associatif. Plus de 900 000 jeunes ont d\u00e9j\u00e0 b\u00e9n\u00e9fici\u00e9 du Pass\u2019Sport au sein de 43 000 associations sportives. Le cap du million de b\u00e9n\u00e9ficiaires sera franchi fin novembre 2021.&nbsp;Ouvert aux jeunes de moins de 18 ans b\u00e9n\u00e9ficiaires de l\u2019allocation de rentr\u00e9e scolaire, de l\u2019allocation d\u2019\u00e9ducation de l\u2019enfant handicap\u00e9 ou de l\u2019allocation aux adultes handicap\u00e9s (AAH),&nbsp;<strong>le Pass\u2019Sport est d\u00e9sormais \u00e9largi aux b\u00e9n\u00e9ficiaires de l\u2019AAH de 16 \u00e0 30 ans<\/strong>.&nbsp;<strong>Le Gouvernement a \u00e9galement souhait\u00e9 prolonger le dispositif jusqu\u2019au 28 f\u00e9vrier 2022 afin de tenir compte de la saisonnalit\u00e9 de toutes les disciplines sportives, notamment les sports d\u2019hiver et permettre \u00e0 tous ceux qui n\u2019avaient pas pris connaissance du dispositif \u00e0 la rentr\u00e9e d\u2019en b\u00e9n\u00e9ficier.&nbsp;<\/strong>V\u00e9ritable allocation de rentr\u00e9e sportive financ\u00e9e par l\u2019\u00c9tat, cette aide consiste en une r\u00e9duction imm\u00e9diate de 50\u20ac sur le co\u00fbt de l\u2019inscription en club. Elle peut \u00eatre utilis\u00e9e, en compl\u00e9ment des autres aides mises en place par les collectivit\u00e9s locales, aupr\u00e8s de toutes les associations sportives affili\u00e9es et, sur les territoires de la politique de la ville, aupr\u00e8s des associations sportives agr\u00e9\u00e9es, participant au dispositif.&nbsp;Toutes les informations sur le Pass\u2019Sport sur :&nbsp;<a href=\"http:\/\/www.sports.gouv.fr\/pass-sport\" target=\"_blank\" rel=\"noreferrer noopener\">www.sports.gouv.fr\/pass-sport&nbsp;<\/a><\/th><\/tr><\/tbody><\/table><\/figure>\n\n\n\n<figure class=\"wp-block-image\"><img decoding=\"async\" src=\"https:\/\/newsletterffsa.fr\/wp-content\/uploads\/2021\/07\/BANDEAU-WEB_MAJ-07-2021.jpg\" alt=\"Les partenaires de la FFSA\"\/><\/figure>\n\n\n\n<figure class=\"wp-block-table\"><table class=\"\"><tbody><tr><th><\/th><th>\u200d\u200dService communication FFSA&nbsp;<br>S\u00e9bastien Montion\u23a206 59 67 72 97sebastien.montion@sportadapte.fr<\/th><\/tr><\/tbody><\/table><\/figure>\n","protected":false},"excerpt":{"rendered":"<p>LE PASS\u2019SPORT PROLONG\u00c9 JUSQU\u2019\u00c0 FIN F\u00c9VRIER 2022 ET \u00c9LARGI AUX ADULTES EN SITUATION DE HANDICAP JUSQU\u2019\u00c0 30 ANS&nbsp;&nbsp;Le Gouvernement a cr\u00e9\u00e9 en juin 2021 le Pass\u2019Sport afin de favoriser l\u2019inscription&hellip; <\/p>\n","protected":false},"author":16,"featured_media":2897,"comment_status":"open","ping_status":"open","sticky":false,"template":"","format":"standard","meta":{"_crdt_document":"","jetpack_post_was_ever_published":false,"_jetpack_newsletter_access":"","_jetpack_dont_email_post_to_subs":false,"_jetpack_newsletter_tier_id":0,"_jetpack_memberships_contains_paywalled_content":false,"_jetpack_memberships_contains_paid_content":false,"footnotes":"","jetpack_publicize_message":"","jetpack_publicize_feature_enabled":true,"jetpack_social_post_already_shared":true,"jetpack_social_options":{"image_generator_settings":{"template":"highway","default_image_id":0,"font":"","enabled":false},"version":2}},"categories":[7,1],"tags":[11,40,160],"class_list":["post-2896","post","type-post","status-publish","format-standard","has-post-thumbnail","hentry","category-les-infos-du-cdsa-de-moselle","category-non-classe","tag-cdsa57","tag-ffsa","tag-handicap"],"jetpack_publicize_connections":[],"jetpack_featured_media_url":"https:\/\/cdsportadapte57.fr\/wp-content\/uploads\/2021\/11\/Couverture-FB-1.png","jetpack_sharing_enabled":true,"jetpack_shortlink":"https:\/\/wp.me\/pasBZt-KI","_links":{"self":[{"href":"https:\/\/cdsportadapte57.fr\/index.php?rest_route=\/wp\/v2\/posts\/2896","targetHints":{"allow":["GET"]}}],"collection":[{"href":"https:\/\/cdsportadapte57.fr\/index.php?rest_route=\/wp\/v2\/posts"}],"about":[{"href":"https:\/\/cdsportadapte57.fr\/index.php?rest_route=\/wp\/v2\/types\/post"}],"author":[{"embeddable":true,"href":"https:\/\/cdsportadapte57.fr\/index.php?rest_route=\/wp\/v2\/users\/16"}],"replies":[{"embeddable":true,"href":"https:\/\/cdsportadapte57.fr\/index.php?rest_route=%2Fwp%2Fv2%2Fcomments&post=2896"}],"version-history":[{"count":2,"href":"https:\/\/cdsportadapte57.fr\/index.php?rest_route=\/wp\/v2\/posts\/2896\/revisions"}],"predecessor-version":[{"id":2899,"href":"https:\/\/cdsportadapte57.fr\/index.php?rest_route=\/wp\/v2\/posts\/2896\/revisions\/2899"}],"wp:featuredmedia":[{"embeddable":true,"href":"https:\/\/cdsportadapte57.fr\/index.php?rest_route=\/wp\/v2\/media\/2897"}],"wp:attachment":[{"href":"https:\/\/cdsportadapte57.fr\/index.php?rest_route=%2Fwp%2Fv2%2Fmedia&parent=2896"}],"wp:term":[{"taxonomy":"category","embeddable":true,"href":"https:\/\/cdsportadapte57.fr\/index.php?rest_route=%2Fwp%2Fv2%2Fcategories&post=2896"},{"taxonomy":"post_tag","embeddable":true,"href":"https:\/\/cdsportadapte57.fr\/index.php?rest_route=%2Fwp%2Fv2%2Ftags&post=2896"}],"curies":[{"name":"wp","href":"https:\/\/api.w.org\/{rel}","templated":true}]}}