{"id":2794,"date":"2021-10-06T12:39:24","date_gmt":"2021-10-06T10:39:24","guid":{"rendered":"http:\/\/cdsportadapte57.fr\/?p=2794"},"modified":"2021-10-06T12:39:28","modified_gmt":"2021-10-06T10:39:28","slug":"sen-volley-assis-le-21-octobre-a-sarrebourg","status":"publish","type":"post","link":"https:\/\/cdsportadapte57.fr\/?p=2794","title":{"rendered":"S&rsquo;en-volley assis le 21 octobre \u00e0 Sarrebourg"},"content":{"rendered":"\n<p class=\"wp-block-paragraph\"> Cette journ\u00e9e est anim\u00e9e par St\u00e9phane Girodat , pr\u00e9sident du Volley-Club Sarrebourg et entra\u00eeneur de la section Volley Assis&nbsp; avec la pr\u00e9sence des membres de cette derni\u00e8re.<\/p>\n\n\n\n<p class=\"wp-block-paragraph\">Cette journ\u00e9e illustre la philosophie du concept club  qui a cr\u00e9\u00e9, depuis septembre 2014, le projet #ENVOLLEYVOUS afin  de favoriser la mixit\u00e9 et l&rsquo;inclusion au sein des s\u00e9ances et montrer qu&rsquo;\u00e0 tout \u00e2ge (de 3 ans \u00e0 98 ans) tout le monde peut pratiquer les #VOLLEYS ( Volley, Volley Assis, Volley&nbsp; Assis sur chaise).  <\/p>\n\n\n\n<figure class=\"wp-block-image size-large\"><img loading=\"lazy\" decoding=\"async\" width=\"724\" height=\"1024\" src=\"http:\/\/cdsportadapte57.fr\/wp-content\/uploads\/2021\/10\/Affiche-Volley-page-001-724x1024.jpg\" alt=\"\" class=\"wp-image-2796\" srcset=\"https:\/\/cdsportadapte57.fr\/wp-content\/uploads\/2021\/10\/Affiche-Volley-page-001-724x1024.jpg 724w, https:\/\/cdsportadapte57.fr\/wp-content\/uploads\/2021\/10\/Affiche-Volley-page-001-212x300.jpg 212w, https:\/\/cdsportadapte57.fr\/wp-content\/uploads\/2021\/10\/Affiche-Volley-page-001-768x1086.jpg 768w, https:\/\/cdsportadapte57.fr\/wp-content\/uploads\/2021\/10\/Affiche-Volley-page-001-1086x1536.jpg 1086w, https:\/\/cdsportadapte57.fr\/wp-content\/uploads\/2021\/10\/Affiche-Volley-page-001.jpg 1240w\" sizes=\"auto, (max-width: 724px) 100vw, 724px\" \/><\/figure>\n\n\n\n<figure class=\"wp-block-image size-large\"><img loading=\"lazy\" decoding=\"async\" width=\"724\" height=\"1024\" src=\"http:\/\/cdsportadapte57.fr\/wp-content\/uploads\/2021\/10\/Fiche-organisationelle-Volley-page-001-724x1024.jpg\" alt=\"\" class=\"wp-image-2795\" srcset=\"https:\/\/cdsportadapte57.fr\/wp-content\/uploads\/2021\/10\/Fiche-organisationelle-Volley-page-001-724x1024.jpg 724w, https:\/\/cdsportadapte57.fr\/wp-content\/uploads\/2021\/10\/Fiche-organisationelle-Volley-page-001-212x300.jpg 212w, https:\/\/cdsportadapte57.fr\/wp-content\/uploads\/2021\/10\/Fiche-organisationelle-Volley-page-001-768x1086.jpg 768w, https:\/\/cdsportadapte57.fr\/wp-content\/uploads\/2021\/10\/Fiche-organisationelle-Volley-page-001-1086x1536.jpg 1086w, https:\/\/cdsportadapte57.fr\/wp-content\/uploads\/2021\/10\/Fiche-organisationelle-Volley-page-001.jpg 1240w\" sizes=\"auto, (max-width: 724px) 100vw, 724px\" \/><\/figure>\n","protected":false},"excerpt":{"rendered":"<p>Cette journ\u00e9e est anim\u00e9e par St\u00e9phane Girodat , pr\u00e9sident du Volley-Club Sarrebourg et entra\u00eeneur de la section Volley Assis&nbsp; avec la pr\u00e9sence des membres de cette derni\u00e8re. Cette journ\u00e9e illustre&hellip; <\/p>\n","protected":false},"author":16,"featured_media":2796,"comment_status":"open","ping_status":"open","sticky":false,"template":"","format":"standard","meta":{"_crdt_document":"","jetpack_post_was_ever_published":false,"_jetpack_newsletter_access":"","_jetpack_dont_email_post_to_subs":false,"_jetpack_newsletter_tier_id":0,"_jetpack_memberships_contains_paywalled_content":false,"_jetpack_memberships_contains_paid_content":false,"footnotes":"","jetpack_publicize_message":"","jetpack_publicize_feature_enabled":true,"jetpack_social_post_already_shared":true,"jetpack_social_options":{"image_generator_settings":{"template":"highway","default_image_id":0,"font":"","enabled":false},"version":2}},"categories":[1],"tags":[146,11,147,148,149],"class_list":["post-2794","post","type-post","status-publish","format-standard","has-post-thumbnail","hentry","category-non-classe","tag-envolleyvous","tag-cdsa57","tag-ffvolleyassis","tag-ligue-grand-est-de-volley","tag-volley-club-sarrebourg"],"jetpack_publicize_connections":[],"jetpack_featured_media_url":"https:\/\/cdsportadapte57.fr\/wp-content\/uploads\/2021\/10\/Affiche-Volley-page-001.jpg","jetpack_sharing_enabled":true,"jetpack_shortlink":"https:\/\/wp.me\/pasBZt-J4","_links":{"self":[{"href":"https:\/\/cdsportadapte57.fr\/index.php?rest_route=\/wp\/v2\/posts\/2794","targetHints":{"allow":["GET"]}}],"collection":[{"href":"https:\/\/cdsportadapte57.fr\/index.php?rest_route=\/wp\/v2\/posts"}],"about":[{"href":"https:\/\/cdsportadapte57.fr\/index.php?rest_route=\/wp\/v2\/types\/post"}],"author":[{"embeddable":true,"href":"https:\/\/cdsportadapte57.fr\/index.php?rest_route=\/wp\/v2\/users\/16"}],"replies":[{"embeddable":true,"href":"https:\/\/cdsportadapte57.fr\/index.php?rest_route=%2Fwp%2Fv2%2Fcomments&post=2794"}],"version-history":[{"count":3,"href":"https:\/\/cdsportadapte57.fr\/index.php?rest_route=\/wp\/v2\/posts\/2794\/revisions"}],"predecessor-version":[{"id":2799,"href":"https:\/\/cdsportadapte57.fr\/index.php?rest_route=\/wp\/v2\/posts\/2794\/revisions\/2799"}],"wp:featuredmedia":[{"embeddable":true,"href":"https:\/\/cdsportadapte57.fr\/index.php?rest_route=\/wp\/v2\/media\/2796"}],"wp:attachment":[{"href":"https:\/\/cdsportadapte57.fr\/index.php?rest_route=%2Fwp%2Fv2%2Fmedia&parent=2794"}],"wp:term":[{"taxonomy":"category","embeddable":true,"href":"https:\/\/cdsportadapte57.fr\/index.php?rest_route=%2Fwp%2Fv2%2Fcategories&post=2794"},{"taxonomy":"post_tag","embeddable":true,"href":"https:\/\/cdsportadapte57.fr\/index.php?rest_route=%2Fwp%2Fv2%2Ftags&post=2794"}],"curies":[{"name":"wp","href":"https:\/\/api.w.org\/{rel}","templated":true}]}}