{"id":2714,"date":"2021-09-13T16:32:50","date_gmt":"2021-09-13T14:32:50","guid":{"rendered":"http:\/\/cdsportadapte57.fr\/?p=2714"},"modified":"2021-09-30T14:53:19","modified_gmt":"2021-09-30T12:53:19","slug":"fete-du-sport-a-metz","status":"publish","type":"post","link":"https:\/\/cdsportadapte57.fr\/?p=2714","title":{"rendered":"F\u00eate du Sport \u00e0 Metz"},"content":{"rendered":"\n<p class=\"wp-block-paragraph\">Nous \u00e9tions pr\u00e9sents \u00e0 la F\u00eate du Sport samedi 11 septembre au Parc de Seille. Beaucoup de visiteurs \u00e9taient pr\u00e9sents, les clubs sportifs nombreux, et les uns et les autres ont ainsi pu se rencontrer et \u00e9changer. <\/p>\n\n\n\n<p class=\"wp-block-paragraph\">Nous sommes  tr\u00e8s satisfaits de nos diverses rencontres , et des  projets qui pourraient se concr\u00e9tiser avec un  club de natation et un club de sport sous-marin subaquatique. <\/p>\n\n\n\n<figure class=\"wp-block-image size-large\"><img loading=\"lazy\" decoding=\"async\" width=\"1024\" height=\"768\" src=\"http:\/\/cdsportadapte57.fr\/wp-content\/uploads\/2021\/09\/7975987954029717941-1024x768.jpg\" alt=\"\" class=\"wp-image-2717\" srcset=\"https:\/\/cdsportadapte57.fr\/wp-content\/uploads\/2021\/09\/7975987954029717941-1024x768.jpg 1024w, https:\/\/cdsportadapte57.fr\/wp-content\/uploads\/2021\/09\/7975987954029717941-300x225.jpg 300w, https:\/\/cdsportadapte57.fr\/wp-content\/uploads\/2021\/09\/7975987954029717941-768x576.jpg 768w, https:\/\/cdsportadapte57.fr\/wp-content\/uploads\/2021\/09\/7975987954029717941-1536x1152.jpg 1536w, https:\/\/cdsportadapte57.fr\/wp-content\/uploads\/2021\/09\/7975987954029717941-2048x1536.jpg 2048w\" sizes=\"auto, (max-width: 1024px) 100vw, 1024px\" \/><\/figure>\n\n\n\n<p class=\"wp-block-paragraph\">Une tr\u00e8s belle F\u00eate du Sport avec deux  invit\u00e9s d&rsquo;honneur qui ont fait l&rsquo;unanimit\u00e9 ce week-end : soleil et chaleur !<\/p>\n","protected":false},"excerpt":{"rendered":"<p>Nous \u00e9tions pr\u00e9sents \u00e0 la F\u00eate du Sport samedi 11 septembre au Parc de Seille. Beaucoup de visiteurs \u00e9taient pr\u00e9sents, les clubs sportifs nombreux, et les uns et les autres&hellip; <\/p>\n","protected":false},"author":16,"featured_media":2715,"comment_status":"open","ping_status":"open","sticky":false,"template":"","format":"standard","meta":{"_crdt_document":"","jetpack_post_was_ever_published":false,"_jetpack_newsletter_access":"","_jetpack_dont_email_post_to_subs":false,"_jetpack_newsletter_tier_id":0,"_jetpack_memberships_contains_paywalled_content":false,"_jetpack_memberships_contains_paid_content":false,"footnotes":"","jetpack_publicize_message":"","jetpack_publicize_feature_enabled":true,"jetpack_social_post_already_shared":true,"jetpack_social_options":{"image_generator_settings":{"template":"highway","default_image_id":0,"font":"","enabled":false},"version":2}},"categories":[9,7,1],"tags":[11,12,23],"class_list":["post-2714","post","type-post","status-publish","format-standard","has-post-thumbnail","hentry","category-le-comite-de-sport-adapte-57","category-les-infos-du-cdsa-de-moselle","category-non-classe","tag-cdsa57","tag-fete-du-sport","tag-metz"],"jetpack_publicize_connections":[],"jetpack_featured_media_url":"https:\/\/cdsportadapte57.fr\/wp-content\/uploads\/2021\/09\/9030145548200177014-scaled.jpg","jetpack_sharing_enabled":true,"jetpack_shortlink":"https:\/\/wp.me\/pasBZt-HM","_links":{"self":[{"href":"https:\/\/cdsportadapte57.fr\/index.php?rest_route=\/wp\/v2\/posts\/2714","targetHints":{"allow":["GET"]}}],"collection":[{"href":"https:\/\/cdsportadapte57.fr\/index.php?rest_route=\/wp\/v2\/posts"}],"about":[{"href":"https:\/\/cdsportadapte57.fr\/index.php?rest_route=\/wp\/v2\/types\/post"}],"author":[{"embeddable":true,"href":"https:\/\/cdsportadapte57.fr\/index.php?rest_route=\/wp\/v2\/users\/16"}],"replies":[{"embeddable":true,"href":"https:\/\/cdsportadapte57.fr\/index.php?rest_route=%2Fwp%2Fv2%2Fcomments&post=2714"}],"version-history":[{"count":6,"href":"https:\/\/cdsportadapte57.fr\/index.php?rest_route=\/wp\/v2\/posts\/2714\/revisions"}],"predecessor-version":[{"id":2786,"href":"https:\/\/cdsportadapte57.fr\/index.php?rest_route=\/wp\/v2\/posts\/2714\/revisions\/2786"}],"wp:featuredmedia":[{"embeddable":true,"href":"https:\/\/cdsportadapte57.fr\/index.php?rest_route=\/wp\/v2\/media\/2715"}],"wp:attachment":[{"href":"https:\/\/cdsportadapte57.fr\/index.php?rest_route=%2Fwp%2Fv2%2Fmedia&parent=2714"}],"wp:term":[{"taxonomy":"category","embeddable":true,"href":"https:\/\/cdsportadapte57.fr\/index.php?rest_route=%2Fwp%2Fv2%2Fcategories&post=2714"},{"taxonomy":"post_tag","embeddable":true,"href":"https:\/\/cdsportadapte57.fr\/index.php?rest_route=%2Fwp%2Fv2%2Ftags&post=2714"}],"curies":[{"name":"wp","href":"https:\/\/api.w.org\/{rel}","templated":true}]}}