{"id":2689,"date":"2021-08-31T16:36:46","date_gmt":"2021-08-31T14:36:46","guid":{"rendered":"http:\/\/cdsportadapte57.fr\/?p=2689"},"modified":"2021-08-31T16:36:50","modified_gmt":"2021-08-31T14:36:50","slug":"journee-initiation-decouverte-au-judo-sport-adapte-a-sarreguemines","status":"publish","type":"post","link":"https:\/\/cdsportadapte57.fr\/?p=2689","title":{"rendered":"Journ\u00e9e initiation d\u00e9couverte au Judo Sport Adapt\u00e9 \u00e0 Sarreguemines"},"content":{"rendered":"\n<figure class=\"wp-block-image size-large\"><img loading=\"lazy\" decoding=\"async\" width=\"452\" height=\"640\" src=\"http:\/\/cdsportadapte57.fr\/wp-content\/uploads\/2021\/08\/Initiation-de-judo-2021.jpeg\" alt=\"\" class=\"wp-image-2690\" srcset=\"https:\/\/cdsportadapte57.fr\/wp-content\/uploads\/2021\/08\/Initiation-de-judo-2021.jpeg 452w, https:\/\/cdsportadapte57.fr\/wp-content\/uploads\/2021\/08\/Initiation-de-judo-2021-212x300.jpeg 212w\" sizes=\"auto, (max-width: 452px) 100vw, 452px\" \/><\/figure>\n","protected":false},"excerpt":{"rendered":"","protected":false},"author":16,"featured_media":2690,"comment_status":"open","ping_status":"open","sticky":false,"template":"","format":"standard","meta":{"_crdt_document":"","jetpack_post_was_ever_published":false,"_jetpack_newsletter_access":"","_jetpack_dont_email_post_to_subs":false,"_jetpack_newsletter_tier_id":0,"_jetpack_memberships_contains_paywalled_content":false,"_jetpack_memberships_contains_paid_content":false,"footnotes":"","jetpack_publicize_message":"","jetpack_publicize_feature_enabled":true,"jetpack_social_post_already_shared":true,"jetpack_social_options":{"image_generator_settings":{"template":"highway","default_image_id":0,"font":"","enabled":false},"version":2}},"categories":[7],"tags":[25,138,137,13],"class_list":["post-2689","post","type-post","status-publish","format-standard","has-post-thumbnail","hentry","category-les-infos-du-cdsa-de-moselle","tag-sarreguemines","tag-initiation","tag-judo","tag-sport-adapte"],"jetpack_publicize_connections":[],"jetpack_featured_media_url":"https:\/\/cdsportadapte57.fr\/wp-content\/uploads\/2021\/08\/Initiation-de-judo-2021.jpeg","jetpack_sharing_enabled":true,"jetpack_shortlink":"https:\/\/wp.me\/pasBZt-Hn","_links":{"self":[{"href":"https:\/\/cdsportadapte57.fr\/index.php?rest_route=\/wp\/v2\/posts\/2689","targetHints":{"allow":["GET"]}}],"collection":[{"href":"https:\/\/cdsportadapte57.fr\/index.php?rest_route=\/wp\/v2\/posts"}],"about":[{"href":"https:\/\/cdsportadapte57.fr\/index.php?rest_route=\/wp\/v2\/types\/post"}],"author":[{"embeddable":true,"href":"https:\/\/cdsportadapte57.fr\/index.php?rest_route=\/wp\/v2\/users\/16"}],"replies":[{"embeddable":true,"href":"https:\/\/cdsportadapte57.fr\/index.php?rest_route=%2Fwp%2Fv2%2Fcomments&post=2689"}],"version-history":[{"count":1,"href":"https:\/\/cdsportadapte57.fr\/index.php?rest_route=\/wp\/v2\/posts\/2689\/revisions"}],"predecessor-version":[{"id":2691,"href":"https:\/\/cdsportadapte57.fr\/index.php?rest_route=\/wp\/v2\/posts\/2689\/revisions\/2691"}],"wp:featuredmedia":[{"embeddable":true,"href":"https:\/\/cdsportadapte57.fr\/index.php?rest_route=\/wp\/v2\/media\/2690"}],"wp:attachment":[{"href":"https:\/\/cdsportadapte57.fr\/index.php?rest_route=%2Fwp%2Fv2%2Fmedia&parent=2689"}],"wp:term":[{"taxonomy":"category","embeddable":true,"href":"https:\/\/cdsportadapte57.fr\/index.php?rest_route=%2Fwp%2Fv2%2Fcategories&post=2689"},{"taxonomy":"post_tag","embeddable":true,"href":"https:\/\/cdsportadapte57.fr\/index.php?rest_route=%2Fwp%2Fv2%2Ftags&post=2689"}],"curies":[{"name":"wp","href":"https:\/\/api.w.org\/{rel}","templated":true}]}}