{"id":2681,"date":"2021-08-26T16:01:32","date_gmt":"2021-08-26T14:01:32","guid":{"rendered":"http:\/\/cdsportadapte57.fr\/?p=2681"},"modified":"2021-08-26T16:18:47","modified_gmt":"2021-08-26T14:18:47","slug":"documentaire-ffsa-sur-la-preparation-de-3-sportifs-en-situation-de-handicap-mental-pour-les-jeux-paralympiques-de-tokyo","status":"publish","type":"post","link":"https:\/\/cdsportadapte57.fr\/?p=2681","title":{"rendered":"Documentaire FFSA sur la pr\u00e9paration de 3 sportifs en situation de handicap mental pour les jeux Paralympiques de Tokyo"},"content":{"rendered":"\n<p class=\"wp-block-paragraph\"><\/p>\n\n\n\n<p class=\"wp-block-paragraph\"><strong>\u00c0 l&rsquo;occasion des Jeux paralympiques de Tokyo<\/strong>, la FFSA, en partenariat avec l&rsquo;Agence Nationale du Sport et la cha\u00eene Sport en France, a r\u00e9alis\u00e9&nbsp;<strong>un documentaire de 30 minutes.<\/strong><\/p>\n\n\n\n<p class=\"wp-block-paragraph\">L\u2019objectif de ce dernier est d\u2019<strong>entrer dans l\u2019intimit\u00e9 de la pr\u00e9paration de 3 sportifs en situation de handicap mental<\/strong>&nbsp;qui se pr\u00e9parent pour&nbsp;<strong>les Jeux Paralympiques de Tokyo.<\/strong><\/p>\n\n\n\n<p class=\"wp-block-paragraph\">Il s\u2019agira de vivre de l\u2019int\u00e9rieur&nbsp;<strong>les 6 derniers mois de leur pr\u00e9paration<\/strong>, la fa\u00e7on dont ils comprennent les choses, la fa\u00e7on dont ils invertissent leur pr\u00e9paration.<\/p>\n\n\n\n<ul class=\"wp-block-list\"><li><em><strong>Gloria<\/strong>&nbsp;est d\u00e9j\u00e0 qualifi\u00e9e mais devra travailler sur ses peurs pour atteindre une m\u00e9daille paralympique,<\/em><\/li><li><em><strong>Lucas<\/strong>&nbsp;est \u00e9galement qualifi\u00e9 mais devra repenser ses strat\u00e9gies de jeu pour surprendre ses adversaires et briguer l\u2019or,<\/em><\/li><li><em><strong>Nathan<\/strong>, lui n\u2019est pas encore qualifi\u00e9 et devra progresser au rang mondial pour avoir une chance d\u2019\u00eatre \u00e0 Tokyo.<\/em><\/li><\/ul>\n\n\n\n<p class=\"wp-block-paragraph\">Ce film a \u00e9t\u00e9 diffus\u00e9 pour la premi\u00e8re fois le mardi 23 ao\u00fbt 2021, en soir\u00e9e, sur la cha\u00eene Sport en France.<\/p>\n\n\n\n<p class=\"wp-block-paragraph\"><strong>Vous pouvez \u00e0 pr\u00e9sent le revoir sur notre cha\u00eene Youtube<\/strong>&nbsp;ou en replay sur le cha\u00eene Sport en France.<\/p>\n\n\n\n<figure class=\"wp-block-embed-youtube wp-block-embed is-type-video is-provider-youtube wp-embed-aspect-16-9 wp-has-aspect-ratio\"><div class=\"wp-block-embed__wrapper\">\n<span class=\"embed-youtube\" style=\"text-align:center; display: block;\"><iframe loading=\"lazy\" class=\"youtube-player\" width=\"1110\" height=\"625\" src=\"https:\/\/www.youtube.com\/embed\/xDLHWSbz4nQ?version=3&#038;rel=1&#038;showsearch=0&#038;showinfo=1&#038;iv_load_policy=1&#038;fs=1&#038;hl=fr-FR&#038;autohide=2&#038;wmode=transparent\" allowfullscreen=\"true\" style=\"border:0;\" sandbox=\"allow-scripts allow-same-origin allow-popups allow-presentation allow-popups-to-escape-sandbox\"><\/iframe><\/span>\n<\/div><\/figure>\n\n\n\n<p class=\"wp-block-paragraph\"><strong>Et n&rsquo;oubliez pas, pour suivre les Jeux Paralympiques de Tokyo qui se d\u00e9rouleront du 24 ao\u00fbt au 5 septembre, plusieurs options s&rsquo;offrent \u00e0 vous.<\/strong><\/p>\n\n\n\n<h2 class=\"wp-block-heading\"><strong>FRANCE TELEVISIONS<\/strong><\/h2>\n\n\n\n<p class=\"wp-block-paragraph\">France T\u00e9l\u00e9visions, diffuseur officiel, proposera plus de 100 heures d\u2019antenne. \u00c0 suivre sur France 3 et France 4 les \u00e9preuves en direct tous les jours, de 7h \u00e0 15h. La c\u00e9r\u00e9monie d\u2019ouverture le mardi 24 ao\u00fbt et de cl\u00f4ture le dimanche 5 septembre seront \u00e9galement \u00e0 suivre \u00e0 13h sur France 3.<\/p>\n\n\n\n<p class=\"wp-block-paragraph\">En plus de cette diffusion, la cha\u00eene proposera \u00e9galement une petite pastille intitul\u00e9e \u00ab Le journal des paras \u00bb, programm\u00e9e du lundi au dimanche \u00e0 20h45, sur France 3.<\/p>\n\n\n\n<p class=\"wp-block-paragraph\">C\u00f4t\u00e9 num\u00e9rique, France T\u00e9l\u00e9visions diffusera toutes les \u00e9preuves en direct ou en replay sur son application France TV Sport&nbsp;:&nbsp;<a href=\"https:\/\/newsletterffsa.fr\/index.php?page=acymailing_front&amp;ctrl=fronturl&amp;task=click&amp;urlid=518&amp;userid=572&amp;mailid=733&amp;noheader=1\" target=\"_blank\" rel=\"noreferrer noopener\">www.francetvsport.fr<\/a><\/p>\n\n\n\n<h2 class=\"wp-block-heading\"><strong>L\u2019EQUIPE<\/strong><\/h2>\n\n\n\n<p class=\"wp-block-paragraph\">La cha\u00eene L\u2019Equipe, canal 21 de la TNT, proposera en compl\u00e9ment de la programmation de France T\u00e9l\u00e9visions d\u00e8s le 25 ao\u00fbt, de suivre chaque jour pendant deux heures, les \u00e9preuves de la journ\u00e9e des athl\u00e8tes paralympiques fran\u00e7ais.<\/p>\n\n\n\n<p class=\"wp-block-paragraph\"><em><strong>IPC<\/strong><\/em><\/p>\n\n\n\n<p class=\"wp-block-paragraph\">La cha\u00eene de l\u2019IPC diffusera sur la cha\u00eene&nbsp;<a href=\"https:\/\/newsletterffsa.fr\/index.php?page=acymailing_front&amp;ctrl=fronturl&amp;task=click&amp;urlid=519&amp;userid=572&amp;mailid=733&amp;noheader=1\" target=\"_blank\" rel=\"noreferrer noopener\">YouTube<\/a>, 19 disciplines sur les 22 pr\u00e9sentes \u00e0 Tokyo.<\/p>\n","protected":false},"excerpt":{"rendered":"<p>\u00c0 l&rsquo;occasion des Jeux paralympiques de Tokyo, la FFSA, en partenariat avec l&rsquo;Agence Nationale du Sport et la cha\u00eene Sport en France, a r\u00e9alis\u00e9&nbsp;un documentaire de 30 minutes. L\u2019objectif de&hellip; <\/p>\n","protected":false},"author":16,"featured_media":0,"comment_status":"open","ping_status":"open","sticky":false,"template":"","format":"standard","meta":{"_crdt_document":"","jetpack_post_was_ever_published":false,"_jetpack_newsletter_access":"","_jetpack_dont_email_post_to_subs":false,"_jetpack_newsletter_tier_id":0,"_jetpack_memberships_contains_paywalled_content":false,"_jetpack_memberships_contains_paid_content":false,"footnotes":"","jetpack_publicize_message":"","jetpack_publicize_feature_enabled":true,"jetpack_social_post_already_shared":true,"jetpack_social_options":{"image_generator_settings":{"template":"highway","default_image_id":0,"font":"","enabled":false},"version":2}},"categories":[7,1],"tags":[136,40,78,135,134],"class_list":["post-2681","post","type-post","status-publish","format-standard","hentry","category-les-infos-du-cdsa-de-moselle","category-non-classe","tag-athletes","tag-ffsa","tag-handicap-mental","tag-jo-paralympiques-tokyo","tag-preparation"],"jetpack_publicize_connections":[],"jetpack_featured_media_url":"","jetpack_sharing_enabled":true,"jetpack_shortlink":"https:\/\/wp.me\/pasBZt-Hf","_links":{"self":[{"href":"https:\/\/cdsportadapte57.fr\/index.php?rest_route=\/wp\/v2\/posts\/2681","targetHints":{"allow":["GET"]}}],"collection":[{"href":"https:\/\/cdsportadapte57.fr\/index.php?rest_route=\/wp\/v2\/posts"}],"about":[{"href":"https:\/\/cdsportadapte57.fr\/index.php?rest_route=\/wp\/v2\/types\/post"}],"author":[{"embeddable":true,"href":"https:\/\/cdsportadapte57.fr\/index.php?rest_route=\/wp\/v2\/users\/16"}],"replies":[{"embeddable":true,"href":"https:\/\/cdsportadapte57.fr\/index.php?rest_route=%2Fwp%2Fv2%2Fcomments&post=2681"}],"version-history":[{"count":6,"href":"https:\/\/cdsportadapte57.fr\/index.php?rest_route=\/wp\/v2\/posts\/2681\/revisions"}],"predecessor-version":[{"id":2687,"href":"https:\/\/cdsportadapte57.fr\/index.php?rest_route=\/wp\/v2\/posts\/2681\/revisions\/2687"}],"wp:attachment":[{"href":"https:\/\/cdsportadapte57.fr\/index.php?rest_route=%2Fwp%2Fv2%2Fmedia&parent=2681"}],"wp:term":[{"taxonomy":"category","embeddable":true,"href":"https:\/\/cdsportadapte57.fr\/index.php?rest_route=%2Fwp%2Fv2%2Fcategories&post=2681"},{"taxonomy":"post_tag","embeddable":true,"href":"https:\/\/cdsportadapte57.fr\/index.php?rest_route=%2Fwp%2Fv2%2Ftags&post=2681"}],"curies":[{"name":"wp","href":"https:\/\/api.w.org\/{rel}","templated":true}]}}