{"id":2619,"date":"2021-08-15T14:43:55","date_gmt":"2021-08-15T12:43:55","guid":{"rendered":"http:\/\/cdsportadapte57.fr\/?p=2619"},"modified":"2021-08-15T14:44:00","modified_gmt":"2021-08-15T12:44:00","slug":"la-ffsa-accompagne-ses-clubs-et-ses-sportifs-pour-cette-rentree-sportive","status":"publish","type":"post","link":"https:\/\/cdsportadapte57.fr\/?p=2619","title":{"rendered":"La FFSA accompagne ses clubs et ses sportifs pour cette rentr\u00e9e sportive !"},"content":{"rendered":"\n<p class=\"wp-block-paragraph\">\n\nLa FFSA accompagne ses clubs et ses sportifs pour cette rentr\u00e9e sportive  <\/p>\n\n\n\n<figure class=\"wp-block-image size-large\"><img loading=\"lazy\" decoding=\"async\" width=\"821\" height=\"315\" src=\"http:\/\/cdsportadapte57.fr\/wp-content\/uploads\/2021\/08\/ffsa-image-aout-2021-1.png\" alt=\"\" class=\"wp-image-2631\" srcset=\"https:\/\/cdsportadapte57.fr\/wp-content\/uploads\/2021\/08\/ffsa-image-aout-2021-1.png 821w, https:\/\/cdsportadapte57.fr\/wp-content\/uploads\/2021\/08\/ffsa-image-aout-2021-1-300x115.png 300w, https:\/\/cdsportadapte57.fr\/wp-content\/uploads\/2021\/08\/ffsa-image-aout-2021-1-768x295.png 768w\" sizes=\"auto, (max-width: 821px) 100vw, 821px\" \/><\/figure>\n\n\n\n<p class=\"wp-block-paragraph\">Plusieurs actions sont d\u00e9ploy\u00e9es au travers de notre plan de relance<\/p>\n\n\n\n<p class=\"wp-block-paragraph\">1\u00e8re action :<\/p>\n\n\n\n<figure><iframe loading=\"lazy\" src=\"https:\/\/www.facebook.com\/plugins\/video.php?height=314&amp;href=https%3A%2F%2Fwww.facebook.com%2Fffsportadapte%2Fvideos%2F418736716182796%2F&amp;show_text=false&amp;width=560&amp;t=0\" width=\"560\" height=\"314\" style=\"border:none;overflow:hidden\" scrolling=\"no\" frameborder=\"0\" allowfullscreen=\"true\" allow=\"autoplay; clipboard-write; encrypted-media; picture-in-picture; web-share\"><\/iframe><\/figure>\n\n\n\n<p class=\"wp-block-paragraph\"> 2\u00e8me action :<\/p>\n\n\n\n<figure><iframe loading=\"lazy\" src=\"https:\/\/www.facebook.com\/plugins\/video.php?height=314&amp;href=https%3A%2F%2Fwww.facebook.com%2Fffsportadapte%2Fvideos%2F1148723472289700%2F&amp;show_text=false&amp;width=560&amp;t=0\" width=\"560\" height=\"314\" style=\"border:none;overflow:hidden\" scrolling=\"no\" frameborder=\"0\" allowfullscreen=\"true\" allow=\"autoplay; clipboard-write; encrypted-media; picture-in-picture; web-share\"><\/iframe><\/figure>\n\n\n\n<p class=\"wp-block-paragraph\"> 3\u00e8me action \u00e0 d\u00e9couvrir avec cette vid\u00e9o :<\/p>\n\n\n\n<figure><iframe loading=\"lazy\" src=\"https:\/\/www.facebook.com\/plugins\/video.php?height=314&amp;href=https%3A%2F%2Fwww.facebook.com%2Fffsportadapte%2Fvideos%2F827293178154747%2F&amp;show_text=false&amp;width=560&amp;t=0\" width=\"560\" height=\"314\" style=\"border:none;overflow:hidden\" scrolling=\"no\" frameborder=\"0\" allowfullscreen=\"true\" allow=\"autoplay; clipboard-write; encrypted-media; picture-in-picture; web-share\"><\/iframe><\/figure>\n\n\n\n<p class=\"wp-block-paragraph\"> <\/p>\n\n\n\n<p class=\"wp-block-paragraph\">Pour en savoir plus : <a href=\"https:\/\/sportadapte.fr\/vie_federale\/plan-de-relance-de-la-ffsa\/\">https:\/\/sportadapte.fr\/vie_federale\/plan-de-relance-de-la-ffsa\/<\/a><\/p>\n\n\n\n<figure class=\"wp-block-image size-large\"><img loading=\"lazy\" decoding=\"async\" width=\"918\" height=\"314\" src=\"http:\/\/cdsportadapte57.fr\/wp-content\/uploads\/2021\/08\/FFSA-SIGNATURE-MAIL.png\" alt=\"\" class=\"wp-image-2626\" srcset=\"https:\/\/cdsportadapte57.fr\/wp-content\/uploads\/2021\/08\/FFSA-SIGNATURE-MAIL.png 918w, https:\/\/cdsportadapte57.fr\/wp-content\/uploads\/2021\/08\/FFSA-SIGNATURE-MAIL-300x103.png 300w, https:\/\/cdsportadapte57.fr\/wp-content\/uploads\/2021\/08\/FFSA-SIGNATURE-MAIL-768x263.png 768w\" sizes=\"auto, (max-width: 918px) 100vw, 918px\" \/><\/figure>\n\n\n\n<figure class=\"wp-block-image size-large\"><img loading=\"lazy\" decoding=\"async\" width=\"590\" height=\"150\" src=\"http:\/\/cdsportadapte57.fr\/wp-content\/uploads\/2021\/08\/BANDEAU-WEB_MAJ-07-2021.jpg\" alt=\"\" class=\"wp-image-2627\" srcset=\"https:\/\/cdsportadapte57.fr\/wp-content\/uploads\/2021\/08\/BANDEAU-WEB_MAJ-07-2021.jpg 590w, https:\/\/cdsportadapte57.fr\/wp-content\/uploads\/2021\/08\/BANDEAU-WEB_MAJ-07-2021-300x76.jpg 300w\" sizes=\"auto, (max-width: 590px) 100vw, 590px\" \/><\/figure>\n\n\n\n<p class=\"wp-block-paragraph\"> <\/p>\n","protected":false},"excerpt":{"rendered":"<p>La FFSA accompagne ses clubs et ses sportifs pour cette rentr\u00e9e sportive Plusieurs actions sont d\u00e9ploy\u00e9es au travers de notre plan de relance 1\u00e8re action : 2\u00e8me action : 3\u00e8me&hellip; <\/p>\n","protected":false},"author":16,"featured_media":2631,"comment_status":"open","ping_status":"open","sticky":false,"template":"","format":"standard","meta":{"_crdt_document":"","jetpack_post_was_ever_published":false,"_jetpack_newsletter_access":"","_jetpack_dont_email_post_to_subs":false,"_jetpack_newsletter_tier_id":0,"_jetpack_memberships_contains_paywalled_content":false,"_jetpack_memberships_contains_paid_content":false,"footnotes":"","jetpack_publicize_message":"","jetpack_publicize_feature_enabled":true,"jetpack_social_post_already_shared":true,"jetpack_social_options":{"image_generator_settings":{"template":"highway","default_image_id":0,"font":"","enabled":false},"version":2}},"categories":[7,1],"tags":[126,128,40,125,127],"class_list":["post-2619","post","type-post","status-publish","format-standard","has-post-thumbnail","hentry","category-les-infos-du-cdsa-de-moselle","category-non-classe","tag-actions","tag-clubs","tag-ffsa","tag-rentree","tag-sportifs"],"jetpack_publicize_connections":[],"jetpack_featured_media_url":"https:\/\/cdsportadapte57.fr\/wp-content\/uploads\/2021\/08\/ffsa-image-aout-2021-1.png","jetpack_sharing_enabled":true,"jetpack_shortlink":"https:\/\/wp.me\/pasBZt-Gf","_links":{"self":[{"href":"https:\/\/cdsportadapte57.fr\/index.php?rest_route=\/wp\/v2\/posts\/2619","targetHints":{"allow":["GET"]}}],"collection":[{"href":"https:\/\/cdsportadapte57.fr\/index.php?rest_route=\/wp\/v2\/posts"}],"about":[{"href":"https:\/\/cdsportadapte57.fr\/index.php?rest_route=\/wp\/v2\/types\/post"}],"author":[{"embeddable":true,"href":"https:\/\/cdsportadapte57.fr\/index.php?rest_route=\/wp\/v2\/users\/16"}],"replies":[{"embeddable":true,"href":"https:\/\/cdsportadapte57.fr\/index.php?rest_route=%2Fwp%2Fv2%2Fcomments&post=2619"}],"version-history":[{"count":8,"href":"https:\/\/cdsportadapte57.fr\/index.php?rest_route=\/wp\/v2\/posts\/2619\/revisions"}],"predecessor-version":[{"id":2632,"href":"https:\/\/cdsportadapte57.fr\/index.php?rest_route=\/wp\/v2\/posts\/2619\/revisions\/2632"}],"wp:featuredmedia":[{"embeddable":true,"href":"https:\/\/cdsportadapte57.fr\/index.php?rest_route=\/wp\/v2\/media\/2631"}],"wp:attachment":[{"href":"https:\/\/cdsportadapte57.fr\/index.php?rest_route=%2Fwp%2Fv2%2Fmedia&parent=2619"}],"wp:term":[{"taxonomy":"category","embeddable":true,"href":"https:\/\/cdsportadapte57.fr\/index.php?rest_route=%2Fwp%2Fv2%2Fcategories&post=2619"},{"taxonomy":"post_tag","embeddable":true,"href":"https:\/\/cdsportadapte57.fr\/index.php?rest_route=%2Fwp%2Fv2%2Ftags&post=2619"}],"curies":[{"name":"wp","href":"https:\/\/api.w.org\/{rel}","templated":true}]}}