{"id":2590,"date":"2021-08-10T16:54:14","date_gmt":"2021-08-10T14:54:14","guid":{"rendered":"http:\/\/cdsportadapte57.fr\/?p=2590"},"modified":"2021-08-10T17:13:41","modified_gmt":"2021-08-10T15:13:41","slug":"caravane-du-sport-a-foschviller","status":"publish","type":"post","link":"https:\/\/cdsportadapte57.fr\/?p=2590","title":{"rendered":"Caravane du Sport \u00e0 Folschviller"},"content":{"rendered":"\n<figure class=\"wp-block-image size-large\"><img loading=\"lazy\" decoding=\"async\" width=\"1024\" height=\"390\" src=\"http:\/\/cdsportadapte57.fr\/wp-content\/uploads\/2021\/08\/caravane-du-sport-1024x390.png\" alt=\"\" class=\"wp-image-2591\" srcset=\"https:\/\/cdsportadapte57.fr\/wp-content\/uploads\/2021\/08\/caravane-du-sport-1024x390.png 1024w, https:\/\/cdsportadapte57.fr\/wp-content\/uploads\/2021\/08\/caravane-du-sport-300x114.png 300w, https:\/\/cdsportadapte57.fr\/wp-content\/uploads\/2021\/08\/caravane-du-sport-768x292.png 768w, https:\/\/cdsportadapte57.fr\/wp-content\/uploads\/2021\/08\/caravane-du-sport-1536x584.png 1536w, https:\/\/cdsportadapte57.fr\/wp-content\/uploads\/2021\/08\/caravane-du-sport-2048x779.png 2048w\" sizes=\"auto, (max-width: 1024px) 100vw, 1024px\" \/><\/figure>\n\n\n\n<p class=\"wp-block-paragraph\">Nous serons pr\u00e9sents samedi 14 ao\u00fbt \u00e0 Folschviller lors du passage de la Caravane du Sport Mosellan.<\/p>\n\n\n\n<p class=\"wp-block-paragraph\"> 2 ateliers seront mis en place :&nbsp; &nbsp; Double parcours d&rsquo;\u00e9quilibre avec raquette et balle de tennis de table&nbsp;<br>&nbsp;Un parcours de rugby \u00e0 r\u00e9aliser par \u00e9quipe de 2 participants.<\/p>\n\n\n\n<p class=\"wp-block-paragraph\">N&rsquo;h\u00e9sitez pas \u00e0 venir, nous vous attendons !<\/p>\n\n\n\n<p class=\"wp-block-paragraph\"><\/p>\n","protected":false},"excerpt":{"rendered":"<p>Nous serons pr\u00e9sents samedi 14 ao\u00fbt \u00e0 Folschviller lors du passage de la Caravane du Sport Mosellan. 2 ateliers seront mis en place :&nbsp; &nbsp; Double parcours d&rsquo;\u00e9quilibre avec raquette&hellip; <\/p>\n","protected":false},"author":16,"featured_media":2591,"comment_status":"open","ping_status":"open","sticky":false,"template":"","format":"standard","meta":{"_crdt_document":"","jetpack_post_was_ever_published":false,"_jetpack_newsletter_access":"","_jetpack_dont_email_post_to_subs":false,"_jetpack_newsletter_tier_id":0,"_jetpack_memberships_contains_paywalled_content":false,"_jetpack_memberships_contains_paid_content":false,"footnotes":"","jetpack_publicize_message":"","jetpack_publicize_feature_enabled":true,"jetpack_social_post_already_shared":true,"jetpack_social_options":{"image_generator_settings":{"template":"highway","default_image_id":0,"font":"","enabled":false},"version":2}},"categories":[1],"tags":[121,124,11,123,122],"class_list":["post-2590","post","type-post","status-publish","format-standard","has-post-thumbnail","hentry","category-non-classe","tag-caravane-du-sport","tag-cdos57","tag-cdsa57","tag-folschviller","tag-moselle"],"jetpack_publicize_connections":[],"jetpack_featured_media_url":"https:\/\/cdsportadapte57.fr\/wp-content\/uploads\/2021\/08\/caravane-du-sport.png","jetpack_sharing_enabled":true,"jetpack_shortlink":"https:\/\/wp.me\/pasBZt-FM","_links":{"self":[{"href":"https:\/\/cdsportadapte57.fr\/index.php?rest_route=\/wp\/v2\/posts\/2590","targetHints":{"allow":["GET"]}}],"collection":[{"href":"https:\/\/cdsportadapte57.fr\/index.php?rest_route=\/wp\/v2\/posts"}],"about":[{"href":"https:\/\/cdsportadapte57.fr\/index.php?rest_route=\/wp\/v2\/types\/post"}],"author":[{"embeddable":true,"href":"https:\/\/cdsportadapte57.fr\/index.php?rest_route=\/wp\/v2\/users\/16"}],"replies":[{"embeddable":true,"href":"https:\/\/cdsportadapte57.fr\/index.php?rest_route=%2Fwp%2Fv2%2Fcomments&post=2590"}],"version-history":[{"count":2,"href":"https:\/\/cdsportadapte57.fr\/index.php?rest_route=\/wp\/v2\/posts\/2590\/revisions"}],"predecessor-version":[{"id":2593,"href":"https:\/\/cdsportadapte57.fr\/index.php?rest_route=\/wp\/v2\/posts\/2590\/revisions\/2593"}],"wp:featuredmedia":[{"embeddable":true,"href":"https:\/\/cdsportadapte57.fr\/index.php?rest_route=\/wp\/v2\/media\/2591"}],"wp:attachment":[{"href":"https:\/\/cdsportadapte57.fr\/index.php?rest_route=%2Fwp%2Fv2%2Fmedia&parent=2590"}],"wp:term":[{"taxonomy":"category","embeddable":true,"href":"https:\/\/cdsportadapte57.fr\/index.php?rest_route=%2Fwp%2Fv2%2Fcategories&post=2590"},{"taxonomy":"post_tag","embeddable":true,"href":"https:\/\/cdsportadapte57.fr\/index.php?rest_route=%2Fwp%2Fv2%2Ftags&post=2590"}],"curies":[{"name":"wp","href":"https:\/\/api.w.org\/{rel}","templated":true}]}}