{"id":2415,"date":"2021-05-17T12:55:28","date_gmt":"2021-05-17T10:55:28","guid":{"rendered":"http:\/\/cdsportadapte57.fr\/?p=2415"},"modified":"2021-05-17T12:59:59","modified_gmt":"2021-05-17T10:59:59","slug":"le-comite-de-sport-adapte-de-moselle-a-lapei-de-moselle","status":"publish","type":"post","link":"https:\/\/cdsportadapte57.fr\/?p=2415","title":{"rendered":"Le Comit\u00e9 de Sport Adapt\u00e9 de Moselle tr\u00e8s pr\u00e9sent \u00e0  l&rsquo;APEI de Moselle"},"content":{"rendered":"\n<p class=\"wp-block-paragraph\">C&rsquo;est avec plaisir que nous partageons ce bel article de l&rsquo;APEI de Moselle paru dans leur magazine JAM n\u00b02 qui r\u00e9sume bien nos projets et nos objectifs. Depuis janvier Sarah intervient dans les \u00e9tablissements de l&rsquo;Apei de Moselle et propose aux usagers une activit\u00e9 physique r\u00e9guli\u00e8re pour leur plus grand plaisir. <\/p>\n\n\n\n<p class=\"wp-block-paragraph\">D&rsquo;autre part, quatre manifestations sportives et ludiques seront propos\u00e9es par an sur les deux territoires , d\u00e8s que la situation sanitaire le permettra.<\/p>\n\n\n\n<figure class=\"wp-block-image size-large\"><img loading=\"lazy\" decoding=\"async\" width=\"724\" height=\"1024\" src=\"http:\/\/cdsportadapte57.fr\/wp-content\/uploads\/2021\/05\/JAM-n2-1er-trimestre-2021-article-va-y-avoir-du-sport-p3-724x1024.jpg\" alt=\"\" class=\"wp-image-2416\" srcset=\"https:\/\/cdsportadapte57.fr\/wp-content\/uploads\/2021\/05\/JAM-n2-1er-trimestre-2021-article-va-y-avoir-du-sport-p3-724x1024.jpg 724w, https:\/\/cdsportadapte57.fr\/wp-content\/uploads\/2021\/05\/JAM-n2-1er-trimestre-2021-article-va-y-avoir-du-sport-p3-212x300.jpg 212w, https:\/\/cdsportadapte57.fr\/wp-content\/uploads\/2021\/05\/JAM-n2-1er-trimestre-2021-article-va-y-avoir-du-sport-p3-768x1086.jpg 768w, https:\/\/cdsportadapte57.fr\/wp-content\/uploads\/2021\/05\/JAM-n2-1er-trimestre-2021-article-va-y-avoir-du-sport-p3-1086x1536.jpg 1086w, https:\/\/cdsportadapte57.fr\/wp-content\/uploads\/2021\/05\/JAM-n2-1er-trimestre-2021-article-va-y-avoir-du-sport-p3-1448x2048.jpg 1448w, https:\/\/cdsportadapte57.fr\/wp-content\/uploads\/2021\/05\/JAM-n2-1er-trimestre-2021-article-va-y-avoir-du-sport-p3-scaled.jpg 1811w\" sizes=\"auto, (max-width: 724px) 100vw, 724px\" \/><\/figure>\n\n\n\n<p class=\"wp-block-paragraph\">Vous pouvez consulter le magazine JAM n\u00b02<a href=\"https:\/\/www.apeimoselle.fr\/fr\/publications.html\"> ici <\/a> ainsi que toutes les autres publications de l&rsquo;Apei de Moselle.<\/p>\n\n\n\n<p class=\"has-text-align-center wp-block-paragraph\"><strong>Il y a du Sport \u00e0 l&rsquo;APEI de Moselle !<\/strong><\/p>\n\n\n","protected":false},"excerpt":{"rendered":"<p>C&rsquo;est avec plaisir que nous partageons ce bel article de l&rsquo;APEI de Moselle paru dans leur magazine JAM n\u00b02 qui r\u00e9sume bien nos projets et nos objectifs. Depuis janvier Sarah&hellip; <\/p>\n","protected":false},"author":16,"featured_media":2416,"comment_status":"open","ping_status":"open","sticky":false,"template":"","format":"standard","meta":{"_crdt_document":"","jetpack_post_was_ever_published":false,"_jetpack_newsletter_access":"","_jetpack_dont_email_post_to_subs":false,"_jetpack_newsletter_tier_id":0,"_jetpack_memberships_contains_paywalled_content":false,"_jetpack_memberships_contains_paid_content":false,"footnotes":"","jetpack_publicize_message":"","jetpack_publicize_feature_enabled":true,"jetpack_social_post_already_shared":true,"jetpack_social_options":{"image_generator_settings":{"template":"highway","default_image_id":0,"font":"","enabled":false},"version":2}},"categories":[4],"tags":[99,98],"class_list":["post-2415","post","type-post","status-publish","format-standard","has-post-thumbnail","hentry","category-on-parle-de-nous","tag-apei-moselle","tag-partenariat"],"jetpack_publicize_connections":[],"jetpack_featured_media_url":"https:\/\/cdsportadapte57.fr\/wp-content\/uploads\/2021\/05\/JAM-n2-1er-trimestre-2021-article-va-y-avoir-du-sport-p3-scaled.jpg","jetpack_sharing_enabled":true,"jetpack_shortlink":"https:\/\/wp.me\/pasBZt-CX","_links":{"self":[{"href":"https:\/\/cdsportadapte57.fr\/index.php?rest_route=\/wp\/v2\/posts\/2415","targetHints":{"allow":["GET"]}}],"collection":[{"href":"https:\/\/cdsportadapte57.fr\/index.php?rest_route=\/wp\/v2\/posts"}],"about":[{"href":"https:\/\/cdsportadapte57.fr\/index.php?rest_route=\/wp\/v2\/types\/post"}],"author":[{"embeddable":true,"href":"https:\/\/cdsportadapte57.fr\/index.php?rest_route=\/wp\/v2\/users\/16"}],"replies":[{"embeddable":true,"href":"https:\/\/cdsportadapte57.fr\/index.php?rest_route=%2Fwp%2Fv2%2Fcomments&post=2415"}],"version-history":[{"count":5,"href":"https:\/\/cdsportadapte57.fr\/index.php?rest_route=\/wp\/v2\/posts\/2415\/revisions"}],"predecessor-version":[{"id":2421,"href":"https:\/\/cdsportadapte57.fr\/index.php?rest_route=\/wp\/v2\/posts\/2415\/revisions\/2421"}],"wp:featuredmedia":[{"embeddable":true,"href":"https:\/\/cdsportadapte57.fr\/index.php?rest_route=\/wp\/v2\/media\/2416"}],"wp:attachment":[{"href":"https:\/\/cdsportadapte57.fr\/index.php?rest_route=%2Fwp%2Fv2%2Fmedia&parent=2415"}],"wp:term":[{"taxonomy":"category","embeddable":true,"href":"https:\/\/cdsportadapte57.fr\/index.php?rest_route=%2Fwp%2Fv2%2Fcategories&post=2415"},{"taxonomy":"post_tag","embeddable":true,"href":"https:\/\/cdsportadapte57.fr\/index.php?rest_route=%2Fwp%2Fv2%2Ftags&post=2415"}],"curies":[{"name":"wp","href":"https:\/\/api.w.org\/{rel}","templated":true}]}}