{"id":2373,"date":"2021-04-12T18:44:05","date_gmt":"2021-04-12T16:44:05","guid":{"rendered":"http:\/\/cdsportadapte57.fr\/?p=2373"},"modified":"2021-04-12T18:49:06","modified_gmt":"2021-04-12T16:49:06","slug":"assemblee-generale","status":"publish","type":"post","link":"https:\/\/cdsportadapte57.fr\/?p=2373","title":{"rendered":"Assembl\u00e9e G\u00e9n\u00e9rale"},"content":{"rendered":"\n<figure class=\"wp-block-image size-large\"><a href=\"Image par <a href=&quot;https:\/\/pixabay.com\/fr\/users\/peggy_marco-1553824\/?utm_source=link-attribution&amp;utm_medium=referral&amp;utm_campaign=image&amp;utm_content=1019875&quot;&gt;Peggy und Marco Lachmann-Anke<\/a&gt; de <a href=&quot;https:\/\/pixabay.com\/fr\/?utm_source=link-attribution&amp;utm_medium=referral&amp;utm_campaign=image&amp;utm_content=1019875&quot;&gt;Pixabay<\/a&gt;\"><img loading=\"lazy\" decoding=\"async\" width=\"1024\" height=\"731\" src=\"http:\/\/cdsportadapte57.fr\/wp-content\/uploads\/2021\/04\/meeting-1019875_1920-1024x731.jpg\" alt=\"\" class=\"wp-image-2375\" srcset=\"https:\/\/cdsportadapte57.fr\/wp-content\/uploads\/2021\/04\/meeting-1019875_1920-1024x731.jpg 1024w, https:\/\/cdsportadapte57.fr\/wp-content\/uploads\/2021\/04\/meeting-1019875_1920-300x214.jpg 300w, https:\/\/cdsportadapte57.fr\/wp-content\/uploads\/2021\/04\/meeting-1019875_1920-768x548.jpg 768w, https:\/\/cdsportadapte57.fr\/wp-content\/uploads\/2021\/04\/meeting-1019875_1920-1536x1097.jpg 1536w, https:\/\/cdsportadapte57.fr\/wp-content\/uploads\/2021\/04\/meeting-1019875_1920.jpg 1920w\" sizes=\"auto, (max-width: 1024px) 100vw, 1024px\" \/><\/a><\/figure>\n\n\n\n<p class=\"wp-block-paragraph\">Samedi 13 Mars 2021 a eu lieu notre Assembl\u00e9e G\u00e9n\u00e9rale \u00e9lective en visio conf\u00e9rence en pr\u00e9sence des associations sportives affili\u00e9es au Sport Adapt\u00e9. Apr\u00e8s lecture et approbation des diff\u00e9rents rapports, il a \u00e9t\u00e9 proc\u00e9d\u00e9 \u00e0 l&rsquo;\u00e9lection du nouveau comit\u00e9 directeur compos\u00e9 d\u00e9sormais de 9 membres dont la nouvelle entrante Laurence Petroni<\/p>\n\n\n\n<p class=\"wp-block-paragraph\">\u00a0Le nouveau comit\u00e9 directeur\u00a0 compos\u00e9 de :\u00a0Sandrine BIASINI,  Renato CASTELLANI , \u00a0Christian GRELOT, Jean Marie MORAINVILLE,  Ludovic MORAINVILLE, Gilbert LECLERC,  Thierry PAGNON, Laurence PETRONI, Christophe PORTE, remercie l&rsquo;ensemble des clubs affili\u00e9s de leur confiance.<\/p>\n\n\n\n<p class=\"wp-block-paragraph\">Monsieur Morainville, candidat unique, est reconduit&nbsp; \u00e0 la pr\u00e9sidence du Comit\u00e9.<\/p>\n\n\n","protected":false},"excerpt":{"rendered":"<p>Samedi 13 Mars 2021 a eu lieu notre Assembl\u00e9e G\u00e9n\u00e9rale \u00e9lective en visio conf\u00e9rence en pr\u00e9sence des associations sportives affili\u00e9es au Sport Adapt\u00e9. Apr\u00e8s lecture et approbation des diff\u00e9rents rapports,&hellip; <\/p>\n","protected":false},"author":16,"featured_media":0,"comment_status":"open","ping_status":"open","sticky":false,"template":"","format":"standard","meta":{"_crdt_document":"","jetpack_post_was_ever_published":false,"_jetpack_newsletter_access":"","_jetpack_dont_email_post_to_subs":false,"_jetpack_newsletter_tier_id":0,"_jetpack_memberships_contains_paywalled_content":false,"_jetpack_memberships_contains_paid_content":false,"footnotes":"","jetpack_publicize_message":"","jetpack_publicize_feature_enabled":true,"jetpack_social_post_already_shared":true,"jetpack_social_options":{"image_generator_settings":{"template":"highway","default_image_id":0,"font":"","enabled":false},"version":2}},"categories":[9,1],"tags":[93,11],"class_list":["post-2373","post","type-post","status-publish","format-standard","hentry","category-le-comite-de-sport-adapte-57","category-non-classe","tag-assemblee-generale","tag-cdsa57"],"jetpack_publicize_connections":[],"jetpack_featured_media_url":"","jetpack_sharing_enabled":true,"jetpack_shortlink":"https:\/\/wp.me\/pasBZt-Ch","_links":{"self":[{"href":"https:\/\/cdsportadapte57.fr\/index.php?rest_route=\/wp\/v2\/posts\/2373","targetHints":{"allow":["GET"]}}],"collection":[{"href":"https:\/\/cdsportadapte57.fr\/index.php?rest_route=\/wp\/v2\/posts"}],"about":[{"href":"https:\/\/cdsportadapte57.fr\/index.php?rest_route=\/wp\/v2\/types\/post"}],"author":[{"embeddable":true,"href":"https:\/\/cdsportadapte57.fr\/index.php?rest_route=\/wp\/v2\/users\/16"}],"replies":[{"embeddable":true,"href":"https:\/\/cdsportadapte57.fr\/index.php?rest_route=%2Fwp%2Fv2%2Fcomments&post=2373"}],"version-history":[{"count":3,"href":"https:\/\/cdsportadapte57.fr\/index.php?rest_route=\/wp\/v2\/posts\/2373\/revisions"}],"predecessor-version":[{"id":2378,"href":"https:\/\/cdsportadapte57.fr\/index.php?rest_route=\/wp\/v2\/posts\/2373\/revisions\/2378"}],"wp:attachment":[{"href":"https:\/\/cdsportadapte57.fr\/index.php?rest_route=%2Fwp%2Fv2%2Fmedia&parent=2373"}],"wp:term":[{"taxonomy":"category","embeddable":true,"href":"https:\/\/cdsportadapte57.fr\/index.php?rest_route=%2Fwp%2Fv2%2Fcategories&post=2373"},{"taxonomy":"post_tag","embeddable":true,"href":"https:\/\/cdsportadapte57.fr\/index.php?rest_route=%2Fwp%2Fv2%2Ftags&post=2373"}],"curies":[{"name":"wp","href":"https:\/\/api.w.org\/{rel}","templated":true}]}}