{"id":2244,"date":"2021-03-23T19:09:05","date_gmt":"2021-03-23T18:09:05","guid":{"rendered":"http:\/\/cdsportadapte57.fr\/?p=2244"},"modified":"2021-03-23T19:16:59","modified_gmt":"2021-03-23T18:16:59","slug":"merci-davoir-participe-et-ose-la-difference-en-portant-des-chaussettes-depareillees","status":"publish","type":"post","link":"https:\/\/cdsportadapte57.fr\/?p=2244","title":{"rendered":"Merci d&rsquo;avoir os\u00e9 afficher votre diff\u00e9rence en portant des chaussettes d\u00e9pareill\u00e9es."},"content":{"rendered":"\n<p class=\"wp-block-paragraph\">Merci \u00e0 vous d&rsquo;avoir particip\u00e9 \u00e0 notre op\u00e9ration \u00ab\u00a0osez la diff\u00e9rence, portez des chaussettes d\u00e9pareill\u00e9es\u00a0\u00bb pour la Journ\u00e9e Mondiale de la Trisomie et de nous avoir envoy\u00e9 vos photos de pieds en chaussettes d\u00e9pareill\u00e9es.<\/p>\n\n\n\n<p class=\"wp-block-paragraph\">Que pouvons-nous remarquer sur notre mur de photos ? Que les photos sont toutes diff\u00e9rentes. Sur certaines d&rsquo;entre-elles, une seule personne, sur d&rsquo;autres, une famille, un groupe, . Certaines ont \u00e9t\u00e9 prises \u00e0 l&rsquo;ext\u00e9rieur, d&rsquo;autres \u00e0 l&rsquo;int\u00e9rieur. Des enfants ont particip\u00e9, des adultes, des chiens. Des sportifs confirm\u00e9s, des amateurs .. Certaines chaussettes sont de couleurs vives, d&rsquo;autres, plus discr\u00e8tes. Des petites chaussettes, des grandes chaussettes&#8230;<\/p>\n\n\n\n<p class=\"wp-block-paragraph\">Nous avons port\u00e9s tous des chaussettes d\u00e9pareill\u00e9es, et ces photos si diff\u00e9rentes sont bien la preuve qu<strong><em>&lsquo;\u00eatre diff\u00e9rent, c&rsquo;est normal<\/em><\/strong>, message port\u00e9 par l&rsquo;<a href=\"https:\/\/www.trisomie21.org\/\">Association Trisomie21.<\/a><\/p>\n\n\n\n<figure class=\"wp-block-image size-large\"><img loading=\"lazy\" decoding=\"async\" width=\"740\" height=\"1024\" src=\"http:\/\/cdsportadapte57.fr\/wp-content\/uploads\/2021\/03\/visu-chaussettes-A3-page-001-740x1024.jpg\" alt=\"\" class=\"wp-image-2176\" srcset=\"https:\/\/cdsportadapte57.fr\/wp-content\/uploads\/2021\/03\/visu-chaussettes-A3-page-001-740x1024.jpg 740w, https:\/\/cdsportadapte57.fr\/wp-content\/uploads\/2021\/03\/visu-chaussettes-A3-page-001-217x300.jpg 217w, https:\/\/cdsportadapte57.fr\/wp-content\/uploads\/2021\/03\/visu-chaussettes-A3-page-001-768x1063.jpg 768w, https:\/\/cdsportadapte57.fr\/wp-content\/uploads\/2021\/03\/visu-chaussettes-A3-page-001-1109x1536.jpg 1109w, https:\/\/cdsportadapte57.fr\/wp-content\/uploads\/2021\/03\/visu-chaussettes-A3-page-001-1479x2048.jpg 1479w, https:\/\/cdsportadapte57.fr\/wp-content\/uploads\/2021\/03\/visu-chaussettes-A3-page-001-1320x1827.jpg 1320w, https:\/\/cdsportadapte57.fr\/wp-content\/uploads\/2021\/03\/visu-chaussettes-A3-page-001-scaled.jpg 1849w\" sizes=\"auto, (max-width: 740px) 100vw, 740px\" \/><\/figure>\n\n\n\n<p class=\"wp-block-paragraph\">Merci au  <a href=\"https:\/\/www.facebook.com\/MoselleTT\"> Comit\u00e9 Moselle Tennis de Table,<\/a>  <a href=\"https:\/\/www.facebook.com\/liguesportadaptegrandest\/\">Ligue Sport Adapt\u00e9 Grand Est<\/a>,<a href=\"http:\/\/www.facebook.com\/lemarathondarthur\"> Le Marathon d&rsquo;Arthur<\/a>, les marcheuses du Paradis, <a href=\"https:\/\/trisomie21-moselle.fr\/\">Trisomie21 Moselle<\/a>, les membres du CDSA57, <a href=\"https:\/\/www.groupe-sos.org\/structure\/fas-le-rucher\/\">Fas le Rucher Groupe SOS,<\/a><a href=\"https:\/\/www.afaedam-ime-laroseraie.com\/\"> IME La Roseraie Afaedam<\/a>, , et toutes les familles, personnes, associations, clubs sportifs ayant particip\u00e9 \u00e0 cette op\u00e9ration en relayant, partageant, soutenant ce challenge.<\/p>\n\n\n\n<p class=\"wp-block-paragraph\">Pour finir sur un peu d&rsquo;humour, nous avons recherch\u00e9 sur Facebook  les 3 photos ayant le plus de vues. Bravo \u00e0 eux pour leur prouesse !<\/p>\n\n\n\n<p class=\"wp-block-paragraph\">En haut sur le podium, Irma 900 vues !<\/p>\n\n\n\n<p class=\"wp-block-paragraph\"><\/p>\n\n\n\n<figure class=\"wp-block-image size-large\"><img loading=\"lazy\" decoding=\"async\" width=\"682\" height=\"679\" src=\"http:\/\/cdsportadapte57.fr\/wp-content\/uploads\/2021\/03\/Capture-d\u2019\u00e9cran-153.png\" alt=\"\" class=\"wp-image-2341\" srcset=\"https:\/\/cdsportadapte57.fr\/wp-content\/uploads\/2021\/03\/Capture-d\u2019\u00e9cran-153.png 682w, https:\/\/cdsportadapte57.fr\/wp-content\/uploads\/2021\/03\/Capture-d\u2019\u00e9cran-153-300x300.png 300w, https:\/\/cdsportadapte57.fr\/wp-content\/uploads\/2021\/03\/Capture-d\u2019\u00e9cran-153-150x150.png 150w\" sizes=\"auto, (max-width: 682px) 100vw, 682px\" \/><\/figure>\n\n\n\n<p class=\"wp-block-paragraph\"> Sur la seconde marche, avec 557 vues, Didier <a href=\"https:\/\/www.facebook.com\/lemarathondarthur\">Le Marathon d&rsquo;Arthur<\/a> , association au profit de la lutte contre les  cancers de l&rsquo;enfant.<\/p>\n\n\n\n<figure class=\"wp-block-gallery columns-2 is-cropped wp-block-gallery-1 is-layout-flex wp-block-gallery-is-layout-flex\"><ul class=\"blocks-gallery-grid\"><li class=\"blocks-gallery-item\"><figure><img loading=\"lazy\" decoding=\"async\" width=\"1003\" height=\"1024\" src=\"http:\/\/cdsportadapte57.fr\/wp-content\/uploads\/2021\/03\/aRTHUR-1003x1024.jpg\" alt=\"\" data-id=\"2248\" data-link=\"http:\/\/cdsportadapte57.fr\/?attachment_id=2248\" class=\"wp-image-2248\" srcset=\"https:\/\/cdsportadapte57.fr\/wp-content\/uploads\/2021\/03\/aRTHUR-1003x1024.jpg 1003w, https:\/\/cdsportadapte57.fr\/wp-content\/uploads\/2021\/03\/aRTHUR-294x300.jpg 294w, https:\/\/cdsportadapte57.fr\/wp-content\/uploads\/2021\/03\/aRTHUR-768x784.jpg 768w, https:\/\/cdsportadapte57.fr\/wp-content\/uploads\/2021\/03\/aRTHUR-1504x1536.jpg 1504w, https:\/\/cdsportadapte57.fr\/wp-content\/uploads\/2021\/03\/aRTHUR-1320x1348.jpg 1320w, https:\/\/cdsportadapte57.fr\/wp-content\/uploads\/2021\/03\/aRTHUR.jpg 2005w\" sizes=\"auto, (max-width: 1003px) 100vw, 1003px\" \/><\/figure><\/li><li class=\"blocks-gallery-item\"><figure><img loading=\"lazy\" decoding=\"async\" width=\"592\" height=\"714\" src=\"http:\/\/cdsportadapte57.fr\/wp-content\/uploads\/2021\/03\/Capture-d\u2019\u00e9cran-156.png\" alt=\"\" data-id=\"2338\" data-full-url=\"http:\/\/cdsportadapte57.fr\/wp-content\/uploads\/2021\/03\/Capture-d\u2019\u00e9cran-156.png\" data-link=\"http:\/\/cdsportadapte57.fr\/?attachment_id=2338\" class=\"wp-image-2338\" srcset=\"https:\/\/cdsportadapte57.fr\/wp-content\/uploads\/2021\/03\/Capture-d\u2019\u00e9cran-156.png 592w, https:\/\/cdsportadapte57.fr\/wp-content\/uploads\/2021\/03\/Capture-d\u2019\u00e9cran-156-249x300.png 249w\" sizes=\"auto, (max-width: 592px) 100vw, 592px\" \/><\/figure><\/li><\/ul><figcaption class=\"blocks-gallery-caption\">Didier <a href=\"https:\/\/www.facebook.com\/lemarathondarthur\">Marathon d&rsquo;Arthur<\/a><br><\/figcaption><\/figure>\n\n\n\n<p class=\"has-text-align-center wp-block-paragraph\">Et sur la troisi\u00e8me marche, Maohy avec 434 vues !<\/p>\n\n\n\n<div class=\"wp-block-image\"><figure class=\"aligncenter size-large\"><img loading=\"lazy\" decoding=\"async\" width=\"350\" height=\"631\" src=\"http:\/\/cdsportadapte57.fr\/wp-content\/uploads\/2021\/03\/Capture-d\u2019\u00e9cran-157-1.png\" alt=\"\" class=\"wp-image-2340\" srcset=\"https:\/\/cdsportadapte57.fr\/wp-content\/uploads\/2021\/03\/Capture-d\u2019\u00e9cran-157-1.png 350w, https:\/\/cdsportadapte57.fr\/wp-content\/uploads\/2021\/03\/Capture-d\u2019\u00e9cran-157-1-166x300.png 166w\" sizes=\"auto, (max-width: 350px) 100vw, 350px\" \/><\/figure><\/div>\n\n\n","protected":false},"excerpt":{"rendered":"<p>Merci \u00e0 vous d&rsquo;avoir particip\u00e9 \u00e0 notre op\u00e9ration \u00ab\u00a0osez la diff\u00e9rence, portez des chaussettes d\u00e9pareill\u00e9es\u00a0\u00bb pour la Journ\u00e9e Mondiale de la Trisomie et de nous avoir envoy\u00e9 vos photos de&hellip; <\/p>\n","protected":false},"author":16,"featured_media":2341,"comment_status":"open","ping_status":"open","sticky":false,"template":"","format":"standard","meta":{"_crdt_document":"","jetpack_post_was_ever_published":false,"_jetpack_newsletter_access":"","_jetpack_dont_email_post_to_subs":false,"_jetpack_newsletter_tier_id":0,"_jetpack_memberships_contains_paywalled_content":false,"_jetpack_memberships_contains_paid_content":false,"footnotes":"","jetpack_publicize_message":"","jetpack_publicize_feature_enabled":true,"jetpack_social_post_already_shared":true,"jetpack_social_options":{"image_generator_settings":{"template":"highway","default_image_id":0,"font":"","enabled":false},"version":2}},"categories":[9,7,1],"tags":[],"class_list":["post-2244","post","type-post","status-publish","format-standard","has-post-thumbnail","hentry","category-le-comite-de-sport-adapte-57","category-les-infos-du-cdsa-de-moselle","category-non-classe"],"jetpack_publicize_connections":[],"jetpack_featured_media_url":"https:\/\/cdsportadapte57.fr\/wp-content\/uploads\/2021\/03\/Capture-d\u2019\u00e9cran-153.png","jetpack_sharing_enabled":true,"jetpack_shortlink":"https:\/\/wp.me\/pasBZt-Ac","_links":{"self":[{"href":"https:\/\/cdsportadapte57.fr\/index.php?rest_route=\/wp\/v2\/posts\/2244","targetHints":{"allow":["GET"]}}],"collection":[{"href":"https:\/\/cdsportadapte57.fr\/index.php?rest_route=\/wp\/v2\/posts"}],"about":[{"href":"https:\/\/cdsportadapte57.fr\/index.php?rest_route=\/wp\/v2\/types\/post"}],"author":[{"embeddable":true,"href":"https:\/\/cdsportadapte57.fr\/index.php?rest_route=\/wp\/v2\/users\/16"}],"replies":[{"embeddable":true,"href":"https:\/\/cdsportadapte57.fr\/index.php?rest_route=%2Fwp%2Fv2%2Fcomments&post=2244"}],"version-history":[{"count":14,"href":"https:\/\/cdsportadapte57.fr\/index.php?rest_route=\/wp\/v2\/posts\/2244\/revisions"}],"predecessor-version":[{"id":2345,"href":"https:\/\/cdsportadapte57.fr\/index.php?rest_route=\/wp\/v2\/posts\/2244\/revisions\/2345"}],"wp:featuredmedia":[{"embeddable":true,"href":"https:\/\/cdsportadapte57.fr\/index.php?rest_route=\/wp\/v2\/media\/2341"}],"wp:attachment":[{"href":"https:\/\/cdsportadapte57.fr\/index.php?rest_route=%2Fwp%2Fv2%2Fmedia&parent=2244"}],"wp:term":[{"taxonomy":"category","embeddable":true,"href":"https:\/\/cdsportadapte57.fr\/index.php?rest_route=%2Fwp%2Fv2%2Fcategories&post=2244"},{"taxonomy":"post_tag","embeddable":true,"href":"https:\/\/cdsportadapte57.fr\/index.php?rest_route=%2Fwp%2Fv2%2Ftags&post=2244"}],"curies":[{"name":"wp","href":"https:\/\/api.w.org\/{rel}","templated":true}]}}