{"id":2195,"date":"2021-03-15T14:25:47","date_gmt":"2021-03-15T13:25:47","guid":{"rendered":"http:\/\/cdsportadapte57.fr\/?p=2195"},"modified":"2021-03-15T14:25:53","modified_gmt":"2021-03-15T13:25:53","slug":"cest-parti-pour-le-defi-osez-la-difference-portez-des-chaussettes-depareillees-en-soutien-aux-personnes-atteintes-du-syndrome-de-down-trisomie-21","status":"publish","type":"post","link":"https:\/\/cdsportadapte57.fr\/?p=2195","title":{"rendered":"C&rsquo;est parti pour le d\u00e9fi: osez la diff\u00e9rence, portez des chaussettes d\u00e9pareill\u00e9es en soutien aux personnes atteintes du syndrome de Down (trisomie 21)"},"content":{"rendered":"\n<p class=\"wp-block-paragraph\">Nous ne pouvions trouver meilleure \u00e9g\u00e9rie que Ludovic Morainville pour le lancement de notre op\u00e9ration :<strong> <a href=\"http:\/\/cdsportadapte57.fr\/?p=2175\">Osez la diff\u00e9rence, portez des chaussettes d\u00e9pareill\u00e9es en soutien aux personnes atteintes du syndrome de Down (Trisomie 21) <\/a><\/strong><\/p>\n\n\n\n<p class=\"wp-block-paragraph\">En effet, <a href=\"http:\/\/ludomorainville.canalblog.com\/archives\/2021\/02\/10\/38807260.html\">Ludovic <\/a>est un Athl\u00e8te Mosellan de Sport Adapt\u00e9 avec un palmar\u00e8s sportif des plus impressionnant :<\/p>\n\n\n\n<figure class=\"wp-block-image size-large\"><img loading=\"lazy\" decoding=\"async\" width=\"1024\" height=\"589\" src=\"http:\/\/cdsportadapte57.fr\/wp-content\/uploads\/2021\/03\/LUDO.jpg\" alt=\"\" class=\"wp-image-2197\" srcset=\"https:\/\/cdsportadapte57.fr\/wp-content\/uploads\/2021\/03\/LUDO.jpg 1024w, https:\/\/cdsportadapte57.fr\/wp-content\/uploads\/2021\/03\/LUDO-300x173.jpg 300w, https:\/\/cdsportadapte57.fr\/wp-content\/uploads\/2021\/03\/LUDO-768x442.jpg 768w\" sizes=\"auto, (max-width: 1024px) 100vw, 1024px\" \/><\/figure>\n\n\n\n<figure class=\"wp-block-image size-large\"><img loading=\"lazy\" decoding=\"async\" width=\"768\" height=\"1024\" src=\"http:\/\/cdsportadapte57.fr\/wp-content\/uploads\/2021\/03\/IMG-20210313-153752-768x1024.jpg\" alt=\"\" class=\"wp-image-2196\" srcset=\"https:\/\/cdsportadapte57.fr\/wp-content\/uploads\/2021\/03\/IMG-20210313-153752-768x1024.jpg 768w, https:\/\/cdsportadapte57.fr\/wp-content\/uploads\/2021\/03\/IMG-20210313-153752-225x300.jpg 225w, https:\/\/cdsportadapte57.fr\/wp-content\/uploads\/2021\/03\/IMG-20210313-153752-1152x1536.jpg 1152w, https:\/\/cdsportadapte57.fr\/wp-content\/uploads\/2021\/03\/IMG-20210313-153752-1536x2048.jpg 1536w, https:\/\/cdsportadapte57.fr\/wp-content\/uploads\/2021\/03\/IMG-20210313-153752-1320x1760.jpg 1320w, https:\/\/cdsportadapte57.fr\/wp-content\/uploads\/2021\/03\/IMG-20210313-153752-scaled.jpg 1920w\" sizes=\"auto, (max-width: 768px) 100vw, 768px\" \/><\/figure>\n\n\n\n<p class=\"wp-block-paragraph\">Lors de son entrainement samedi, il n&rsquo;a pas h\u00e9sit\u00e9 \u00e0 porter des chaussettes d\u00e9pareill\u00e9es afin de montrer \u00e0 tous que sa diff\u00e9rence est une force.<\/p>\n\n\n\n<p class=\"wp-block-paragraph\">Nous avons d\u00e9j\u00e0 re\u00e7u quelques participations, nous les publierons au fur et \u00e0 mesure cette semaine. <a href=\"https:\/\/www.trisomie21.org\/\">France Trisomie 21<\/a> pourra ainsi relayer les photos   le 21 mars . Merci \u00e0 tous.<\/p>\n\n\n\n<figure class=\"wp-block-gallery columns-0 is-cropped wp-block-gallery-1 is-layout-flex wp-block-gallery-is-layout-flex\"><ul class=\"blocks-gallery-grid\"><\/ul><\/figure>\n","protected":false},"excerpt":{"rendered":"<p>Nous ne pouvions trouver meilleure \u00e9g\u00e9rie que Ludovic Morainville pour le lancement de notre op\u00e9ration : Osez la diff\u00e9rence, portez des chaussettes d\u00e9pareill\u00e9es en soutien aux personnes atteintes du syndrome&hellip; <\/p>\n","protected":false},"author":16,"featured_media":2196,"comment_status":"open","ping_status":"open","sticky":false,"template":"","format":"standard","meta":{"_crdt_document":"","jetpack_post_was_ever_published":false,"_jetpack_newsletter_access":"","_jetpack_dont_email_post_to_subs":false,"_jetpack_newsletter_tier_id":0,"_jetpack_memberships_contains_paywalled_content":false,"_jetpack_memberships_contains_paid_content":false,"footnotes":"","jetpack_publicize_message":"","jetpack_publicize_feature_enabled":true,"jetpack_social_post_already_shared":true,"jetpack_social_options":{"image_generator_settings":{"template":"highway","default_image_id":0,"font":"","enabled":false},"version":2}},"categories":[9,7,1],"tags":[86,83,84,85,82],"class_list":["post-2195","post","type-post","status-publish","format-standard","has-post-thumbnail","hentry","category-le-comite-de-sport-adapte-57","category-les-infos-du-cdsa-de-moselle","category-non-classe","tag-21daychallenge","tag-journeemondiale","tag-lotsofsocks","tag-trisomie21","tag-worlddownsyndromeday"],"jetpack_publicize_connections":[],"jetpack_featured_media_url":"https:\/\/cdsportadapte57.fr\/wp-content\/uploads\/2021\/03\/IMG-20210313-153752-scaled.jpg","jetpack_sharing_enabled":true,"jetpack_shortlink":"https:\/\/wp.me\/pasBZt-zp","_links":{"self":[{"href":"https:\/\/cdsportadapte57.fr\/index.php?rest_route=\/wp\/v2\/posts\/2195","targetHints":{"allow":["GET"]}}],"collection":[{"href":"https:\/\/cdsportadapte57.fr\/index.php?rest_route=\/wp\/v2\/posts"}],"about":[{"href":"https:\/\/cdsportadapte57.fr\/index.php?rest_route=\/wp\/v2\/types\/post"}],"author":[{"embeddable":true,"href":"https:\/\/cdsportadapte57.fr\/index.php?rest_route=\/wp\/v2\/users\/16"}],"replies":[{"embeddable":true,"href":"https:\/\/cdsportadapte57.fr\/index.php?rest_route=%2Fwp%2Fv2%2Fcomments&post=2195"}],"version-history":[{"count":3,"href":"https:\/\/cdsportadapte57.fr\/index.php?rest_route=\/wp\/v2\/posts\/2195\/revisions"}],"predecessor-version":[{"id":2200,"href":"https:\/\/cdsportadapte57.fr\/index.php?rest_route=\/wp\/v2\/posts\/2195\/revisions\/2200"}],"wp:featuredmedia":[{"embeddable":true,"href":"https:\/\/cdsportadapte57.fr\/index.php?rest_route=\/wp\/v2\/media\/2196"}],"wp:attachment":[{"href":"https:\/\/cdsportadapte57.fr\/index.php?rest_route=%2Fwp%2Fv2%2Fmedia&parent=2195"}],"wp:term":[{"taxonomy":"category","embeddable":true,"href":"https:\/\/cdsportadapte57.fr\/index.php?rest_route=%2Fwp%2Fv2%2Fcategories&post=2195"},{"taxonomy":"post_tag","embeddable":true,"href":"https:\/\/cdsportadapte57.fr\/index.php?rest_route=%2Fwp%2Fv2%2Ftags&post=2195"}],"curies":[{"name":"wp","href":"https:\/\/api.w.org\/{rel}","templated":true}]}}