{"id":2175,"date":"2021-03-12T17:15:42","date_gmt":"2021-03-12T16:15:42","guid":{"rendered":"http:\/\/cdsportadapte57.fr\/?p=2175"},"modified":"2021-03-15T14:26:43","modified_gmt":"2021-03-15T13:26:43","slug":"osez-la-difference-portez-des-chaussettes-depareillees-en-soutien-aux-personnes-atteintes-du-syndrome-de-drown","status":"publish","type":"post","link":"https:\/\/cdsportadapte57.fr\/?p=2175","title":{"rendered":"Osez la diff\u00e9rence, portez des chaussettes d\u00e9pareill\u00e9es en soutien aux personnes atteintes du syndrome de Down (trisomie 21)"},"content":{"rendered":"\n<p class=\"wp-block-paragraph\"> Le&nbsp;<strong>21&nbsp;mars<\/strong>&nbsp;de chaque ann\u00e9e  est associ\u00e9 \u00e0&nbsp;<strong>la Journ\u00e9e mondiale du syndrome de Down<\/strong> par l&rsquo; association<a href=\"https:\/\/www.worlddownsyndromeday.org\/\"> Down Syndrome International.<\/a> Ce jour-l\u00e0, l&rsquo;association vous propose de porter deux chaussettes diff\u00e9rentes afin de montrer que chaque individu est diff\u00e9rent et que nous acceptons que chacun d&rsquo;entre nous  soit unique.<\/p>\n\n\n\n<p class=\"wp-block-paragraph\"> Cette ann\u00e9e, le th\u00e8me est le sport.<\/p>\n\n\n\n<p class=\"wp-block-paragraph\">A l&rsquo;occasion de cette journ\u00e9e du 21 mars, le Comit\u00e9 de Sport Adapt\u00e9 de Moselle vous propose de participer \u00e0 cette journ\u00e9e en faisant un article avec toutes les photos des participants.<\/p>\n\n\n\n<p class=\"wp-block-paragraph\">Que vous soyez en famille, en club sportif, en ESMS, seul ou en groupe, en ext\u00e9rieur ou en int\u00e9rieur,  adultes, enfants, envoyez-nous une photo de vos pieds en chaussettes d\u00e9pareill\u00e9es en pratiquant une activit\u00e9 sportive  avant le 20 mars. Soit en message priv\u00e9 sur notre page facebook ou sur cette adresse mail: Defichaussettescdsa57@mailo.com .<\/p>\n\n\n\n<p class=\"wp-block-paragraph\">Nous les publierons sur<a href=\"http:\/\/cdsportadapte57.fr\/\"> ce site <\/a>le 21 mars pour cette Journ\u00e9e mondiale du syndrome de Down.  <\/p>\n\n\n\n<p class=\"wp-block-paragraph\">Nous vous invitons donc tous \u00e0 participer \u00e0 ce d\u00e9fi solidaire, un acte symbolique qui montre que la diff\u00e9rence de chacun donne toute sa  richesse \u00e0 l&rsquo;Humanit\u00e9.<\/p>\n\n\n\n<p class=\"wp-block-paragraph\">Cette journ\u00e9e permet aussi d&rsquo;entamer le dialogue avec les enfants sur les diff\u00e9rences, les chaussettes sont d\u00e9pareill\u00e9es mais elles tiennent les pieds au chaud qu&rsquo;elles soient pareilles ou non!<\/p>\n\n\n\n<figure class=\"wp-block-image size-large\"><img loading=\"lazy\" decoding=\"async\" width=\"1024\" height=\"966\" src=\"http:\/\/cdsportadapte57.fr\/wp-content\/uploads\/2021\/03\/chaussettes-page-001-1024x966.jpg\" alt=\"\" class=\"wp-image-2186\" srcset=\"https:\/\/cdsportadapte57.fr\/wp-content\/uploads\/2021\/03\/chaussettes-page-001-1024x966.jpg 1024w, https:\/\/cdsportadapte57.fr\/wp-content\/uploads\/2021\/03\/chaussettes-page-001-300x283.jpg 300w, https:\/\/cdsportadapte57.fr\/wp-content\/uploads\/2021\/03\/chaussettes-page-001-768x725.jpg 768w, https:\/\/cdsportadapte57.fr\/wp-content\/uploads\/2021\/03\/chaussettes-page-001.jpg 1204w\" sizes=\"auto, (max-width: 1024px) 100vw, 1024px\" \/><figcaption> Ensemble, pour la&nbsp;<strong>journ\u00e9e mondiale<\/strong>&nbsp;de la trisomie 21 ! <\/figcaption><\/figure>\n\n\n\n<p class=\"wp-block-paragraph\">Tous diff\u00e9rents mais tous sportifs, c\u2019est normal non ?A l\u2019occasion de la journ\u00e9e mondiale de la trisomie 21 du 21 mars 2021, <a href=\"https:\/\/www.trisomie21.org\/\">Trisomie 21 France <\/a>lance un appel \u00e0 la mobilisation citoyenne pour d\u00e9fendre l\u2019acc\u00e8s au sport pour tous, avec ou sans d\u00e9ficience intellectuelle ou trisomie 21.Le bienfait du sport que ce soit en termes de sant\u00e9 physique ou mentale fait consensus aupr\u00e8s des fran\u00e7ais. Dans le contexte actuel de pand\u00e9mie, il est m\u00eame devenu pour beaucoup un refuge pour tenir le coup\u2026 Pour Trisomie 21 France, il est ainsi d\u2019autant plus important de rappeler les enjeux du sport pour tous et le chemin qu\u2019il reste \u00e0 parcourir pour que chaque citoyen puisse acc\u00e9der \u00e0 la pratique d\u2019une activit\u00e9 sportive en milieu ordinaire. <\/p>\n\n\n\n<p class=\"wp-block-paragraph\"><\/p>\n\n\n\n<p class=\"wp-block-paragraph\">Ensemble, pour la&nbsp;<strong>journ\u00e9e mondiale<\/strong>&nbsp;de la trisomie 21 !<\/p>\n\n\n\n<figure class=\"wp-block-image size-large\"><img loading=\"lazy\" decoding=\"async\" width=\"740\" height=\"1024\" src=\"http:\/\/cdsportadapte57.fr\/wp-content\/uploads\/2021\/03\/visu-chaussettes-A3-page-001-740x1024.jpg\" alt=\"\" class=\"wp-image-2176\" srcset=\"https:\/\/cdsportadapte57.fr\/wp-content\/uploads\/2021\/03\/visu-chaussettes-A3-page-001-740x1024.jpg 740w, https:\/\/cdsportadapte57.fr\/wp-content\/uploads\/2021\/03\/visu-chaussettes-A3-page-001-217x300.jpg 217w, https:\/\/cdsportadapte57.fr\/wp-content\/uploads\/2021\/03\/visu-chaussettes-A3-page-001-768x1063.jpg 768w, https:\/\/cdsportadapte57.fr\/wp-content\/uploads\/2021\/03\/visu-chaussettes-A3-page-001-1109x1536.jpg 1109w, https:\/\/cdsportadapte57.fr\/wp-content\/uploads\/2021\/03\/visu-chaussettes-A3-page-001-1479x2048.jpg 1479w, https:\/\/cdsportadapte57.fr\/wp-content\/uploads\/2021\/03\/visu-chaussettes-A3-page-001-1320x1827.jpg 1320w, https:\/\/cdsportadapte57.fr\/wp-content\/uploads\/2021\/03\/visu-chaussettes-A3-page-001-scaled.jpg 1849w\" sizes=\"auto, (max-width: 740px) 100vw, 740px\" \/><\/figure>\n\n\n\n<figure class=\"wp-block-image size-large\"><img loading=\"lazy\" decoding=\"async\" width=\"576\" height=\"1024\" src=\"http:\/\/cdsportadapte57.fr\/wp-content\/uploads\/2021\/03\/COM_SPORT_FALC.02-page-001-576x1024.jpg\" alt=\"\" class=\"wp-image-2178\" srcset=\"https:\/\/cdsportadapte57.fr\/wp-content\/uploads\/2021\/03\/COM_SPORT_FALC.02-page-001-576x1024.jpg 576w, https:\/\/cdsportadapte57.fr\/wp-content\/uploads\/2021\/03\/COM_SPORT_FALC.02-page-001-169x300.jpg 169w, https:\/\/cdsportadapte57.fr\/wp-content\/uploads\/2021\/03\/COM_SPORT_FALC.02-page-001-768x1365.jpg 768w, https:\/\/cdsportadapte57.fr\/wp-content\/uploads\/2021\/03\/COM_SPORT_FALC.02-page-001-864x1536.jpg 864w, https:\/\/cdsportadapte57.fr\/wp-content\/uploads\/2021\/03\/COM_SPORT_FALC.02-page-001.jpg 1125w\" sizes=\"auto, (max-width: 576px) 100vw, 576px\" \/><\/figure>\n","protected":false},"excerpt":{"rendered":"<p>Le&nbsp;21&nbsp;mars&nbsp;de chaque ann\u00e9e est associ\u00e9 \u00e0&nbsp;la Journ\u00e9e mondiale du syndrome de Down par l&rsquo; association Down Syndrome International. Ce jour-l\u00e0, l&rsquo;association vous propose de porter deux chaussettes diff\u00e9rentes afin de&hellip; <\/p>\n","protected":false},"author":16,"featured_media":2176,"comment_status":"open","ping_status":"open","sticky":false,"template":"","format":"standard","meta":{"_crdt_document":"","jetpack_post_was_ever_published":false,"_jetpack_newsletter_access":"","_jetpack_dont_email_post_to_subs":false,"_jetpack_newsletter_tier_id":0,"_jetpack_memberships_contains_paywalled_content":false,"_jetpack_memberships_contains_paid_content":false,"footnotes":"","jetpack_publicize_message":"","jetpack_publicize_feature_enabled":true,"jetpack_social_post_already_shared":true,"jetpack_social_options":{"image_generator_settings":{"template":"highway","default_image_id":0,"font":"","enabled":false},"version":2}},"categories":[9,7,1],"tags":[86,83,84,85,82],"class_list":["post-2175","post","type-post","status-publish","format-standard","has-post-thumbnail","hentry","category-le-comite-de-sport-adapte-57","category-les-infos-du-cdsa-de-moselle","category-non-classe","tag-21daychallenge","tag-journeemondiale","tag-lotsofsocks","tag-trisomie21","tag-worlddownsyndromeday"],"jetpack_publicize_connections":[],"jetpack_featured_media_url":"https:\/\/cdsportadapte57.fr\/wp-content\/uploads\/2021\/03\/visu-chaussettes-A3-page-001-scaled.jpg","jetpack_sharing_enabled":true,"jetpack_shortlink":"https:\/\/wp.me\/pasBZt-z5","_links":{"self":[{"href":"https:\/\/cdsportadapte57.fr\/index.php?rest_route=\/wp\/v2\/posts\/2175","targetHints":{"allow":["GET"]}}],"collection":[{"href":"https:\/\/cdsportadapte57.fr\/index.php?rest_route=\/wp\/v2\/posts"}],"about":[{"href":"https:\/\/cdsportadapte57.fr\/index.php?rest_route=\/wp\/v2\/types\/post"}],"author":[{"embeddable":true,"href":"https:\/\/cdsportadapte57.fr\/index.php?rest_route=\/wp\/v2\/users\/16"}],"replies":[{"embeddable":true,"href":"https:\/\/cdsportadapte57.fr\/index.php?rest_route=%2Fwp%2Fv2%2Fcomments&post=2175"}],"version-history":[{"count":17,"href":"https:\/\/cdsportadapte57.fr\/index.php?rest_route=\/wp\/v2\/posts\/2175\/revisions"}],"predecessor-version":[{"id":2201,"href":"https:\/\/cdsportadapte57.fr\/index.php?rest_route=\/wp\/v2\/posts\/2175\/revisions\/2201"}],"wp:featuredmedia":[{"embeddable":true,"href":"https:\/\/cdsportadapte57.fr\/index.php?rest_route=\/wp\/v2\/media\/2176"}],"wp:attachment":[{"href":"https:\/\/cdsportadapte57.fr\/index.php?rest_route=%2Fwp%2Fv2%2Fmedia&parent=2175"}],"wp:term":[{"taxonomy":"category","embeddable":true,"href":"https:\/\/cdsportadapte57.fr\/index.php?rest_route=%2Fwp%2Fv2%2Fcategories&post=2175"},{"taxonomy":"post_tag","embeddable":true,"href":"https:\/\/cdsportadapte57.fr\/index.php?rest_route=%2Fwp%2Fv2%2Ftags&post=2175"}],"curies":[{"name":"wp","href":"https:\/\/api.w.org\/{rel}","templated":true}]}}