{"id":2077,"date":"2021-01-17T18:13:18","date_gmt":"2021-01-17T17:13:18","guid":{"rendered":"http:\/\/cdsportadapte57.fr\/?p=2077"},"modified":"2021-01-17T18:13:19","modified_gmt":"2021-01-17T17:13:19","slug":"signature-dune-convention-esms-x-clubs","status":"publish","type":"post","link":"https:\/\/cdsportadapte57.fr\/?p=2077","title":{"rendered":"Signature d&rsquo;une convention ESMS X CLUBS"},"content":{"rendered":"\n<p class=\"wp-block-paragraph\">Nous avons le plaisir de vous annoncer la signature d&rsquo;une convention \u00ab\u00a0ESMS X CLUBS\u00a0\u00bb entre le<a href=\"https:\/\/france-paralympique.fr\/\" target=\"_blank\" rel=\"noreferrer noopener\">&nbsp;Comit\u00e9 Paralympique Sportif et Francais<\/a>&nbsp;(CPSF), l&rsquo;<a href=\"https:\/\/enfance.fvdp.org\/ime-le-rosaire-57\/\" target=\"_blank\" rel=\"noreferrer noopener\">IME \u00ab\u00a0le Rosaire de Rettel<\/a>\u00ab\u00a0, l&rsquo;Association Sport Avenir Lorraine de Thionville et le Comit\u00e9 D\u00e9partemental de Sport Adapt\u00e9 de Moselle.<\/p>\n\n\n\n<p class=\"wp-block-paragraph\">Le Comit\u00e9 Paralympique et Sportif Fran\u00e7ais initie en 2020 une op\u00e9ration intitul\u00e9e \u201cESMS x CLUBS\u201c.<br>L\u2019objet de cette action est simple : mettre en lien des clubs sportifs et des \u00e9tablissements m\u00e9dico-sociaux afin d\u2019impulser des actions de d\u00e9couverte des pratiques parasportives et d\u2019accompagner leur p\u00e9rennisation.<\/p>\n\n\n\n<figure class=\"wp-block-image size-large\"><img loading=\"lazy\" decoding=\"async\" width=\"724\" height=\"1024\" src=\"http:\/\/cdsportadapte57.fr\/wp-content\/uploads\/2020\/12\/esmsxclubs_presentation_page_1-724x1024.jpg\" alt=\"\" class=\"wp-image-2078\" srcset=\"https:\/\/cdsportadapte57.fr\/wp-content\/uploads\/2020\/12\/esmsxclubs_presentation_page_1-724x1024.jpg 724w, https:\/\/cdsportadapte57.fr\/wp-content\/uploads\/2020\/12\/esmsxclubs_presentation_page_1-212x300.jpg 212w, https:\/\/cdsportadapte57.fr\/wp-content\/uploads\/2020\/12\/esmsxclubs_presentation_page_1-768x1086.jpg 768w, https:\/\/cdsportadapte57.fr\/wp-content\/uploads\/2020\/12\/esmsxclubs_presentation_page_1-1086x1536.jpg 1086w, https:\/\/cdsportadapte57.fr\/wp-content\/uploads\/2020\/12\/esmsxclubs_presentation_page_1-1448x2048.jpg 1448w, https:\/\/cdsportadapte57.fr\/wp-content\/uploads\/2020\/12\/esmsxclubs_presentation_page_1-1320x1867.jpg 1320w, https:\/\/cdsportadapte57.fr\/wp-content\/uploads\/2020\/12\/esmsxclubs_presentation_page_1.jpg 1654w\" sizes=\"auto, (max-width: 724px) 100vw, 724px\" \/><\/figure>\n\n\n\n<h2 class=\"wp-block-heading\">Allons plus loin, partageons le sport ensemble !<\/h2>\n\n\n\n<p class=\"wp-block-paragraph\">Vous pouvez trouver toutes les modalit\u00e9s de participation sur le site&nbsp;<a href=\"https:\/\/france-paralympique.fr\/actualite\/loperation-esms-x-clubs\/\" target=\"_blank\" rel=\"noreferrer noopener\">ici<\/a><\/p>\n\n\n\n<p class=\"wp-block-paragraph\">24 enfants et ados de l&rsquo;IME \u00ab\u00a0Le Rosaire\u00a0\u00bb r\u00e9partis en deux groupes pourront ainsi \u00eatre initier au Judo par Messieurs Schneider David (BEESAPT) et Derkaoui Boubaker (BPJEPS\/CQPALS) sur 8 s\u00e9ances.<\/p>\n\n\n\n<p class=\"wp-block-paragraph\">L&rsquo;objectif de cette convention et de l\u2019Association Sport Avenir Lorraine&nbsp;est non seulement de promouvoir le judo aupr\u00e8s d&rsquo;un public en situation de handicap mental et\/ou psychique mais aussi d\u2019amener ces sportifs vers des manifestations loisirs ou comp\u00e9titives d\u00e9partementales, r\u00e9gionales, voir nationales et ainsi de p\u00e9renniser une activit\u00e9 physique.<\/p>\n\n\n\n<p class=\"wp-block-paragraph\"><\/p>\n\n\n\n<p class=\"wp-block-paragraph\"> Nous nous r\u00e9jouissons de la signature de cette convention qui entre parfaitement dans le cadre des objectifs du CDSA57 : Permettre l\u2019acc\u00e8s \u00e0 la pratique sportive des personnes en situation de handicap mental et\/ou psychique, \u00eatre une passerelle entre les clubs sportifs et les ESMS, d\u00e9velopper et structurer les offres de pratique sportives. <\/p>\n","protected":false},"excerpt":{"rendered":"<p>Nous avons le plaisir de vous annoncer la signature d&rsquo;une convention \u00ab\u00a0ESMS X CLUBS\u00a0\u00bb entre le&nbsp;Comit\u00e9 Paralympique Sportif et Francais&nbsp;(CPSF), l&rsquo;IME \u00ab\u00a0le Rosaire de Rettel\u00ab\u00a0, l&rsquo;Association Sport Avenir Lorraine de&hellip; <\/p>\n","protected":false},"author":16,"featured_media":2078,"comment_status":"open","ping_status":"open","sticky":false,"template":"","format":"standard","meta":{"_crdt_document":"","jetpack_post_was_ever_published":false,"_jetpack_newsletter_access":"","_jetpack_dont_email_post_to_subs":false,"_jetpack_newsletter_tier_id":0,"_jetpack_memberships_contains_paywalled_content":false,"_jetpack_memberships_contains_paid_content":false,"footnotes":"","jetpack_publicize_message":"","jetpack_publicize_feature_enabled":true,"jetpack_social_post_already_shared":true,"jetpack_social_options":{"image_generator_settings":{"template":"highway","default_image_id":0,"font":"","enabled":false},"version":2}},"categories":[9,7,1],"tags":[67,11,68],"class_list":["post-2077","post","type-post","status-publish","format-standard","has-post-thumbnail","hentry","category-le-comite-de-sport-adapte-57","category-les-infos-du-cdsa-de-moselle","category-non-classe","tag-cpsf","tag-cdsa57","tag-esmsxclubs"],"jetpack_publicize_connections":[],"jetpack_featured_media_url":"https:\/\/cdsportadapte57.fr\/wp-content\/uploads\/2020\/12\/esmsxclubs_presentation_page_1.jpg","jetpack_sharing_enabled":true,"jetpack_shortlink":"https:\/\/wp.me\/pasBZt-xv","_links":{"self":[{"href":"https:\/\/cdsportadapte57.fr\/index.php?rest_route=\/wp\/v2\/posts\/2077","targetHints":{"allow":["GET"]}}],"collection":[{"href":"https:\/\/cdsportadapte57.fr\/index.php?rest_route=\/wp\/v2\/posts"}],"about":[{"href":"https:\/\/cdsportadapte57.fr\/index.php?rest_route=\/wp\/v2\/types\/post"}],"author":[{"embeddable":true,"href":"https:\/\/cdsportadapte57.fr\/index.php?rest_route=\/wp\/v2\/users\/16"}],"replies":[{"embeddable":true,"href":"https:\/\/cdsportadapte57.fr\/index.php?rest_route=%2Fwp%2Fv2%2Fcomments&post=2077"}],"version-history":[{"count":19,"href":"https:\/\/cdsportadapte57.fr\/index.php?rest_route=\/wp\/v2\/posts\/2077\/revisions"}],"predecessor-version":[{"id":2126,"href":"https:\/\/cdsportadapte57.fr\/index.php?rest_route=\/wp\/v2\/posts\/2077\/revisions\/2126"}],"wp:featuredmedia":[{"embeddable":true,"href":"https:\/\/cdsportadapte57.fr\/index.php?rest_route=\/wp\/v2\/media\/2078"}],"wp:attachment":[{"href":"https:\/\/cdsportadapte57.fr\/index.php?rest_route=%2Fwp%2Fv2%2Fmedia&parent=2077"}],"wp:term":[{"taxonomy":"category","embeddable":true,"href":"https:\/\/cdsportadapte57.fr\/index.php?rest_route=%2Fwp%2Fv2%2Fcategories&post=2077"},{"taxonomy":"post_tag","embeddable":true,"href":"https:\/\/cdsportadapte57.fr\/index.php?rest_route=%2Fwp%2Fv2%2Ftags&post=2077"}],"curies":[{"name":"wp","href":"https:\/\/api.w.org\/{rel}","templated":true}]}}