{"id":2039,"date":"2020-12-15T16:03:04","date_gmt":"2020-12-15T15:03:04","guid":{"rendered":"http:\/\/cdsportadapte57.fr\/?p=2039"},"modified":"2020-12-15T16:03:06","modified_gmt":"2020-12-15T15:03:06","slug":"prets-feu-faites-du-sport-adapte-dans-les-etablissements-de-lafaedam-et-de-lapei-de-moselle","status":"publish","type":"post","link":"https:\/\/cdsportadapte57.fr\/?p=2039","title":{"rendered":"Pr\u00eats, Feu, Faites du Sport Adapt\u00e9 dans les \u00e9tablissements de l\u2019Afaedam et de l\u2019Apei de Moselle !"},"content":{"rendered":"\n<figure class=\"wp-block-image size-large\"><img loading=\"lazy\" decoding=\"async\" width=\"1024\" height=\"753\" src=\"http:\/\/cdsportadapte57.fr\/wp-content\/uploads\/2020\/12\/photoeffets.com_-9-1024x753.jpg\" alt=\"\" class=\"wp-image-2040\" srcset=\"https:\/\/cdsportadapte57.fr\/wp-content\/uploads\/2020\/12\/photoeffets.com_-9-1024x753.jpg 1024w, https:\/\/cdsportadapte57.fr\/wp-content\/uploads\/2020\/12\/photoeffets.com_-9-300x221.jpg 300w, https:\/\/cdsportadapte57.fr\/wp-content\/uploads\/2020\/12\/photoeffets.com_-9-768x565.jpg 768w, https:\/\/cdsportadapte57.fr\/wp-content\/uploads\/2020\/12\/photoeffets.com_-9.jpg 1186w\" sizes=\"auto, (max-width: 1024px) 100vw, 1024px\" \/><\/figure>\n\n\n\n<p class=\"wp-block-paragraph\">Il y a de bonnes nouvelles qui m\u00e9ritent d\u2019\u00eatre partag\u00e9es! <\/p>\n\n\n\n<p class=\"wp-block-paragraph\">L\u2019Afaedam et l\u2019APei de Moselle ont sign\u00e9 une convention de partenariat avec le CDSA57, permettant ainsi de d\u00e9velopper le Sport Adapt\u00e9 dans leurs \u00e9tablissements.<\/p>\n\n\n\n<p class=\"wp-block-paragraph\">Dans ce cadre, Sarah Helck, nouvelle salari\u00e9e dipl\u00f4m\u00e9e en activit\u00e9s physiques adapt\u00e9es, propose des s\u00e9ances r\u00e9guli\u00e8res aux usagers (r\u00e9sidents, travailleurs, etc) depuis d\u00e9but octobre dans les \u00e9tablissements de l\u2019Afaedam, et commencera en janvier 2021 dans ceux de l\u2019APEI de Moselle.<\/p>\n\n\n\n<p class=\"wp-block-paragraph\">Cette pratique sportive r\u00e9currente leur permet de d\u00e9velopper leurs capacit\u00e9s personnelles, physiques et motrices, et ainsi de favoriser leur maintien en bonne sant\u00e9 dans un environnement s\u00e9curis\u00e9 et ludique. Lors de ses interventions, Sarah \u00e9value les capacit\u00e9s globales (\u00e9quilibre, motricit\u00e9, concentration\u2026), les besoins et la motivation  pour proposer \u00e0 chacun des activit\u00e9s appropri\u00e9es. Le cas \u00e9ch\u00e9ant, elle apportera une orientation et une aide \u00e0 ceux qui d\u00e9sirent int\u00e9grer un club de Sport Adapt\u00e9. Elle assurera le renforcement et la consolidation des liens avec le mouvement sportif afin de densifier l&rsquo;offre sur le d\u00e9partement.<\/p>\n\n\n\n<p class=\"wp-block-paragraph\">D\u2019autre part, des manifestations sportives regroupant les familles se d\u00e9rouleront p\u00e9riodiquement.<\/p>\n\n\n\n<p class=\"wp-block-paragraph\">En compl\u00e9ment des activit\u00e9s au sein des \u00e9tablissements,  ces journ\u00e9es doivent permettre de leur apporter de multiples b\u00e9n\u00e9fices tant sur le plan physique que cognitif et social. Elles seront une fa\u00e7on diff\u00e9rente de travailler la motricit\u00e9, d\u2019apprendre \u00e0 canaliser la concentration, les \u00e9motions et de cr\u00e9er de nouveaux liens sociaux. Le sport y sera pratiqu\u00e9 de fa\u00e7on conviviale et familiale, pas de comp\u00e9tition, pas de performance attendue, \u00e0 l\u2019exception d\u2019un taux \u00e9lev\u00e9 de bonne humeur et de sourire\u00a0!<\/p>\n\n\n\n<p class=\"wp-block-paragraph\">LE CDSA57 remercie chaleureusement l&rsquo;Afaedam et l&rsquo;Apei de Moselle de leur confiance et de leur soutien!<\/p>\n\n\n\n<p class=\"wp-block-paragraph\"><\/p>\n\n\n","protected":false},"excerpt":{"rendered":"<p>Il y a de bonnes nouvelles qui m\u00e9ritent d\u2019\u00eatre partag\u00e9es! L\u2019Afaedam et l\u2019APei de Moselle ont sign\u00e9 une convention de partenariat avec le CDSA57, permettant ainsi de d\u00e9velopper le Sport&hellip; <\/p>\n","protected":false},"author":16,"featured_media":2040,"comment_status":"open","ping_status":"open","sticky":false,"template":"","format":"standard","meta":{"_crdt_document":"","jetpack_post_was_ever_published":false,"_jetpack_newsletter_access":"","_jetpack_dont_email_post_to_subs":false,"_jetpack_newsletter_tier_id":0,"_jetpack_memberships_contains_paywalled_content":false,"_jetpack_memberships_contains_paid_content":false,"footnotes":"","jetpack_publicize_message":"","jetpack_publicize_feature_enabled":true,"jetpack_social_post_already_shared":true,"jetpack_social_options":{"image_generator_settings":{"template":"highway","default_image_id":0,"font":"","enabled":false},"version":2}},"categories":[9,7,1],"tags":[49,57,11],"class_list":["post-2039","post","type-post","status-publish","format-standard","has-post-thumbnail","hentry","category-le-comite-de-sport-adapte-57","category-les-infos-du-cdsa-de-moselle","category-non-classe","tag-afaedam","tag-apei-de-moselle","tag-cdsa57"],"jetpack_publicize_connections":[],"jetpack_featured_media_url":"https:\/\/cdsportadapte57.fr\/wp-content\/uploads\/2020\/12\/photoeffets.com_-9.jpg","jetpack_sharing_enabled":true,"jetpack_shortlink":"https:\/\/wp.me\/pasBZt-wT","_links":{"self":[{"href":"https:\/\/cdsportadapte57.fr\/index.php?rest_route=\/wp\/v2\/posts\/2039","targetHints":{"allow":["GET"]}}],"collection":[{"href":"https:\/\/cdsportadapte57.fr\/index.php?rest_route=\/wp\/v2\/posts"}],"about":[{"href":"https:\/\/cdsportadapte57.fr\/index.php?rest_route=\/wp\/v2\/types\/post"}],"author":[{"embeddable":true,"href":"https:\/\/cdsportadapte57.fr\/index.php?rest_route=\/wp\/v2\/users\/16"}],"replies":[{"embeddable":true,"href":"https:\/\/cdsportadapte57.fr\/index.php?rest_route=%2Fwp%2Fv2%2Fcomments&post=2039"}],"version-history":[{"count":9,"href":"https:\/\/cdsportadapte57.fr\/index.php?rest_route=\/wp\/v2\/posts\/2039\/revisions"}],"predecessor-version":[{"id":2058,"href":"https:\/\/cdsportadapte57.fr\/index.php?rest_route=\/wp\/v2\/posts\/2039\/revisions\/2058"}],"wp:featuredmedia":[{"embeddable":true,"href":"https:\/\/cdsportadapte57.fr\/index.php?rest_route=\/wp\/v2\/media\/2040"}],"wp:attachment":[{"href":"https:\/\/cdsportadapte57.fr\/index.php?rest_route=%2Fwp%2Fv2%2Fmedia&parent=2039"}],"wp:term":[{"taxonomy":"category","embeddable":true,"href":"https:\/\/cdsportadapte57.fr\/index.php?rest_route=%2Fwp%2Fv2%2Fcategories&post=2039"},{"taxonomy":"post_tag","embeddable":true,"href":"https:\/\/cdsportadapte57.fr\/index.php?rest_route=%2Fwp%2Fv2%2Ftags&post=2039"}],"curies":[{"name":"wp","href":"https:\/\/api.w.org\/{rel}","templated":true}]}}