{"id":1950,"date":"2020-10-05T11:20:21","date_gmt":"2020-10-05T09:20:21","guid":{"rendered":"http:\/\/cdsportadapte57.fr\/?p=1950"},"modified":"2020-10-05T13:14:24","modified_gmt":"2020-10-05T11:14:24","slug":"sarah-est-demasquee","status":"publish","type":"post","link":"https:\/\/cdsportadapte57.fr\/?p=1950","title":{"rendered":"Sarah est d\u00e9masqu\u00e9e !"},"content":{"rendered":"\n<p>Nous vous avions annonc\u00e9 l&rsquo;arriv\u00e9e de Sarah en qualit\u00e9 d&rsquo;agent de d\u00e9veloppement du CDSA57. Nous avions publi\u00e9 une photo lors de la signature de son contrat d&#8217;embauche. Etant donn\u00e9 la situation sanitaire, et l&rsquo;application stricte des gestes&nbsp; barri\u00e8re, Sarah \u00e9tait masqu\u00e9e.<\/p>\n<p>Lors de notre manifestation du 29 septembre, Sarah a pu se&nbsp; d\u00e9masquer quelques instants afin de souhaiter la bienvenue \u00e0 tous, l&rsquo;espace \u00e9tant suffisamment grand et a\u00e9r\u00e9 sans aucune crainte pour&nbsp; la distanciation sociale. L&rsquo;occasion inesp\u00e9r\u00e9e de faire une photo de Sarah sans masque afin de vous la pr\u00e9senter.<\/p>\n\n\n\n<figure class=\"wp-block-image size-large\"><img loading=\"lazy\" decoding=\"async\" width=\"1024\" height=\"768\" src=\"http:\/\/cdsportadapte57.fr\/wp-content\/uploads\/2020\/10\/DSCN1982-1024x768.jpg\" alt=\"\" class=\"wp-image-1951\" srcset=\"https:\/\/cdsportadapte57.fr\/wp-content\/uploads\/2020\/10\/DSCN1982-1024x768.jpg 1024w, https:\/\/cdsportadapte57.fr\/wp-content\/uploads\/2020\/10\/DSCN1982-300x225.jpg 300w, https:\/\/cdsportadapte57.fr\/wp-content\/uploads\/2020\/10\/DSCN1982-768x576.jpg 768w, https:\/\/cdsportadapte57.fr\/wp-content\/uploads\/2020\/10\/DSCN1982-1536x1152.jpg 1536w, https:\/\/cdsportadapte57.fr\/wp-content\/uploads\/2020\/10\/DSCN1982-2048x1536.jpg 2048w, https:\/\/cdsportadapte57.fr\/wp-content\/uploads\/2020\/10\/DSCN1982-1320x990.jpg 1320w\" sizes=\"auto, (max-width: 1024px) 100vw, 1024px\" \/><figcaption>Sarah<\/figcaption><\/figure>\n\n\n\n<p>L\u2019arriv\u00e9e de la dynamique Sarah va permettre de faire \u00e9voluer et structurer le Sport Adapt\u00e9 en Moselle et :&nbsp;<\/p>\n<ul>\n<li><b>D\u00e9velopper et consolider <\/b>des relations avec le mouvement sportif (Organisation de journ\u00e9e \u00ab&nbsp;d\u00e9couverte&nbsp;\u00bb, aide \u00e0 la cr\u00e9ation de sections \u00ab&nbsp;sport adapt\u00e9&nbsp;\u00bb, mise de l\u2019expertise du Sport Adapt\u00e9 au service des clubs, etc&nbsp;.).&nbsp;<\/li>\n<\/ul>\n<ul>\n<li><b>Renforcer des liens <\/b>avec les associations de parents, (APEI), les \u00e9tablissements et services accompagnant les PSH mental et\/ou psychique.&nbsp;<br>&nbsp;<\/li>\n<li><b>Intervenir<\/b>&nbsp;aupr\u00e8s des ESMS pour un soutien professionnel dans l\u2019\u00e9tablissement et l\u2019animation de projets APSAS.&nbsp;<br>&nbsp;<\/li>\n<li><b>Multiplier le nombre<\/b> d\u2019actions et manifestations sportives (loisir \u2013 comp\u00e9tition) ainsi que d\u2019activit\u00e9s motrices en faveur des PSH mental et\/ou psychique.&nbsp;<br>&nbsp;<\/li>\n<li><b>Mettre en place <\/b>des s\u00e9ances de formation et de sensibilisation vers APEI et les clubs.&nbsp;<\/li>\n<\/ul>\n<p>Alors n\u2019h\u00e9sitez pas \u00e0 la contacter pour vos projets, vos questions ou autres renseignements soit&nbsp;:&nbsp;<\/p>\n<ul>\n<li>Par courriel :&nbsp;&nbsp;<b>sarah.helck@cdsportadapte57.fr<\/b>&nbsp;&nbsp;<\/li>\n<li>Par t\u00e9l\u00e9phone au&nbsp;:&nbsp;&nbsp;&nbsp;&nbsp;<b>06.12.35.73.96<\/b>&nbsp;<\/li>\n<\/ul>\n<p>&nbsp;<br>&nbsp;<\/p>\n","protected":false},"excerpt":{"rendered":"<p>Nous vous avions annonc\u00e9 l&rsquo;arriv\u00e9e de Sarah en qualit\u00e9 d&rsquo;agent de d\u00e9veloppement du CDSA57. Nous avions publi\u00e9 une photo lors de la signature de son contrat d&#8217;embauche. Etant donn\u00e9 la&hellip; <\/p>\n","protected":false},"author":16,"featured_media":1951,"comment_status":"open","ping_status":"open","sticky":false,"template":"","format":"standard","meta":{"_crdt_document":"","jetpack_post_was_ever_published":false,"_jetpack_newsletter_access":"","_jetpack_dont_email_post_to_subs":false,"_jetpack_newsletter_tier_id":0,"_jetpack_memberships_contains_paywalled_content":false,"_jetpack_memberships_contains_paid_content":false,"footnotes":"","jetpack_publicize_message":"","jetpack_publicize_feature_enabled":true,"jetpack_social_post_already_shared":true,"jetpack_social_options":{"image_generator_settings":{"template":"highway","default_image_id":0,"font":"","enabled":false},"version":2}},"categories":[9,1],"tags":[],"class_list":["post-1950","post","type-post","status-publish","format-standard","has-post-thumbnail","hentry","category-le-comite-de-sport-adapte-57","category-non-classe"],"jetpack_publicize_connections":[],"jetpack_featured_media_url":"https:\/\/cdsportadapte57.fr\/wp-content\/uploads\/2020\/10\/DSCN1982-scaled.jpg","jetpack_sharing_enabled":true,"jetpack_shortlink":"https:\/\/wp.me\/pasBZt-vs","_links":{"self":[{"href":"https:\/\/cdsportadapte57.fr\/index.php?rest_route=\/wp\/v2\/posts\/1950","targetHints":{"allow":["GET"]}}],"collection":[{"href":"https:\/\/cdsportadapte57.fr\/index.php?rest_route=\/wp\/v2\/posts"}],"about":[{"href":"https:\/\/cdsportadapte57.fr\/index.php?rest_route=\/wp\/v2\/types\/post"}],"author":[{"embeddable":true,"href":"https:\/\/cdsportadapte57.fr\/index.php?rest_route=\/wp\/v2\/users\/16"}],"replies":[{"embeddable":true,"href":"https:\/\/cdsportadapte57.fr\/index.php?rest_route=%2Fwp%2Fv2%2Fcomments&post=1950"}],"version-history":[{"count":7,"href":"https:\/\/cdsportadapte57.fr\/index.php?rest_route=\/wp\/v2\/posts\/1950\/revisions"}],"predecessor-version":[{"id":1959,"href":"https:\/\/cdsportadapte57.fr\/index.php?rest_route=\/wp\/v2\/posts\/1950\/revisions\/1959"}],"wp:featuredmedia":[{"embeddable":true,"href":"https:\/\/cdsportadapte57.fr\/index.php?rest_route=\/wp\/v2\/media\/1951"}],"wp:attachment":[{"href":"https:\/\/cdsportadapte57.fr\/index.php?rest_route=%2Fwp%2Fv2%2Fmedia&parent=1950"}],"wp:term":[{"taxonomy":"category","embeddable":true,"href":"https:\/\/cdsportadapte57.fr\/index.php?rest_route=%2Fwp%2Fv2%2Fcategories&post=1950"},{"taxonomy":"post_tag","embeddable":true,"href":"https:\/\/cdsportadapte57.fr\/index.php?rest_route=%2Fwp%2Fv2%2Ftags&post=1950"}],"curies":[{"name":"wp","href":"https:\/\/api.w.org\/{rel}","templated":true}]}}