{"id":1891,"date":"2020-09-14T16:55:18","date_gmt":"2020-09-14T14:55:18","guid":{"rendered":"http:\/\/cdsportadapte57.fr\/?p=1891"},"modified":"2020-09-14T17:07:58","modified_gmt":"2020-09-14T15:07:58","slug":"fete-du-sport-les-12-et-13-septembre-a-metz","status":"publish","type":"post","link":"https:\/\/cdsportadapte57.fr\/?p=1891","title":{"rendered":"F\u00eate du Sport les 12 et 13 septembre \u00e0 Metz"},"content":{"rendered":"\n<div class=\"wp-block-image\"><figure class=\"aligncenter size-large\"><img loading=\"lazy\" decoding=\"async\" width=\"544\" height=\"768\" src=\"http:\/\/cdsportadapte57.fr\/wp-content\/uploads\/2020\/09\/fete-du-sport.jpg\" alt=\"\" class=\"wp-image-1892\" srcset=\"https:\/\/cdsportadapte57.fr\/wp-content\/uploads\/2020\/09\/fete-du-sport.jpg 544w, https:\/\/cdsportadapte57.fr\/wp-content\/uploads\/2020\/09\/fete-du-sport-213x300.jpg 213w\" sizes=\"auto, (max-width: 544px) 100vw, 544px\" \/><\/figure><\/div>\n\n\n\n<p class=\"wp-block-paragraph\">Le CDSA57 \u00e9tait pr\u00e9sent samedi et dimanche \u00e0 la F\u00eate du Sport au complexe Sportif Saint Symphorien. <\/p>\n\n\n\n<figure class=\"wp-block-image size-large\"><img loading=\"lazy\" decoding=\"async\" width=\"1024\" height=\"768\" src=\"http:\/\/cdsportadapte57.fr\/wp-content\/uploads\/2020\/09\/DSCN1933-1024x768.jpg\" alt=\"\" class=\"wp-image-1895\" srcset=\"https:\/\/cdsportadapte57.fr\/wp-content\/uploads\/2020\/09\/DSCN1933-1024x768.jpg 1024w, https:\/\/cdsportadapte57.fr\/wp-content\/uploads\/2020\/09\/DSCN1933-300x225.jpg 300w, https:\/\/cdsportadapte57.fr\/wp-content\/uploads\/2020\/09\/DSCN1933-768x576.jpg 768w, https:\/\/cdsportadapte57.fr\/wp-content\/uploads\/2020\/09\/DSCN1933-1536x1152.jpg 1536w, https:\/\/cdsportadapte57.fr\/wp-content\/uploads\/2020\/09\/DSCN1933-2048x1536.jpg 2048w, https:\/\/cdsportadapte57.fr\/wp-content\/uploads\/2020\/09\/DSCN1933-1320x990.jpg 1320w\" sizes=\"auto, (max-width: 1024px) 100vw, 1024px\" \/><\/figure>\n\n\n\n<p class=\"wp-block-paragraph\">Beaucoup de visiteurs cette ann\u00e9e, bien entendu, avec un protocole sanitaire ad\u00e9quat, et cela a \u00e9t\u00e9 pour nous, l&rsquo;occasion de faire des rencontres, d&rsquo;\u00e9changer avec d&rsquo;autres associations, du personnel d&rsquo;\u00e9tablissements m\u00e9dico-sociaux et d&rsquo;envisager  de futurs projets ensemble.<\/p>\n\n\n\n<figure class=\"wp-block-image size-large\"><img loading=\"lazy\" decoding=\"async\" width=\"1024\" height=\"768\" src=\"http:\/\/cdsportadapte57.fr\/wp-content\/uploads\/2020\/09\/DSCN1942-1024x768.jpg\" alt=\"\" class=\"wp-image-1896\" srcset=\"https:\/\/cdsportadapte57.fr\/wp-content\/uploads\/2020\/09\/DSCN1942-1024x768.jpg 1024w, https:\/\/cdsportadapte57.fr\/wp-content\/uploads\/2020\/09\/DSCN1942-300x225.jpg 300w, https:\/\/cdsportadapte57.fr\/wp-content\/uploads\/2020\/09\/DSCN1942-768x576.jpg 768w, https:\/\/cdsportadapte57.fr\/wp-content\/uploads\/2020\/09\/DSCN1942-1536x1152.jpg 1536w, https:\/\/cdsportadapte57.fr\/wp-content\/uploads\/2020\/09\/DSCN1942-2048x1536.jpg 2048w, https:\/\/cdsportadapte57.fr\/wp-content\/uploads\/2020\/09\/DSCN1942-1320x990.jpg 1320w\" sizes=\"auto, (max-width: 1024px) 100vw, 1024px\" \/><\/figure>\n\n\n\n<figure class=\"wp-block-image size-large\"><img loading=\"lazy\" decoding=\"async\" width=\"1024\" height=\"768\" src=\"http:\/\/cdsportadapte57.fr\/wp-content\/uploads\/2020\/09\/DSCN1936-1024x768.jpg\" alt=\"\" class=\"wp-image-1897\" srcset=\"https:\/\/cdsportadapte57.fr\/wp-content\/uploads\/2020\/09\/DSCN1936-1024x768.jpg 1024w, https:\/\/cdsportadapte57.fr\/wp-content\/uploads\/2020\/09\/DSCN1936-300x225.jpg 300w, https:\/\/cdsportadapte57.fr\/wp-content\/uploads\/2020\/09\/DSCN1936-768x576.jpg 768w, https:\/\/cdsportadapte57.fr\/wp-content\/uploads\/2020\/09\/DSCN1936-1536x1152.jpg 1536w, https:\/\/cdsportadapte57.fr\/wp-content\/uploads\/2020\/09\/DSCN1936-2048x1536.jpg 2048w, https:\/\/cdsportadapte57.fr\/wp-content\/uploads\/2020\/09\/DSCN1936-1320x990.jpg 1320w\" sizes=\"auto, (max-width: 1024px) 100vw, 1024px\" \/><\/figure>\n\n\n\n<p class=\"wp-block-paragraph\">Ce week-end d\u00e9di\u00e9 au sport permet de d\u00e9couvrir les clubs , les associations messines en famille. C&rsquo;est une excellente vitrine pour choisir un sport et le bon moment pour s&rsquo;inscrire.<\/p>\n\n\n\n<figure class=\"wp-block-image size-large\"><img loading=\"lazy\" decoding=\"async\" width=\"1024\" height=\"768\" src=\"http:\/\/cdsportadapte57.fr\/wp-content\/uploads\/2020\/09\/DSCN1931-1024x768.jpg\" alt=\"\" class=\"wp-image-1894\" srcset=\"https:\/\/cdsportadapte57.fr\/wp-content\/uploads\/2020\/09\/DSCN1931-1024x768.jpg 1024w, https:\/\/cdsportadapte57.fr\/wp-content\/uploads\/2020\/09\/DSCN1931-300x225.jpg 300w, https:\/\/cdsportadapte57.fr\/wp-content\/uploads\/2020\/09\/DSCN1931-768x576.jpg 768w, https:\/\/cdsportadapte57.fr\/wp-content\/uploads\/2020\/09\/DSCN1931-1536x1152.jpg 1536w, https:\/\/cdsportadapte57.fr\/wp-content\/uploads\/2020\/09\/DSCN1931-2048x1536.jpg 2048w, https:\/\/cdsportadapte57.fr\/wp-content\/uploads\/2020\/09\/DSCN1931-1320x990.jpg 1320w\" sizes=\"auto, (max-width: 1024px) 100vw, 1024px\" \/><\/figure>\n\n\n\n<figure class=\"wp-block-image size-large\"><img loading=\"lazy\" decoding=\"async\" width=\"1024\" height=\"567\" src=\"http:\/\/cdsportadapte57.fr\/wp-content\/uploads\/2020\/09\/DSCN1948-2-1024x567.jpg\" alt=\"\" class=\"wp-image-1898\" srcset=\"https:\/\/cdsportadapte57.fr\/wp-content\/uploads\/2020\/09\/DSCN1948-2-1024x567.jpg 1024w, https:\/\/cdsportadapte57.fr\/wp-content\/uploads\/2020\/09\/DSCN1948-2-300x166.jpg 300w, https:\/\/cdsportadapte57.fr\/wp-content\/uploads\/2020\/09\/DSCN1948-2-768x425.jpg 768w, https:\/\/cdsportadapte57.fr\/wp-content\/uploads\/2020\/09\/DSCN1948-2-1536x851.jpg 1536w, https:\/\/cdsportadapte57.fr\/wp-content\/uploads\/2020\/09\/DSCN1948-2-2048x1134.jpg 2048w, https:\/\/cdsportadapte57.fr\/wp-content\/uploads\/2020\/09\/DSCN1948-2-1320x731.jpg 1320w\" sizes=\"auto, (max-width: 1024px) 100vw, 1024px\" \/><\/figure>\n","protected":false},"excerpt":{"rendered":"<p>Le CDSA57 \u00e9tait pr\u00e9sent samedi et dimanche \u00e0 la F\u00eate du Sport au complexe Sportif Saint Symphorien. Beaucoup de visiteurs cette ann\u00e9e, bien entendu, avec un protocole sanitaire ad\u00e9quat, et&hellip; <\/p>\n","protected":false},"author":16,"featured_media":1892,"comment_status":"open","ping_status":"open","sticky":false,"template":"","format":"standard","meta":{"_crdt_document":"","jetpack_post_was_ever_published":false,"_jetpack_newsletter_access":"","_jetpack_dont_email_post_to_subs":false,"_jetpack_newsletter_tier_id":0,"_jetpack_memberships_contains_paywalled_content":false,"_jetpack_memberships_contains_paid_content":false,"footnotes":"","jetpack_publicize_message":"","jetpack_publicize_feature_enabled":true,"jetpack_social_post_already_shared":true,"jetpack_social_options":{"image_generator_settings":{"template":"highway","default_image_id":0,"font":"","enabled":false},"version":2}},"categories":[9,1],"tags":[11,12,23],"class_list":["post-1891","post","type-post","status-publish","format-standard","has-post-thumbnail","hentry","category-le-comite-de-sport-adapte-57","category-non-classe","tag-cdsa57","tag-fete-du-sport","tag-metz"],"jetpack_publicize_connections":[],"jetpack_featured_media_url":"https:\/\/cdsportadapte57.fr\/wp-content\/uploads\/2020\/09\/fete-du-sport.jpg","jetpack_sharing_enabled":true,"jetpack_shortlink":"https:\/\/wp.me\/pasBZt-uv","_links":{"self":[{"href":"https:\/\/cdsportadapte57.fr\/index.php?rest_route=\/wp\/v2\/posts\/1891","targetHints":{"allow":["GET"]}}],"collection":[{"href":"https:\/\/cdsportadapte57.fr\/index.php?rest_route=\/wp\/v2\/posts"}],"about":[{"href":"https:\/\/cdsportadapte57.fr\/index.php?rest_route=\/wp\/v2\/types\/post"}],"author":[{"embeddable":true,"href":"https:\/\/cdsportadapte57.fr\/index.php?rest_route=\/wp\/v2\/users\/16"}],"replies":[{"embeddable":true,"href":"https:\/\/cdsportadapte57.fr\/index.php?rest_route=%2Fwp%2Fv2%2Fcomments&post=1891"}],"version-history":[{"count":6,"href":"https:\/\/cdsportadapte57.fr\/index.php?rest_route=\/wp\/v2\/posts\/1891\/revisions"}],"predecessor-version":[{"id":1903,"href":"https:\/\/cdsportadapte57.fr\/index.php?rest_route=\/wp\/v2\/posts\/1891\/revisions\/1903"}],"wp:featuredmedia":[{"embeddable":true,"href":"https:\/\/cdsportadapte57.fr\/index.php?rest_route=\/wp\/v2\/media\/1892"}],"wp:attachment":[{"href":"https:\/\/cdsportadapte57.fr\/index.php?rest_route=%2Fwp%2Fv2%2Fmedia&parent=1891"}],"wp:term":[{"taxonomy":"category","embeddable":true,"href":"https:\/\/cdsportadapte57.fr\/index.php?rest_route=%2Fwp%2Fv2%2Fcategories&post=1891"},{"taxonomy":"post_tag","embeddable":true,"href":"https:\/\/cdsportadapte57.fr\/index.php?rest_route=%2Fwp%2Fv2%2Ftags&post=1891"}],"curies":[{"name":"wp","href":"https:\/\/api.w.org\/{rel}","templated":true}]}}