{"id":1870,"date":"2020-09-07T15:08:11","date_gmt":"2020-09-07T13:08:11","guid":{"rendered":"http:\/\/cdsportadapte57.fr\/?p=1870"},"modified":"2020-09-07T15:08:14","modified_gmt":"2020-09-07T13:08:14","slug":"bienvenue-sarah","status":"publish","type":"post","link":"https:\/\/cdsportadapte57.fr\/?p=1870","title":{"rendered":"Bienvenue Sarah !"},"content":{"rendered":"\n<p style=\"font-weight: 400;\">C\u2019est la rentr\u00e9e et l\u2019\u00e9quipe du Sport Adapt\u00e9 de Moselle a beaucoup travaill\u00e9 afin de pouvoir offrir de nouveaux projets, dans ce contexte sanitaire si particulier.<\/p>\n<p style=\"font-weight: 400;\">Les \u00e9v\u00e9nements et les manifestations vous seront d\u00e9voil\u00e9s dans un planning qui vous sera adress\u00e9 dans les prochains jours, mais, d\u2019ores et d\u00e9j\u00e0, nous pouvons vous annoncer une excellente nouvelle, le recrutement de Sarah HELCK. Elle apportera son dynamisme, son sourire, sa sympathie en qualit\u00e9 d\u2019agent de d\u00e9veloppement du CDSA57.<\/p>\n<p style=\"font-weight: 400;\">Cette nouvelle \u00e9tape est apparue indispensable dans l\u2019\u00e9volution et la structuration du Sport Adapt\u00e9 en Moselle et, l\u2019arriv\u00e9e de Sarah doit permettre\u00a0:<\/p>\n<p style=\"font-weight: 400;\"><strong>D\u00e9veloppement et consolidation<\/strong>\u00a0des relations avec le mouvement sportif (Organisation de journ\u00e9e \u00ab\u00a0d\u00e9couverte\u00a0\u00bb, aide \u00e0 la cr\u00e9ation de sections \u00ab\u00a0sport adapt\u00e9\u00a0\u00bb, mise de l\u2019expertise du Sport Adapt\u00e9 au service des clubs, etc\u00a0.).<\/p>\n<p style=\"font-weight: 400;\"><strong>Renforcement des liens<\/strong>\u00a0avec les associations de parents, (APEI), les \u00e9tablissements et services accompagnant les PSH mental et\/ou psychique.<\/p>\n<p style=\"font-weight: 400;\"><strong>Intervention accrue<\/strong>\u00a0aupr\u00e8s des ESMS pour un soutien professionnel dans l\u2019\u00e9tablissement et l\u2019animation de projets APSAS.<\/p>\n<p style=\"font-weight: 400;\"><strong>Multiplication <\/strong>de l\u2019organisation d\u2019actions et manifestations sportives (loisir \u2013 comp\u00e9titives) ainsi que d\u2019activit\u00e9s motrices en faveur des PSH mental et\/ou psychique.<\/p>\n<p style=\"font-weight: 400;\"><strong>Mise en place<\/strong>\u00a0de s\u00e9ances de formation et de sensibilisation vers APEI et les clubs.<\/p>\n\n\n\n<figure class=\"wp-block-gallery columns-3 is-cropped wp-block-gallery-1 is-layout-flex wp-block-gallery-is-layout-flex\"><ul class=\"blocks-gallery-grid\"><li class=\"blocks-gallery-item\"><figure><img loading=\"lazy\" decoding=\"async\" width=\"1024\" height=\"768\" src=\"http:\/\/cdsportadapte57.fr\/wp-content\/uploads\/2020\/09\/DSCN1880-1-1024x768.jpg\" alt=\"\" data-id=\"1874\" data-link=\"http:\/\/cdsportadapte57.fr\/?attachment_id=1874\" class=\"wp-image-1874\" srcset=\"https:\/\/cdsportadapte57.fr\/wp-content\/uploads\/2020\/09\/DSCN1880-1-1024x768.jpg 1024w, https:\/\/cdsportadapte57.fr\/wp-content\/uploads\/2020\/09\/DSCN1880-1-300x225.jpg 300w, https:\/\/cdsportadapte57.fr\/wp-content\/uploads\/2020\/09\/DSCN1880-1-768x576.jpg 768w, https:\/\/cdsportadapte57.fr\/wp-content\/uploads\/2020\/09\/DSCN1880-1-1536x1152.jpg 1536w, https:\/\/cdsportadapte57.fr\/wp-content\/uploads\/2020\/09\/DSCN1880-1-2048x1536.jpg 2048w, https:\/\/cdsportadapte57.fr\/wp-content\/uploads\/2020\/09\/DSCN1880-1-1320x990.jpg 1320w\" sizes=\"auto, (max-width: 1024px) 100vw, 1024px\" \/><\/figure><\/li><li class=\"blocks-gallery-item\"><figure><img loading=\"lazy\" decoding=\"async\" width=\"1024\" height=\"927\" src=\"http:\/\/cdsportadapte57.fr\/wp-content\/uploads\/2020\/09\/DSCN1882-2-1024x927.jpg\" alt=\"\" data-id=\"1875\" data-link=\"http:\/\/cdsportadapte57.fr\/?attachment_id=1875\" class=\"wp-image-1875\" srcset=\"https:\/\/cdsportadapte57.fr\/wp-content\/uploads\/2020\/09\/DSCN1882-2-1024x927.jpg 1024w, https:\/\/cdsportadapte57.fr\/wp-content\/uploads\/2020\/09\/DSCN1882-2-300x271.jpg 300w, https:\/\/cdsportadapte57.fr\/wp-content\/uploads\/2020\/09\/DSCN1882-2-768x695.jpg 768w, https:\/\/cdsportadapte57.fr\/wp-content\/uploads\/2020\/09\/DSCN1882-2-1536x1390.jpg 1536w, https:\/\/cdsportadapte57.fr\/wp-content\/uploads\/2020\/09\/DSCN1882-2-2048x1853.jpg 2048w, https:\/\/cdsportadapte57.fr\/wp-content\/uploads\/2020\/09\/DSCN1882-2-1320x1194.jpg 1320w\" sizes=\"auto, (max-width: 1024px) 100vw, 1024px\" \/><\/figure><\/li><li class=\"blocks-gallery-item\"><figure><img loading=\"lazy\" decoding=\"async\" width=\"947\" height=\"1024\" src=\"http:\/\/cdsportadapte57.fr\/wp-content\/uploads\/2020\/09\/DSCN1883-2-947x1024.jpg\" alt=\"\" data-id=\"1876\" data-link=\"http:\/\/cdsportadapte57.fr\/?attachment_id=1876\" class=\"wp-image-1876\" srcset=\"https:\/\/cdsportadapte57.fr\/wp-content\/uploads\/2020\/09\/DSCN1883-2-947x1024.jpg 947w, https:\/\/cdsportadapte57.fr\/wp-content\/uploads\/2020\/09\/DSCN1883-2-278x300.jpg 278w, https:\/\/cdsportadapte57.fr\/wp-content\/uploads\/2020\/09\/DSCN1883-2-768x830.jpg 768w, https:\/\/cdsportadapte57.fr\/wp-content\/uploads\/2020\/09\/DSCN1883-2-1421x1536.jpg 1421w, https:\/\/cdsportadapte57.fr\/wp-content\/uploads\/2020\/09\/DSCN1883-2-1895x2048.jpg 1895w, https:\/\/cdsportadapte57.fr\/wp-content\/uploads\/2020\/09\/DSCN1883-2-1320x1427.jpg 1320w\" sizes=\"auto, (max-width: 947px) 100vw, 947px\" \/><\/figure><\/li><li class=\"blocks-gallery-item\"><figure><img loading=\"lazy\" decoding=\"async\" width=\"1024\" height=\"786\" src=\"http:\/\/cdsportadapte57.fr\/wp-content\/uploads\/2020\/09\/DSCN1884-2-1024x786.jpg\" alt=\"\" data-id=\"1877\" data-full-url=\"http:\/\/cdsportadapte57.fr\/wp-content\/uploads\/2020\/09\/DSCN1884-2-scaled.jpg\" data-link=\"http:\/\/cdsportadapte57.fr\/?attachment_id=1877\" class=\"wp-image-1877\" srcset=\"https:\/\/cdsportadapte57.fr\/wp-content\/uploads\/2020\/09\/DSCN1884-2-1024x786.jpg 1024w, https:\/\/cdsportadapte57.fr\/wp-content\/uploads\/2020\/09\/DSCN1884-2-300x230.jpg 300w, https:\/\/cdsportadapte57.fr\/wp-content\/uploads\/2020\/09\/DSCN1884-2-768x589.jpg 768w, https:\/\/cdsportadapte57.fr\/wp-content\/uploads\/2020\/09\/DSCN1884-2-1536x1179.jpg 1536w, https:\/\/cdsportadapte57.fr\/wp-content\/uploads\/2020\/09\/DSCN1884-2-2048x1571.jpg 2048w, https:\/\/cdsportadapte57.fr\/wp-content\/uploads\/2020\/09\/DSCN1884-2-1320x1013.jpg 1320w\" sizes=\"auto, (max-width: 1024px) 100vw, 1024px\" \/><figcaption class=\"blocks-gallery-item__caption\">Signature du contrat de travail,  Sarah et le Pr\u00e9sident du CD57 JM Morainville<\/figcaption><\/figure><\/li><\/ul><\/figure>\n\n\n\n<p class=\"wp-block-paragraph\"><\/p>\n\n\n\n<p>L\u2019interview de Sarah, que vous trouverez ci-dessous, vous permettra de constater qu\u2019elle est non seulement qualifi\u00e9e pour le poste, mais \u00e9galement tr\u00e8s sensibilis\u00e9e \u00e0 la cause du handicap.<\/p>\n\n\n\n<p class=\"wp-block-paragraph\"><em>Apr\u00e8s avoir suivi un parcours scolaire classique et obtenu son BAC S avec mention, Sarah s\u2019est orient\u00e9e vers la facult\u00e9 des Sciences et Techniques des Activit\u00e9s Physique et Sportive (STAPS). C\u2019est au cours de sa deuxi\u00e8me ann\u00e9e de licence qu\u2019elle d\u00e9cidera d\u2019opter pour la fili\u00e8re \u00ab&nbsp;Activit\u00e9 Physique Adapt\u00e9 \u2013 Sant\u00e9&nbsp;\u00bb (APAS). <\/em><\/p>\n\n\n\n<p class=\"wp-block-paragraph\"><em>Pratiquant un sport en club depuis la maternelle, le judo puis par la suite le tennis de table, le choix d\u2019un m\u00e9tier dans le secteur sportif \u00e9tait pour elle comme une \u00e9vidence. Pour ce qui est du choix de la fili\u00e8re, il se pr\u00e9cisera au cours de sa premi\u00e8re ann\u00e9e de licence suite \u00e0 un service civique fait au club de Maizi\u00e8res-l\u00e8s-Metz Tennis de Table. En effet, entra\u00eenant depuis plusieurs ann\u00e9es en tant que b\u00e9n\u00e9vole dans ce club, les dirigeants et encadrants de ce-dernier lui propose de r\u00e9aliser un service civique au c\u00f4t\u00e9 de leur enseignante en activit\u00e9 physique adapt\u00e9e (EAPA) pour l\u2019aider dans le d\u00e9veloppement de la section sport adapt\u00e9 et handisport du club. Suite \u00e0 cette exp\u00e9rience, Sarah comprend tr\u00e8s vite que ce n\u2019est pas le m\u00e9tier de professeur en Education Physique et Sportive (EPS) mais bien celui de EAPA qui lui correspondrait le mieux.<\/em><\/p>\n\n\n\n<p class=\"wp-block-paragraph\"><em>Bien que le m\u00e9tier d\u2019EAPA soit vaste, puisqu\u2019il permet de travailler avec tout type de public (valide, personne en situation de handicap moteur ou mental, personne avec des affections longues dur\u00e9es\u2026), c\u2019est au c\u00f4t\u00e9 des PSH que Sarah d\u00e9cide de faire sa route. Effectivement, investie d\u00e8s le plus jeune \u00e2ge dans deux associations pour malvoyants avec sa grand-m\u00e8re, c\u2019est logiquement qu\u2019elle d\u00e9cide de s\u2019orienter dans le monde du handicap. Apr\u00e8s avoir particip\u00e9 \u00e0 l\u2019organisation de plusieurs manifestations organis\u00e9es et\/ou co-organis\u00e9es par le Comit\u00e9 D\u00e9partemental Sport Adapt\u00e9 de Moselle (CDSA57), elle se retrouve touch\u00e9e par ces personnes trop souvent d\u00e9laiss\u00e9es et incomprises.&nbsp; Motiv\u00e9e par le d\u00e9sir de les aider \u00e0 avoir une meilleure qualit\u00e9 de vie, mais aussi \u00e0 mettre leur qualit\u00e9s et capacit\u00e9s en lumi\u00e8re par le biais du sport la voil\u00e0 agent de d\u00e9veloppement au CDSA&nbsp;! Un de ses objectif&nbsp;? Apporter \u00e0 tous l\u2019opportunit\u00e9 d\u2019acc\u00e9der \u00e0 un sport qu\u2019il aime et qui lui correspond <\/em><\/p>\n\n\n\n<p class=\"wp-block-paragraph\">Comme vous pouvez le constater, Sarah est non seulement qualifi\u00e9e pour ce poste mais aussi tr\u00e8s sensibilis\u00e9e \u00e0 la cause du handicap.  Nous sommes heureux de l&rsquo;accueillir et pr\u00eats pour cette rentr\u00e9e.<\/p>\n\n\n\n<p class=\"wp-block-paragraph\">Le Comit\u00e9 lui souhaite la bienvenue et esp\u00e8re une collaboration longue et fructueuse, permettant la r\u00e9alisation des objectifs du Sport Adapt\u00e9 en Moselle ainsi que son \u00e9panouissement dans ses nouvelles fonctions.<\/p>\n\n\n\n<p class=\"wp-block-paragraph\">N\u2019h\u00e9sitez pas \u00e0 la contacter pour vos projets, vos questions ou autres renseignements soit&nbsp;:<\/p>\n\n\n\n<p class=\"wp-block-paragraph\">\u00b7&nbsp;&nbsp;&nbsp;&nbsp;&nbsp;&nbsp;&nbsp;&nbsp;&nbsp;par courriel :&nbsp;&nbsp;&nbsp;&nbsp;&nbsp;&nbsp;&nbsp;&nbsp;&nbsp;&nbsp;&nbsp;&nbsp;&nbsp;&nbsp;&nbsp;&nbsp;&nbsp;&nbsp;&nbsp;&nbsp;&nbsp;&nbsp;&nbsp;&nbsp;&nbsp;<strong>sarah.helck@cdsportadapte57.fr<\/strong>&nbsp;<\/p>\n\n\n\n<p class=\"wp-block-paragraph\">\u00b7&nbsp;&nbsp;&nbsp;&nbsp;&nbsp;&nbsp;&nbsp;&nbsp;&nbsp;par t\u00e9l\u00e9phone au&nbsp;&nbsp;&nbsp;&nbsp;&nbsp;&nbsp;&nbsp;&nbsp;&nbsp;&nbsp;&nbsp;&nbsp;&nbsp;&nbsp;&nbsp;&nbsp;&nbsp;&nbsp;<strong>06.12.35.73.96<\/strong><\/p>\n\n\n\n<p class=\"wp-block-paragraph\">A tr\u00e8s bient\u00f4t, le plaisir de vous retrouver, revoir les sourires, la joie communicative et bien s\u00fbr tenter d\u2019apporter bien-\u00eatre et plaisir aux personnes en situation de handicap \u00e0 travers le Sport Adapt\u00e9.<br><\/p>\n","protected":false},"excerpt":{"rendered":"<p>C\u2019est la rentr\u00e9e et l\u2019\u00e9quipe du Sport Adapt\u00e9 de Moselle a beaucoup travaill\u00e9 afin de pouvoir offrir de nouveaux projets, dans ce contexte sanitaire si particulier. Les \u00e9v\u00e9nements et les&hellip; <\/p>\n","protected":false},"author":16,"featured_media":1875,"comment_status":"open","ping_status":"open","sticky":false,"template":"","format":"standard","meta":{"_crdt_document":"","jetpack_post_was_ever_published":false,"_jetpack_newsletter_access":"","_jetpack_dont_email_post_to_subs":false,"_jetpack_newsletter_tier_id":0,"_jetpack_memberships_contains_paywalled_content":false,"_jetpack_memberships_contains_paid_content":false,"footnotes":"","jetpack_publicize_message":"","jetpack_publicize_feature_enabled":true,"jetpack_social_post_already_shared":true,"jetpack_social_options":{"image_generator_settings":{"template":"highway","default_image_id":0,"font":"","enabled":false},"version":2}},"categories":[9,1],"tags":[11,41],"class_list":["post-1870","post","type-post","status-publish","format-standard","has-post-thumbnail","hentry","category-le-comite-de-sport-adapte-57","category-non-classe","tag-cdsa57","tag-recrutement"],"jetpack_publicize_connections":[],"jetpack_featured_media_url":"https:\/\/cdsportadapte57.fr\/wp-content\/uploads\/2020\/09\/DSCN1882-2-scaled.jpg","jetpack_sharing_enabled":true,"jetpack_shortlink":"https:\/\/wp.me\/pasBZt-ua","_links":{"self":[{"href":"https:\/\/cdsportadapte57.fr\/index.php?rest_route=\/wp\/v2\/posts\/1870","targetHints":{"allow":["GET"]}}],"collection":[{"href":"https:\/\/cdsportadapte57.fr\/index.php?rest_route=\/wp\/v2\/posts"}],"about":[{"href":"https:\/\/cdsportadapte57.fr\/index.php?rest_route=\/wp\/v2\/types\/post"}],"author":[{"embeddable":true,"href":"https:\/\/cdsportadapte57.fr\/index.php?rest_route=\/wp\/v2\/users\/16"}],"replies":[{"embeddable":true,"href":"https:\/\/cdsportadapte57.fr\/index.php?rest_route=%2Fwp%2Fv2%2Fcomments&post=1870"}],"version-history":[{"count":10,"href":"https:\/\/cdsportadapte57.fr\/index.php?rest_route=\/wp\/v2\/posts\/1870\/revisions"}],"predecessor-version":[{"id":1885,"href":"https:\/\/cdsportadapte57.fr\/index.php?rest_route=\/wp\/v2\/posts\/1870\/revisions\/1885"}],"wp:featuredmedia":[{"embeddable":true,"href":"https:\/\/cdsportadapte57.fr\/index.php?rest_route=\/wp\/v2\/media\/1875"}],"wp:attachment":[{"href":"https:\/\/cdsportadapte57.fr\/index.php?rest_route=%2Fwp%2Fv2%2Fmedia&parent=1870"}],"wp:term":[{"taxonomy":"category","embeddable":true,"href":"https:\/\/cdsportadapte57.fr\/index.php?rest_route=%2Fwp%2Fv2%2Fcategories&post=1870"},{"taxonomy":"post_tag","embeddable":true,"href":"https:\/\/cdsportadapte57.fr\/index.php?rest_route=%2Fwp%2Fv2%2Ftags&post=1870"}],"curies":[{"name":"wp","href":"https:\/\/api.w.org\/{rel}","templated":true}]}}