{"id":1835,"date":"2020-04-24T11:08:30","date_gmt":"2020-04-24T09:08:30","guid":{"rendered":"http:\/\/cdsportadapte57.fr\/?p=1835"},"modified":"2020-04-24T11:08:32","modified_gmt":"2020-04-24T09:08:32","slug":"sejour-adapte-au-refuge-du-sotre-du-27-au-30-octobre","status":"publish","type":"post","link":"https:\/\/cdsportadapte57.fr\/?p=1835","title":{"rendered":"S\u00e9jour Adapt\u00e9 au refuge du Sotr\u00e9 du 27 au 30 octobre."},"content":{"rendered":"\n<p class=\"wp-block-paragraph\">Vos enfants aiment partir en vacances ? Ils aiment faire des activit\u00e9s physiques ? Vous voulez qu&rsquo;ils d\u00e9couvrent un lieu qu&rsquo;ils ne connaissent pas dans un cadre agr\u00e9able? C&rsquo;est le moment de les inscrire \u00e0 ce s\u00e9jour de Sport Adapt\u00e9 initi\u00e9 par Zo\u00e9. Vos enfants seront encadr\u00e9s par deux accompagnantes, Kelly et Zo\u00e9, dynamiques, sp\u00e9cialis\u00e9es dans le sport pour les personnes en situation de handicap.<\/p>\n\n\n\n<p class=\"wp-block-paragraph\">Le s\u00e9jour aura lieu du 27 au 30 octobre au refuge du <a href=\"http:\/\/Au c\u0153ur du Parc Naturel R\u00e9gional des Ballons des Vosges\">Sotr\u00e9<\/a>, au c\u0153ur du Parc Naturel R\u00e9gional des Ballons des Vosges. Les enfants seront en pension compl\u00e8te, les repas seront pris au refuge.<\/p>\n\n\n\n<p class=\"wp-block-paragraph\">Ce s\u00e9jour s&rsquo;adresse aux enfants entre 8 et 13 ans, r\u00e9sidents en Moselle. L&rsquo;objectif de ce s\u00e9jour est de promouvoir les activit\u00e9s sportives pour les enfants en situation de handicap mental et\/ou psychique, favoriser leur autonomie et leur bien-\u00eatre ainsi que leur sant\u00e9 physique et la d\u00e9couverte d&rsquo;un autre cadre de vie. Ce s\u00e9jour en pleine nature leur permettra aussi de rompre avec leurs habitudes. Le transport se fera en minibus 9 personnes, le groupe sera constitu\u00e9 de 7 enfants. Le point de d\u00e9part vous sera communiqu\u00e9 ult\u00e9rieurement.<\/p>\n\n\n\n<figure class=\"wp-block-image size-large\"><img loading=\"lazy\" decoding=\"async\" width=\"1024\" height=\"768\" src=\"http:\/\/cdsportadapte57.fr\/wp-content\/uploads\/2020\/04\/084-1-1024x768.jpg\" alt=\"\" class=\"wp-image-1844\" srcset=\"https:\/\/cdsportadapte57.fr\/wp-content\/uploads\/2020\/04\/084-1-1024x768.jpg 1024w, https:\/\/cdsportadapte57.fr\/wp-content\/uploads\/2020\/04\/084-1-300x225.jpg 300w, https:\/\/cdsportadapte57.fr\/wp-content\/uploads\/2020\/04\/084-1-768x576.jpg 768w, https:\/\/cdsportadapte57.fr\/wp-content\/uploads\/2020\/04\/084-1.jpg 1280w\" sizes=\"auto, (max-width: 1024px) 100vw, 1024px\" \/><\/figure>\n\n\n\n<p class=\"has-text-align-left wp-block-paragraph\">Le programme est riche et vari\u00e9 : <\/p>\n\n\n\n<p class=\"wp-block-paragraph\"> -Balades au sommet du\u00a0<a rel=\"noreferrer noopener\" href=\"https:\/\/www.labresse.net\/le-hohneck.html\" target=\"_blank\">Hohneck<\/a>, au col du Falimont, autour du Lac de Longemer&#8230;\u00a0<\/p>\n\n\n\n<p class=\"wp-block-paragraph\">&#8211; Sport Adapt\u00e9 : Golf, carabine laser, parcours moteur, boccia&#8230;<\/p>\n\n\n\n<p class=\"wp-block-paragraph\">-Activit\u00e9s relaxantes avec contes, petits jeux, snoezelen, et spectacle r\u00e9alis\u00e9 par les animateurs.<\/p>\n\n\n\n<p class=\"has-text-align-left wp-block-paragraph\"><\/p>\n\n\n\n<figure class=\"wp-block-embed-youtube wp-block-embed is-type-video is-provider-youtube wp-embed-aspect-16-9 wp-has-aspect-ratio\"><div class=\"wp-block-embed__wrapper\">\n<span class=\"embed-youtube\" style=\"text-align:center; display: block;\"><iframe loading=\"lazy\" class=\"youtube-player\" width=\"1110\" height=\"625\" src=\"https:\/\/www.youtube.com\/embed\/gn5waL0yYH8?version=3&#038;rel=1&#038;showsearch=0&#038;showinfo=1&#038;iv_load_policy=1&#038;fs=1&#038;hl=fr-FR&#038;autohide=2&#038;wmode=transparent\" allowfullscreen=\"true\" style=\"border:0;\" sandbox=\"allow-scripts allow-same-origin allow-popups allow-presentation allow-popups-to-escape-sandbox\"><\/iframe><\/span>\n<\/div><\/figure>\n\n\n\n<p class=\"wp-block-paragraph\">Le s\u00e9jour comprend : les repas (petit-d\u00e9jeuner, d\u00e9jeuner, gouter, diner), l&rsquo;h\u00e9bergement au gite du Sotr\u00e9, le transport AR d&rsquo;un lieu de rassemblement autour de Metz (\u00e0 d\u00e9finir), l&rsquo;ensemble des activit\u00e9s, l&rsquo;assurance pour un co\u00fbt estim\u00e9 \u00e0 200 \u20ac maximum par enfant.<\/p>\n\n\n\n<p class=\"wp-block-paragraph\">Pour inscrire votre enfant ou pour tout renseignement contact@cdsportadapte57.fr<\/p>\n\n\n\n<p class=\"wp-block-paragraph\">L&rsquo;<a href=\"http:\/\/www.ancv.com\/\">ANCV<\/a> est partenaire de ce projet <\/p>\n\n\n\n<figure class=\"wp-block-image size-large\"><img loading=\"lazy\" decoding=\"async\" width=\"512\" height=\"338\" src=\"http:\/\/cdsportadapte57.fr\/wp-content\/uploads\/2020\/04\/ancv.png\" alt=\"\" class=\"wp-image-1843\" srcset=\"https:\/\/cdsportadapte57.fr\/wp-content\/uploads\/2020\/04\/ancv.png 512w, https:\/\/cdsportadapte57.fr\/wp-content\/uploads\/2020\/04\/ancv-300x198.png 300w\" sizes=\"auto, (max-width: 512px) 100vw, 512px\" \/><\/figure>\n","protected":false},"excerpt":{"rendered":"<p>Vos enfants aiment partir en vacances ? Ils aiment faire des activit\u00e9s physiques ? Vous voulez qu&rsquo;ils d\u00e9couvrent un lieu qu&rsquo;ils ne connaissent pas dans un cadre agr\u00e9able? C&rsquo;est le&hellip; <\/p>\n","protected":false},"author":16,"featured_media":1844,"comment_status":"open","ping_status":"open","sticky":false,"template":"","format":"standard","meta":{"_crdt_document":"","jetpack_post_was_ever_published":false,"_jetpack_newsletter_access":"","_jetpack_dont_email_post_to_subs":false,"_jetpack_newsletter_tier_id":0,"_jetpack_memberships_contains_paywalled_content":false,"_jetpack_memberships_contains_paid_content":false,"footnotes":"","jetpack_publicize_message":"","jetpack_publicize_feature_enabled":true,"jetpack_social_post_already_shared":true,"jetpack_social_options":{"image_generator_settings":{"template":"highway","default_image_id":0,"font":"","enabled":false},"version":2}},"categories":[9,1,6],"tags":[38,39],"class_list":["post-1835","post","type-post","status-publish","format-standard","has-post-thumbnail","hentry","category-le-comite-de-sport-adapte-57","category-non-classe","category-nos-manifestations","tag-sejouradapte","tag-refuge-du-sotre"],"jetpack_publicize_connections":[],"jetpack_featured_media_url":"https:\/\/cdsportadapte57.fr\/wp-content\/uploads\/2020\/04\/084-1.jpg","jetpack_sharing_enabled":true,"jetpack_shortlink":"https:\/\/wp.me\/pasBZt-tB","_links":{"self":[{"href":"https:\/\/cdsportadapte57.fr\/index.php?rest_route=\/wp\/v2\/posts\/1835","targetHints":{"allow":["GET"]}}],"collection":[{"href":"https:\/\/cdsportadapte57.fr\/index.php?rest_route=\/wp\/v2\/posts"}],"about":[{"href":"https:\/\/cdsportadapte57.fr\/index.php?rest_route=\/wp\/v2\/types\/post"}],"author":[{"embeddable":true,"href":"https:\/\/cdsportadapte57.fr\/index.php?rest_route=\/wp\/v2\/users\/16"}],"replies":[{"embeddable":true,"href":"https:\/\/cdsportadapte57.fr\/index.php?rest_route=%2Fwp%2Fv2%2Fcomments&post=1835"}],"version-history":[{"count":11,"href":"https:\/\/cdsportadapte57.fr\/index.php?rest_route=\/wp\/v2\/posts\/1835\/revisions"}],"predecessor-version":[{"id":1848,"href":"https:\/\/cdsportadapte57.fr\/index.php?rest_route=\/wp\/v2\/posts\/1835\/revisions\/1848"}],"wp:featuredmedia":[{"embeddable":true,"href":"https:\/\/cdsportadapte57.fr\/index.php?rest_route=\/wp\/v2\/media\/1844"}],"wp:attachment":[{"href":"https:\/\/cdsportadapte57.fr\/index.php?rest_route=%2Fwp%2Fv2%2Fmedia&parent=1835"}],"wp:term":[{"taxonomy":"category","embeddable":true,"href":"https:\/\/cdsportadapte57.fr\/index.php?rest_route=%2Fwp%2Fv2%2Fcategories&post=1835"},{"taxonomy":"post_tag","embeddable":true,"href":"https:\/\/cdsportadapte57.fr\/index.php?rest_route=%2Fwp%2Fv2%2Ftags&post=1835"}],"curies":[{"name":"wp","href":"https:\/\/api.w.org\/{rel}","templated":true}]}}