{"id":1784,"date":"2020-03-09T14:58:36","date_gmt":"2020-03-09T13:58:36","guid":{"rendered":"http:\/\/cdsportadapte57.fr\/?p=1784"},"modified":"2020-03-09T14:58:40","modified_gmt":"2020-03-09T13:58:40","slug":"3-journees-de-sensibilisation-au-handicap-au-lycee-louis-bertrand-de-briey","status":"publish","type":"post","link":"https:\/\/cdsportadapte57.fr\/?p=1784","title":{"rendered":"3 journ\u00e9es de sensibilisation au handicap au lyc\u00e9e Louis Bertrand de Briey"},"content":{"rendered":"\n<p class=\"wp-block-paragraph\">Derni\u00e8re ligne droite avant la concr\u00e9tisation d&rsquo;un beau projet initi\u00e9 par le CESC (Comit\u00e9 Education Sant\u00e9 Citoyennet\u00e9) du Lyc\u00e9e Louis Bertrand : sensibiliser les lyc\u00e9ens au handicap mental et\/ou psychique en participant \u00e0 des ateliers mis en place par le CDSA57 et encadr\u00e9s par des professeurs du Lyc\u00e9e, des AVS,&#8230;.<\/p>\n\n\n\n<p class=\"wp-block-paragraph\">Gr\u00e2ce \u00e0 la collaboration entre diff\u00e9rents intervenants du lyc\u00e9e,Monsieur Valsesia professeur d&rsquo;EPS, Madame Bischoff professeur ST2S, Monsieur Aguerresche \u00e9ducateur sportif \u00e0 l&rsquo;IME \u00ab\u00a0Les Orchid\u00e9es\u00a0\u00bb (\u00e9tablissement de l&rsquo;AEIM), et Monsieur Morainville Pr\u00e9sident du CDSA57, ce projet s&rsquo;est construit petit \u00e0 petit. Les 6, 8, 9 avril le lyc\u00e9e Louis Bertrand accueillera cette premi\u00e8re manifestation de sensibilisation au handicap. Une manifestation port\u00e9e par de nombreux enseignants du lyc\u00e9e, les AVS et les \u00e9l\u00e8ves de ST2S, une forte mobilisation autour de ce projet.<\/p>\n\n\n\n<figure class=\"wp-block-image size-large\"><img loading=\"lazy\" decoding=\"async\" width=\"1024\" height=\"768\" src=\"http:\/\/cdsportadapte57.fr\/wp-content\/uploads\/2020\/03\/DSCN1415-1024x768.jpg\" alt=\"\" class=\"wp-image-1791\" srcset=\"https:\/\/cdsportadapte57.fr\/wp-content\/uploads\/2020\/03\/DSCN1415-1024x768.jpg 1024w, https:\/\/cdsportadapte57.fr\/wp-content\/uploads\/2020\/03\/DSCN1415-300x225.jpg 300w, https:\/\/cdsportadapte57.fr\/wp-content\/uploads\/2020\/03\/DSCN1415-768x576.jpg 768w, https:\/\/cdsportadapte57.fr\/wp-content\/uploads\/2020\/03\/DSCN1415-1536x1152.jpg 1536w, https:\/\/cdsportadapte57.fr\/wp-content\/uploads\/2020\/03\/DSCN1415-2048x1536.jpg 2048w, https:\/\/cdsportadapte57.fr\/wp-content\/uploads\/2020\/03\/DSCN1415-1320x990.jpg 1320w\" sizes=\"auto, (max-width: 1024px) 100vw, 1024px\" \/><\/figure>\n\n\n\n<figure class=\"wp-block-image size-large\"><img loading=\"lazy\" decoding=\"async\" width=\"1024\" height=\"768\" src=\"http:\/\/cdsportadapte57.fr\/wp-content\/uploads\/2020\/03\/DSCN1413-1024x768.jpg\" alt=\"\" class=\"wp-image-1792\" srcset=\"https:\/\/cdsportadapte57.fr\/wp-content\/uploads\/2020\/03\/DSCN1413-1024x768.jpg 1024w, https:\/\/cdsportadapte57.fr\/wp-content\/uploads\/2020\/03\/DSCN1413-300x225.jpg 300w, https:\/\/cdsportadapte57.fr\/wp-content\/uploads\/2020\/03\/DSCN1413-768x576.jpg 768w, https:\/\/cdsportadapte57.fr\/wp-content\/uploads\/2020\/03\/DSCN1413-1536x1152.jpg 1536w, https:\/\/cdsportadapte57.fr\/wp-content\/uploads\/2020\/03\/DSCN1413-2048x1536.jpg 2048w, https:\/\/cdsportadapte57.fr\/wp-content\/uploads\/2020\/03\/DSCN1413-1320x990.jpg 1320w\" sizes=\"auto, (max-width: 1024px) 100vw, 1024px\" \/><\/figure>\n\n\n\n<p class=\"wp-block-paragraph\">Nous installerons seize ateliers diff\u00e9rents et tr\u00e8s diversifi\u00e9s ( parcours sensoriel, parcours moteur, tennis de table, sarbacane,boccia, golf,&#8230;.). Les lyc\u00e9ens viendront en groupe et seront dirig\u00e9s vers des ateliers, et des rotations leur permettront de tester plusieurs activit\u00e9s. Dans ces groupes de lyc\u00e9ens seront int\u00e9gr\u00e9s des enfants de l&rsquo;IME ainsi que des travailleurs des Esat de l&rsquo;AEIM.<\/p>\n\n\n\n<p class=\"wp-block-paragraph\">Environ 900 lyc\u00e9ens, enfants de l&rsquo;IME et travailleurs des Esat participeront \u00e0 cette manifestation.<\/p>\n\n\n\n<p class=\"wp-block-paragraph\"><strong><em>Sensibilisation au handicap, Int\u00e9gration, Inclusion<\/em><\/strong> sont les ma\u00eetres-mots de ces journ\u00e9es initi\u00e9es par le CESC du Lyc\u00e9e Louis Bertrand de Briey, bravo \u00e0 eux pour ce projet si porteur de sens et engag\u00e9 dans la cause du handicap.<\/p>\n\n\n\n<p class=\"wp-block-paragraph\"><\/p>\n\n\n","protected":false},"excerpt":{"rendered":"<p>Derni\u00e8re ligne droite avant la concr\u00e9tisation d&rsquo;un beau projet initi\u00e9 par le CESC (Comit\u00e9 Education Sant\u00e9 Citoyennet\u00e9) du Lyc\u00e9e Louis Bertrand : sensibiliser les lyc\u00e9ens au handicap mental et\/ou psychique&hellip; <\/p>\n","protected":false},"author":16,"featured_media":1791,"comment_status":"open","ping_status":"open","sticky":false,"template":"","format":"standard","meta":{"_crdt_document":"","jetpack_post_was_ever_published":false,"_jetpack_newsletter_access":"","_jetpack_dont_email_post_to_subs":false,"_jetpack_newsletter_tier_id":0,"_jetpack_memberships_contains_paywalled_content":false,"_jetpack_memberships_contains_paid_content":false,"footnotes":"","jetpack_publicize_message":"","jetpack_publicize_feature_enabled":true,"jetpack_social_post_already_shared":true,"jetpack_social_options":{"image_generator_settings":{"template":"highway","default_image_id":0,"font":"","enabled":false},"version":2}},"categories":[1,6],"tags":[36,37],"class_list":["post-1784","post","type-post","status-publish","format-standard","has-post-thumbnail","hentry","category-non-classe","category-nos-manifestations","tag-aeim","tag-lycee-louis-bertrand"],"jetpack_publicize_connections":[],"jetpack_featured_media_url":"https:\/\/cdsportadapte57.fr\/wp-content\/uploads\/2020\/03\/DSCN1415-scaled.jpg","jetpack_sharing_enabled":true,"jetpack_shortlink":"https:\/\/wp.me\/pasBZt-sM","_links":{"self":[{"href":"https:\/\/cdsportadapte57.fr\/index.php?rest_route=\/wp\/v2\/posts\/1784","targetHints":{"allow":["GET"]}}],"collection":[{"href":"https:\/\/cdsportadapte57.fr\/index.php?rest_route=\/wp\/v2\/posts"}],"about":[{"href":"https:\/\/cdsportadapte57.fr\/index.php?rest_route=\/wp\/v2\/types\/post"}],"author":[{"embeddable":true,"href":"https:\/\/cdsportadapte57.fr\/index.php?rest_route=\/wp\/v2\/users\/16"}],"replies":[{"embeddable":true,"href":"https:\/\/cdsportadapte57.fr\/index.php?rest_route=%2Fwp%2Fv2%2Fcomments&post=1784"}],"version-history":[{"count":10,"href":"https:\/\/cdsportadapte57.fr\/index.php?rest_route=\/wp\/v2\/posts\/1784\/revisions"}],"predecessor-version":[{"id":1796,"href":"https:\/\/cdsportadapte57.fr\/index.php?rest_route=\/wp\/v2\/posts\/1784\/revisions\/1796"}],"wp:featuredmedia":[{"embeddable":true,"href":"https:\/\/cdsportadapte57.fr\/index.php?rest_route=\/wp\/v2\/media\/1791"}],"wp:attachment":[{"href":"https:\/\/cdsportadapte57.fr\/index.php?rest_route=%2Fwp%2Fv2%2Fmedia&parent=1784"}],"wp:term":[{"taxonomy":"category","embeddable":true,"href":"https:\/\/cdsportadapte57.fr\/index.php?rest_route=%2Fwp%2Fv2%2Fcategories&post=1784"},{"taxonomy":"post_tag","embeddable":true,"href":"https:\/\/cdsportadapte57.fr\/index.php?rest_route=%2Fwp%2Fv2%2Ftags&post=1784"}],"curies":[{"name":"wp","href":"https:\/\/api.w.org\/{rel}","templated":true}]}}