{"id":1665,"date":"2020-02-13T15:02:14","date_gmt":"2020-02-13T14:02:14","guid":{"rendered":"http:\/\/cdsportadapte57.fr\/?p=1665"},"modified":"2020-02-13T15:02:17","modified_gmt":"2020-02-13T14:02:17","slug":"merci-au-kayak-club-de-metz","status":"publish","type":"post","link":"https:\/\/cdsportadapte57.fr\/?p=1665","title":{"rendered":"Merci au Kayak-Club de Metz"},"content":{"rendered":"\n<p class=\"wp-block-paragraph\">En juillet le championnat de France de Kayak avait lieu \u00e0 l&rsquo;ile du Saulcy. Le Kayak Club de Metz nous avait alors invit\u00e9 pour une journ\u00e9e d\u00e9couverte Kayak et Raft. Cette manifestation, co-organis\u00e9e par le CDSA57 et le Kayak-Club de Metz avait remport\u00e9 un vif succ\u00e8s pour les participants issus des diff\u00e9rents \u00e9tablissements m\u00e9dico-sociaux de Moselle, l&rsquo;article est<a href=\"http:\/\/cdsportadapte57.fr\/?p=940\"> ici.<\/a> <\/p>\n\n\n\n<p class=\"wp-block-paragraph\">Associer et int\u00e9grer  des personnes en situation de handicap mental ou psychique lors du Championnat de Slalom \u00e9tait vraiment une initiative que le Comit\u00e9 de Sport Adapt\u00e9 avait appr\u00e9ci\u00e9, un bel exemple d&rsquo;int\u00e9gration  des personnes handicap\u00e9es mentales ou psychiques dans le sport.<\/p>\n\n\n\n<p class=\"wp-block-paragraph\">Lors du Championnat, une tombola avait \u00e9t\u00e9 organis\u00e9e, le Kayak Club de Metz offrait 0, 50 cts par billet vendu au CDSA57 mais aussi 0.50 cts \u00e0 Enfants Cancers Sant\u00e9 Grand Est. Lors de l&rsquo;Assembl\u00e9e G\u00e9n\u00e9rale, Monsieur Morainville, pr\u00e9sident du CDSA57 s&rsquo;est vu remettre un ch\u00e8que de 650 \u20ac au profit du Comit\u00e9 de Sport Adapt\u00e9.<\/p>\n\n\n\n<p class=\"wp-block-paragraph\">Quel beau message que de voir  des jeunes sportifs penser \u00e0 ceux qui n&rsquo;ont pas la chance de pouvoir pratiquer du sport, que ce soit les enfants malades du cancer ou les personnes en situation de handicap mental ou psychique !<\/p>\n\n\n\n<p class=\"wp-block-paragraph\">Nous remercions chaleureusement le Pr\u00e9sident du Kayak-Club, Monsieur Florient Tagnon ainsi que l&rsquo;ensemble du Comit\u00e9 pour ce don, ainsi que Florient et Baptiste pour leur encadrement, leur bonne humeur lors de la manifestation de juillet.<\/p>\n\n\n\n<figure class=\"wp-block-image size-large\"><img loading=\"lazy\" decoding=\"async\" width=\"1024\" height=\"768\" src=\"http:\/\/cdsportadapte57.fr\/wp-content\/uploads\/2020\/02\/IMG-20200201-180521-1-1024x768.jpg\" alt=\"\" class=\"wp-image-1677\" srcset=\"https:\/\/cdsportadapte57.fr\/wp-content\/uploads\/2020\/02\/IMG-20200201-180521-1-1024x768.jpg 1024w, https:\/\/cdsportadapte57.fr\/wp-content\/uploads\/2020\/02\/IMG-20200201-180521-1-300x225.jpg 300w, https:\/\/cdsportadapte57.fr\/wp-content\/uploads\/2020\/02\/IMG-20200201-180521-1-768x576.jpg 768w, https:\/\/cdsportadapte57.fr\/wp-content\/uploads\/2020\/02\/IMG-20200201-180521-1-1536x1152.jpg 1536w, https:\/\/cdsportadapte57.fr\/wp-content\/uploads\/2020\/02\/IMG-20200201-180521-1-2048x1536.jpg 2048w, https:\/\/cdsportadapte57.fr\/wp-content\/uploads\/2020\/02\/IMG-20200201-180521-1-1320x990.jpg 1320w\" sizes=\"auto, (max-width: 1024px) 100vw, 1024px\" \/><\/figure>\n\n\n\n<p class=\"wp-block-paragraph\"><strong><em>Donner, recevoir, partager : ces vertus fondamentales du sportif sont de toutes les modes, de toutes les \u00e9poques. Elles sont le sport<\/em><\/strong>. <strong>Aim\u00e9 Jacquet<\/strong><\/p>\n\n\n\n<p class=\"wp-block-paragraph\"><\/p>\n","protected":false},"excerpt":{"rendered":"<p>En juillet le championnat de France de Kayak avait lieu \u00e0 l&rsquo;ile du Saulcy. Le Kayak Club de Metz nous avait alors invit\u00e9 pour une journ\u00e9e d\u00e9couverte Kayak et Raft.&hellip; <\/p>\n","protected":false},"author":16,"featured_media":1677,"comment_status":"open","ping_status":"open","sticky":false,"template":"","format":"standard","meta":{"_crdt_document":"","jetpack_post_was_ever_published":false,"_jetpack_newsletter_access":"","_jetpack_dont_email_post_to_subs":false,"_jetpack_newsletter_tier_id":0,"_jetpack_memberships_contains_paywalled_content":false,"_jetpack_memberships_contains_paid_content":false,"footnotes":"","jetpack_publicize_message":"","jetpack_publicize_feature_enabled":true,"jetpack_social_post_already_shared":true,"jetpack_social_options":{"image_generator_settings":{"template":"highway","default_image_id":0,"font":"","enabled":false},"version":2}},"categories":[9,1],"tags":[],"class_list":["post-1665","post","type-post","status-publish","format-standard","has-post-thumbnail","hentry","category-le-comite-de-sport-adapte-57","category-non-classe"],"jetpack_publicize_connections":[],"jetpack_featured_media_url":"https:\/\/cdsportadapte57.fr\/wp-content\/uploads\/2020\/02\/IMG-20200201-180521-1-scaled.jpg","jetpack_sharing_enabled":true,"jetpack_shortlink":"https:\/\/wp.me\/pasBZt-qR","_links":{"self":[{"href":"https:\/\/cdsportadapte57.fr\/index.php?rest_route=\/wp\/v2\/posts\/1665","targetHints":{"allow":["GET"]}}],"collection":[{"href":"https:\/\/cdsportadapte57.fr\/index.php?rest_route=\/wp\/v2\/posts"}],"about":[{"href":"https:\/\/cdsportadapte57.fr\/index.php?rest_route=\/wp\/v2\/types\/post"}],"author":[{"embeddable":true,"href":"https:\/\/cdsportadapte57.fr\/index.php?rest_route=\/wp\/v2\/users\/16"}],"replies":[{"embeddable":true,"href":"https:\/\/cdsportadapte57.fr\/index.php?rest_route=%2Fwp%2Fv2%2Fcomments&post=1665"}],"version-history":[{"count":10,"href":"https:\/\/cdsportadapte57.fr\/index.php?rest_route=\/wp\/v2\/posts\/1665\/revisions"}],"predecessor-version":[{"id":1678,"href":"https:\/\/cdsportadapte57.fr\/index.php?rest_route=\/wp\/v2\/posts\/1665\/revisions\/1678"}],"wp:featuredmedia":[{"embeddable":true,"href":"https:\/\/cdsportadapte57.fr\/index.php?rest_route=\/wp\/v2\/media\/1677"}],"wp:attachment":[{"href":"https:\/\/cdsportadapte57.fr\/index.php?rest_route=%2Fwp%2Fv2%2Fmedia&parent=1665"}],"wp:term":[{"taxonomy":"category","embeddable":true,"href":"https:\/\/cdsportadapte57.fr\/index.php?rest_route=%2Fwp%2Fv2%2Fcategories&post=1665"},{"taxonomy":"post_tag","embeddable":true,"href":"https:\/\/cdsportadapte57.fr\/index.php?rest_route=%2Fwp%2Fv2%2Ftags&post=1665"}],"curies":[{"name":"wp","href":"https:\/\/api.w.org\/{rel}","templated":true}]}}