{"id":1431,"date":"2019-12-10T15:56:51","date_gmt":"2019-12-10T14:56:51","guid":{"rendered":"http:\/\/cdsportadapte57.fr\/?p=1431"},"modified":"2019-12-10T16:22:47","modified_gmt":"2019-12-10T15:22:47","slug":"reportage-de-tv8-moselle-est-sur-la-journee-inter-cmp-de-freyming-merlebach-2","status":"publish","type":"post","link":"https:\/\/cdsportadapte57.fr\/?p=1431","title":{"rendered":"Reportage de TV8 Moselle-Est sur la journ\u00e9e Inter-CMP de Freyming-Merlebach"},"content":{"rendered":"\n<p class=\"wp-block-paragraph\">Lors de la manifestation Inter-CMP \u00e0 Freyming-Merlebach, TV8, cha\u00eene de t\u00e9l\u00e9vision locale de Moselle-Est nous a fait le plaisir de tourner un reportage sur cette journ\u00e9e .Vous pouvez la d\u00e9couvrir ci-dessous. Merci \u00e0 eux de s&rsquo;\u00eatre d\u00e9plac\u00e9s et d&rsquo;avoir diffus\u00e9 ce reportage.<\/p>\n\n\n\n<figure class=\"wp-block-embed-facebook wp-block-embed is-type-video is-provider-facebook\"><div class=\"wp-block-embed__wrapper\">\n<div class=\"fb-video\" data-allowfullscreen=\"true\" data-href=\"https:\/\/www.facebook.com\/tv8.moselle.est\/videos\/721125628299831\/\" style=\"background-color: #fff; display: inline-block;\"><\/div>\n<\/div><\/figure>\n","protected":false},"excerpt":{"rendered":"<p>Lors de la manifestation Inter-CMP \u00e0 Freyming-Merlebach, TV8, cha\u00eene de t\u00e9l\u00e9vision locale de Moselle-Est nous a fait le plaisir de tourner un reportage sur cette journ\u00e9e .Vous pouvez la d\u00e9couvrir&hellip; <\/p>\n","protected":false},"author":16,"featured_media":1463,"comment_status":"open","ping_status":"open","sticky":false,"template":"","format":"standard","meta":{"_crdt_document":"","jetpack_post_was_ever_published":false,"_jetpack_newsletter_access":"","_jetpack_dont_email_post_to_subs":false,"_jetpack_newsletter_tier_id":0,"_jetpack_memberships_contains_paywalled_content":false,"_jetpack_memberships_contains_paid_content":false,"footnotes":"","jetpack_publicize_message":"","jetpack_publicize_feature_enabled":true,"jetpack_social_post_already_shared":true,"jetpack_social_options":{"image_generator_settings":{"template":"highway","default_image_id":0,"font":"","enabled":false},"version":2}},"categories":[1,6],"tags":[],"class_list":["post-1431","post","type-post","status-publish","format-standard","has-post-thumbnail","hentry","category-non-classe","category-nos-manifestations"],"jetpack_publicize_connections":[],"jetpack_featured_media_url":"https:\/\/cdsportadapte57.fr\/wp-content\/uploads\/2019\/12\/image0000091_01.jpg","jetpack_sharing_enabled":true,"jetpack_shortlink":"https:\/\/wp.me\/pasBZt-n5","_links":{"self":[{"href":"https:\/\/cdsportadapte57.fr\/index.php?rest_route=\/wp\/v2\/posts\/1431","targetHints":{"allow":["GET"]}}],"collection":[{"href":"https:\/\/cdsportadapte57.fr\/index.php?rest_route=\/wp\/v2\/posts"}],"about":[{"href":"https:\/\/cdsportadapte57.fr\/index.php?rest_route=\/wp\/v2\/types\/post"}],"author":[{"embeddable":true,"href":"https:\/\/cdsportadapte57.fr\/index.php?rest_route=\/wp\/v2\/users\/16"}],"replies":[{"embeddable":true,"href":"https:\/\/cdsportadapte57.fr\/index.php?rest_route=%2Fwp%2Fv2%2Fcomments&post=1431"}],"version-history":[{"count":2,"href":"https:\/\/cdsportadapte57.fr\/index.php?rest_route=\/wp\/v2\/posts\/1431\/revisions"}],"predecessor-version":[{"id":1442,"href":"https:\/\/cdsportadapte57.fr\/index.php?rest_route=\/wp\/v2\/posts\/1431\/revisions\/1442"}],"wp:featuredmedia":[{"embeddable":true,"href":"https:\/\/cdsportadapte57.fr\/index.php?rest_route=\/wp\/v2\/media\/1463"}],"wp:attachment":[{"href":"https:\/\/cdsportadapte57.fr\/index.php?rest_route=%2Fwp%2Fv2%2Fmedia&parent=1431"}],"wp:term":[{"taxonomy":"category","embeddable":true,"href":"https:\/\/cdsportadapte57.fr\/index.php?rest_route=%2Fwp%2Fv2%2Fcategories&post=1431"},{"taxonomy":"post_tag","embeddable":true,"href":"https:\/\/cdsportadapte57.fr\/index.php?rest_route=%2Fwp%2Fv2%2Ftags&post=1431"}],"curies":[{"name":"wp","href":"https:\/\/api.w.org\/{rel}","templated":true}]}}