{"id":1312,"date":"2019-11-14T13:41:33","date_gmt":"2019-11-14T12:41:33","guid":{"rendered":"http:\/\/cdsportadapte57.fr\/?p=1312"},"modified":"2019-11-14T13:41:35","modified_gmt":"2019-11-14T12:41:35","slug":"presence-du-cdsa57-les-25-et-26-novembre-au-festival-international-du-film-sur-le-handicap-a-sarreguemines","status":"publish","type":"post","link":"https:\/\/cdsportadapte57.fr\/?p=1312","title":{"rendered":"Pr\u00e9sence du CDSA57 les 25 et 26 novembre au Festival International du Film sur le Handicap \u00e0 Sarreguemines."},"content":{"rendered":"\n<p class=\"wp-block-paragraph\">Du 18 au 30 Novembre la ville de Sarreguemines organise le Festival International du Film sur le Handicap avec des journ\u00e9es de sensibilisation au handicap. De nombreuses manifestations sont pr\u00e9vues (programme ci-dessous), nous serons pr\u00e9sents les 25 et 26 novembre \u00e0 Sarreguemines, de 9 Heures \u00e0 16 heures, l&rsquo;occasion de sensibiliser au handicap par le sport. Des groupes d&rsquo;\u00e9l\u00e8ves de CM2 et des coll\u00e9giens de 6\u00e9me pourront ainsi participer \u00e0 nos diff\u00e9rents ateliers (tir \u00e0 l&rsquo;arc, golf, pool ball, \u2026). <\/p>\n\n\n\n<p class=\"wp-block-paragraph\">Un beau projet \u00a0\u00bb <em><strong>Des regards diff\u00e9rents<\/strong><\/em>\u00ab\u00a0pour sensibiliser au handicap enfants et grand public \u00e0 travers des projections de films, des rencontres, du sport, des conf\u00e9rences, des activit\u00e9s ludiques.<\/p>\n\n\n\n<p class=\"wp-block-paragraph\"><\/p>\n\n\n\n<figure class=\"wp-block-image\"><img loading=\"lazy\" decoding=\"async\" width=\"683\" height=\"966\" src=\"http:\/\/cdsportadapte57.fr\/wp-content\/uploads\/2019\/11\/Sarre-1.jpg\" alt=\"\" class=\"wp-image-1313\" srcset=\"https:\/\/cdsportadapte57.fr\/wp-content\/uploads\/2019\/11\/Sarre-1.jpg 683w, https:\/\/cdsportadapte57.fr\/wp-content\/uploads\/2019\/11\/Sarre-1-212x300.jpg 212w\" sizes=\"auto, (max-width: 683px) 100vw, 683px\" \/><\/figure>\n\n\n\n<p class=\"wp-block-paragraph\" style=\"text-align:center\"><strong>LE PROJET<\/strong><\/p>\n\n\n\n<ul class=\"wp-block-gallery columns-1 is-cropped wp-block-gallery-1 is-layout-flex wp-block-gallery-is-layout-flex\"><li class=\"blocks-gallery-item\"><figure><img loading=\"lazy\" decoding=\"async\" width=\"724\" height=\"1024\" src=\"http:\/\/cdsportadapte57.fr\/wp-content\/uploads\/2019\/11\/SA2-724x1024.jpeg\" alt=\"\" data-id=\"1314\" data-link=\"http:\/\/cdsportadapte57.fr\/?attachment_id=1314\" class=\"wp-image-1314\" srcset=\"https:\/\/cdsportadapte57.fr\/wp-content\/uploads\/2019\/11\/SA2-724x1024.jpeg 724w, https:\/\/cdsportadapte57.fr\/wp-content\/uploads\/2019\/11\/SA2-212x300.jpeg 212w, https:\/\/cdsportadapte57.fr\/wp-content\/uploads\/2019\/11\/SA2-768x1087.jpeg 768w, https:\/\/cdsportadapte57.fr\/wp-content\/uploads\/2019\/11\/SA2.jpeg 1169w\" sizes=\"auto, (max-width: 724px) 100vw, 724px\" \/><\/figure><\/li><\/ul>\n\n\n\n<p class=\"wp-block-paragraph\" style=\"text-align:center\"><strong>LE PROGRAMME<\/strong><\/p>\n\n\n\n<figure class=\"wp-block-image\"><img loading=\"lazy\" decoding=\"async\" width=\"724\" height=\"1024\" src=\"http:\/\/cdsportadapte57.fr\/wp-content\/uploads\/2019\/11\/SA3-1-724x1024.jpeg\" alt=\"\" class=\"wp-image-1327\" srcset=\"https:\/\/cdsportadapte57.fr\/wp-content\/uploads\/2019\/11\/SA3-1-724x1024.jpeg 724w, https:\/\/cdsportadapte57.fr\/wp-content\/uploads\/2019\/11\/SA3-1-212x300.jpeg 212w, https:\/\/cdsportadapte57.fr\/wp-content\/uploads\/2019\/11\/SA3-1-768x1087.jpeg 768w, https:\/\/cdsportadapte57.fr\/wp-content\/uploads\/2019\/11\/SA3-1.jpeg 1169w\" sizes=\"auto, (max-width: 724px) 100vw, 724px\" \/><\/figure>\n\n\n\n<figure class=\"wp-block-image\"><img loading=\"lazy\" decoding=\"async\" width=\"724\" height=\"1024\" src=\"http:\/\/cdsportadapte57.fr\/wp-content\/uploads\/2019\/11\/SA4-1-724x1024.jpeg\" alt=\"\" class=\"wp-image-1328\" srcset=\"https:\/\/cdsportadapte57.fr\/wp-content\/uploads\/2019\/11\/SA4-1-724x1024.jpeg 724w, https:\/\/cdsportadapte57.fr\/wp-content\/uploads\/2019\/11\/SA4-1-212x300.jpeg 212w, https:\/\/cdsportadapte57.fr\/wp-content\/uploads\/2019\/11\/SA4-1-768x1087.jpeg 768w, https:\/\/cdsportadapte57.fr\/wp-content\/uploads\/2019\/11\/SA4-1.jpeg 1169w\" sizes=\"auto, (max-width: 724px) 100vw, 724px\" \/><\/figure>\n\n\n\n<figure class=\"wp-block-image\"><img loading=\"lazy\" decoding=\"async\" width=\"724\" height=\"1024\" src=\"http:\/\/cdsportadapte57.fr\/wp-content\/uploads\/2019\/11\/SA5-1-724x1024.jpeg\" alt=\"\" class=\"wp-image-1329\" srcset=\"https:\/\/cdsportadapte57.fr\/wp-content\/uploads\/2019\/11\/SA5-1-724x1024.jpeg 724w, https:\/\/cdsportadapte57.fr\/wp-content\/uploads\/2019\/11\/SA5-1-212x300.jpeg 212w, https:\/\/cdsportadapte57.fr\/wp-content\/uploads\/2019\/11\/SA5-1-768x1087.jpeg 768w, https:\/\/cdsportadapte57.fr\/wp-content\/uploads\/2019\/11\/SA5-1.jpeg 1169w\" sizes=\"auto, (max-width: 724px) 100vw, 724px\" \/><\/figure>\n\n\n\n<figure class=\"wp-block-image\"><img loading=\"lazy\" decoding=\"async\" width=\"724\" height=\"1024\" src=\"http:\/\/cdsportadapte57.fr\/wp-content\/uploads\/2019\/11\/SA6-1-724x1024.jpeg\" alt=\"\" class=\"wp-image-1330\" srcset=\"https:\/\/cdsportadapte57.fr\/wp-content\/uploads\/2019\/11\/SA6-1-724x1024.jpeg 724w, https:\/\/cdsportadapte57.fr\/wp-content\/uploads\/2019\/11\/SA6-1-212x300.jpeg 212w, https:\/\/cdsportadapte57.fr\/wp-content\/uploads\/2019\/11\/SA6-1-768x1087.jpeg 768w, https:\/\/cdsportadapte57.fr\/wp-content\/uploads\/2019\/11\/SA6-1.jpeg 1169w\" sizes=\"auto, (max-width: 724px) 100vw, 724px\" \/><\/figure>\n\n\n\n<figure class=\"wp-block-image\"><img loading=\"lazy\" decoding=\"async\" width=\"724\" height=\"1024\" src=\"http:\/\/cdsportadapte57.fr\/wp-content\/uploads\/2019\/11\/SA7-1-724x1024.jpeg\" alt=\"\" class=\"wp-image-1331\" srcset=\"https:\/\/cdsportadapte57.fr\/wp-content\/uploads\/2019\/11\/SA7-1-724x1024.jpeg 724w, https:\/\/cdsportadapte57.fr\/wp-content\/uploads\/2019\/11\/SA7-1-212x300.jpeg 212w, https:\/\/cdsportadapte57.fr\/wp-content\/uploads\/2019\/11\/SA7-1-768x1087.jpeg 768w, https:\/\/cdsportadapte57.fr\/wp-content\/uploads\/2019\/11\/SA7-1.jpeg 1169w\" sizes=\"auto, (max-width: 724px) 100vw, 724px\" \/><\/figure>\n\n\n\n<figure class=\"wp-block-image\"><img loading=\"lazy\" decoding=\"async\" width=\"724\" height=\"1024\" src=\"http:\/\/cdsportadapte57.fr\/wp-content\/uploads\/2019\/11\/SA8-1-724x1024.jpeg\" alt=\"\" class=\"wp-image-1334\" srcset=\"https:\/\/cdsportadapte57.fr\/wp-content\/uploads\/2019\/11\/SA8-1-724x1024.jpeg 724w, https:\/\/cdsportadapte57.fr\/wp-content\/uploads\/2019\/11\/SA8-1-212x300.jpeg 212w, https:\/\/cdsportadapte57.fr\/wp-content\/uploads\/2019\/11\/SA8-1-768x1087.jpeg 768w, https:\/\/cdsportadapte57.fr\/wp-content\/uploads\/2019\/11\/SA8-1.jpeg 1169w\" sizes=\"auto, (max-width: 724px) 100vw, 724px\" \/><\/figure>\n\n\n\n<figure class=\"wp-block-image\"><img loading=\"lazy\" decoding=\"async\" width=\"724\" height=\"1024\" src=\"http:\/\/cdsportadapte57.fr\/wp-content\/uploads\/2019\/11\/SA9-1-724x1024.jpeg\" alt=\"\" class=\"wp-image-1335\" srcset=\"https:\/\/cdsportadapte57.fr\/wp-content\/uploads\/2019\/11\/SA9-1-724x1024.jpeg 724w, https:\/\/cdsportadapte57.fr\/wp-content\/uploads\/2019\/11\/SA9-1-212x300.jpeg 212w, https:\/\/cdsportadapte57.fr\/wp-content\/uploads\/2019\/11\/SA9-1-768x1087.jpeg 768w, https:\/\/cdsportadapte57.fr\/wp-content\/uploads\/2019\/11\/SA9-1.jpeg 1169w\" sizes=\"auto, (max-width: 724px) 100vw, 724px\" \/><\/figure>\n\n\n\n<figure class=\"wp-block-image\"><img loading=\"lazy\" decoding=\"async\" width=\"724\" height=\"1024\" src=\"http:\/\/cdsportadapte57.fr\/wp-content\/uploads\/2019\/11\/SA10-1-724x1024.jpeg\" alt=\"\" class=\"wp-image-1332\" srcset=\"https:\/\/cdsportadapte57.fr\/wp-content\/uploads\/2019\/11\/SA10-1-724x1024.jpeg 724w, https:\/\/cdsportadapte57.fr\/wp-content\/uploads\/2019\/11\/SA10-1-212x300.jpeg 212w, https:\/\/cdsportadapte57.fr\/wp-content\/uploads\/2019\/11\/SA10-1-768x1087.jpeg 768w, https:\/\/cdsportadapte57.fr\/wp-content\/uploads\/2019\/11\/SA10-1.jpeg 1169w\" sizes=\"auto, (max-width: 724px) 100vw, 724px\" \/><\/figure>\n\n\n\n<figure class=\"wp-block-image\"><img loading=\"lazy\" decoding=\"async\" width=\"724\" height=\"1024\" src=\"http:\/\/cdsportadapte57.fr\/wp-content\/uploads\/2019\/11\/SA11-1-724x1024.jpeg\" alt=\"\" class=\"wp-image-1336\" srcset=\"https:\/\/cdsportadapte57.fr\/wp-content\/uploads\/2019\/11\/SA11-1-724x1024.jpeg 724w, https:\/\/cdsportadapte57.fr\/wp-content\/uploads\/2019\/11\/SA11-1-212x300.jpeg 212w, https:\/\/cdsportadapte57.fr\/wp-content\/uploads\/2019\/11\/SA11-1-768x1087.jpeg 768w, https:\/\/cdsportadapte57.fr\/wp-content\/uploads\/2019\/11\/SA11-1.jpeg 1169w\" sizes=\"auto, (max-width: 724px) 100vw, 724px\" \/><\/figure>\n\n\n\n<figure class=\"wp-block-image\"><img loading=\"lazy\" decoding=\"async\" width=\"724\" height=\"1024\" src=\"http:\/\/cdsportadapte57.fr\/wp-content\/uploads\/2019\/11\/SA12-1-724x1024.jpeg\" alt=\"\" class=\"wp-image-1337\" srcset=\"https:\/\/cdsportadapte57.fr\/wp-content\/uploads\/2019\/11\/SA12-1-724x1024.jpeg 724w, https:\/\/cdsportadapte57.fr\/wp-content\/uploads\/2019\/11\/SA12-1-212x300.jpeg 212w, https:\/\/cdsportadapte57.fr\/wp-content\/uploads\/2019\/11\/SA12-1-768x1087.jpeg 768w, https:\/\/cdsportadapte57.fr\/wp-content\/uploads\/2019\/11\/SA12-1.jpeg 1169w\" sizes=\"auto, (max-width: 724px) 100vw, 724px\" \/><\/figure>\n\n\n","protected":false},"excerpt":{"rendered":"<p>Du 18 au 30 Novembre la ville de Sarreguemines organise le Festival International du Film sur le Handicap avec des journ\u00e9es de sensibilisation au handicap. De nombreuses manifestations sont pr\u00e9vues&hellip; <\/p>\n","protected":false},"author":16,"featured_media":1313,"comment_status":"open","ping_status":"open","sticky":false,"template":"","format":"standard","meta":{"_crdt_document":"","jetpack_post_was_ever_published":false,"_jetpack_newsletter_access":"","_jetpack_dont_email_post_to_subs":false,"_jetpack_newsletter_tier_id":0,"_jetpack_memberships_contains_paywalled_content":false,"_jetpack_memberships_contains_paid_content":false,"footnotes":"","jetpack_publicize_message":"","jetpack_publicize_feature_enabled":true,"jetpack_social_post_already_shared":true,"jetpack_social_options":{"image_generator_settings":{"template":"highway","default_image_id":0,"font":"","enabled":false},"version":2}},"categories":[1,6],"tags":[26,25],"class_list":["post-1312","post","type-post","status-publish","format-standard","has-post-thumbnail","hentry","category-non-classe","category-nos-manifestations","tag-fifh","tag-sarreguemines"],"jetpack_publicize_connections":[],"jetpack_featured_media_url":"https:\/\/cdsportadapte57.fr\/wp-content\/uploads\/2019\/11\/Sarre-1.jpg","jetpack_sharing_enabled":true,"jetpack_shortlink":"https:\/\/wp.me\/pasBZt-la","_links":{"self":[{"href":"https:\/\/cdsportadapte57.fr\/index.php?rest_route=\/wp\/v2\/posts\/1312","targetHints":{"allow":["GET"]}}],"collection":[{"href":"https:\/\/cdsportadapte57.fr\/index.php?rest_route=\/wp\/v2\/posts"}],"about":[{"href":"https:\/\/cdsportadapte57.fr\/index.php?rest_route=\/wp\/v2\/types\/post"}],"author":[{"embeddable":true,"href":"https:\/\/cdsportadapte57.fr\/index.php?rest_route=\/wp\/v2\/users\/16"}],"replies":[{"embeddable":true,"href":"https:\/\/cdsportadapte57.fr\/index.php?rest_route=%2Fwp%2Fv2%2Fcomments&post=1312"}],"version-history":[{"count":6,"href":"https:\/\/cdsportadapte57.fr\/index.php?rest_route=\/wp\/v2\/posts\/1312\/revisions"}],"predecessor-version":[{"id":1342,"href":"https:\/\/cdsportadapte57.fr\/index.php?rest_route=\/wp\/v2\/posts\/1312\/revisions\/1342"}],"wp:featuredmedia":[{"embeddable":true,"href":"https:\/\/cdsportadapte57.fr\/index.php?rest_route=\/wp\/v2\/media\/1313"}],"wp:attachment":[{"href":"https:\/\/cdsportadapte57.fr\/index.php?rest_route=%2Fwp%2Fv2%2Fmedia&parent=1312"}],"wp:term":[{"taxonomy":"category","embeddable":true,"href":"https:\/\/cdsportadapte57.fr\/index.php?rest_route=%2Fwp%2Fv2%2Fcategories&post=1312"},{"taxonomy":"post_tag","embeddable":true,"href":"https:\/\/cdsportadapte57.fr\/index.php?rest_route=%2Fwp%2Fv2%2Ftags&post=1312"}],"curies":[{"name":"wp","href":"https:\/\/api.w.org\/{rel}","templated":true}]}}