{"id":1307,"date":"2019-11-21T12:28:23","date_gmt":"2019-11-21T11:28:23","guid":{"rendered":"http:\/\/cdsportadapte57.fr\/?p=1307"},"modified":"2019-11-21T13:28:08","modified_gmt":"2019-11-21T12:28:08","slug":"le-pere-noel-enfile-ses-patins-le-17-decembre-a-ice-arena","status":"publish","type":"post","link":"https:\/\/cdsportadapte57.fr\/?p=1307","title":{"rendered":"Le P\u00e8re No\u00ebl enfile ses patins le 17 d\u00e9cembre \u00e0 ICE Arena"},"content":{"rendered":"\n<figure class=\"wp-block-image\"><img loading=\"lazy\" decoding=\"async\" width=\"724\" height=\"1024\" src=\"http:\/\/cdsportadapte57.fr\/wp-content\/uploads\/2019\/11\/Affiche-1-Le-P\u00c3\u00a8re-No\u00c3\u00abl-enfile-ses-patins-_-724x1024.jpg\" alt=\"\" class=\"wp-image-1308\" srcset=\"https:\/\/cdsportadapte57.fr\/wp-content\/uploads\/2019\/11\/Affiche-1-Le-P\u00c3\u00a8re-No\u00c3\u00abl-enfile-ses-patins-_-724x1024.jpg 724w, https:\/\/cdsportadapte57.fr\/wp-content\/uploads\/2019\/11\/Affiche-1-Le-P\u00c3\u00a8re-No\u00c3\u00abl-enfile-ses-patins-_-212x300.jpg 212w, https:\/\/cdsportadapte57.fr\/wp-content\/uploads\/2019\/11\/Affiche-1-Le-P\u00c3\u00a8re-No\u00c3\u00abl-enfile-ses-patins-_-768x1086.jpg 768w, https:\/\/cdsportadapte57.fr\/wp-content\/uploads\/2019\/11\/Affiche-1-Le-P\u00c3\u00a8re-No\u00c3\u00abl-enfile-ses-patins-_-1320x1867.jpg 1320w, https:\/\/cdsportadapte57.fr\/wp-content\/uploads\/2019\/11\/Affiche-1-Le-P\u00c3\u00a8re-No\u00c3\u00abl-enfile-ses-patins-_.jpg 1654w\" sizes=\"auto, (max-width: 724px) 100vw, 724px\" \/><\/figure>\n\n\n\n<figure class=\"wp-block-image\"><img loading=\"lazy\" decoding=\"async\" width=\"724\" height=\"1024\" src=\"http:\/\/cdsportadapte57.fr\/wp-content\/uploads\/2019\/11\/Document-page-001-13-724x1024.jpg\" alt=\"\" class=\"wp-image-1310\" srcset=\"https:\/\/cdsportadapte57.fr\/wp-content\/uploads\/2019\/11\/Document-page-001-13-724x1024.jpg 724w, https:\/\/cdsportadapte57.fr\/wp-content\/uploads\/2019\/11\/Document-page-001-13-212x300.jpg 212w, https:\/\/cdsportadapte57.fr\/wp-content\/uploads\/2019\/11\/Document-page-001-13-768x1086.jpg 768w, https:\/\/cdsportadapte57.fr\/wp-content\/uploads\/2019\/11\/Document-page-001-13.jpg 1240w\" sizes=\"auto, (max-width: 724px) 100vw, 724px\" \/><\/figure>\n","protected":false},"excerpt":{"rendered":"","protected":false},"author":16,"featured_media":1308,"comment_status":"open","ping_status":"open","sticky":false,"template":"","format":"standard","meta":{"_crdt_document":"","jetpack_post_was_ever_published":false,"_jetpack_newsletter_access":"","_jetpack_dont_email_post_to_subs":false,"_jetpack_newsletter_tier_id":0,"_jetpack_memberships_contains_paywalled_content":false,"_jetpack_memberships_contains_paid_content":false,"footnotes":"","jetpack_publicize_message":"","jetpack_publicize_feature_enabled":true,"jetpack_social_post_already_shared":true,"jetpack_social_options":{"image_generator_settings":{"template":"highway","default_image_id":0,"font":"","enabled":false},"version":2}},"categories":[1,6],"tags":[],"class_list":["post-1307","post","type-post","status-publish","format-standard","has-post-thumbnail","hentry","category-non-classe","category-nos-manifestations"],"jetpack_publicize_connections":[],"jetpack_featured_media_url":"https:\/\/cdsportadapte57.fr\/wp-content\/uploads\/2019\/11\/Affiche-1-Le-P\u00c3\u00a8re-No\u00c3\u00abl-enfile-ses-patins-_.jpg","jetpack_sharing_enabled":true,"jetpack_shortlink":"https:\/\/wp.me\/pasBZt-l5","_links":{"self":[{"href":"https:\/\/cdsportadapte57.fr\/index.php?rest_route=\/wp\/v2\/posts\/1307","targetHints":{"allow":["GET"]}}],"collection":[{"href":"https:\/\/cdsportadapte57.fr\/index.php?rest_route=\/wp\/v2\/posts"}],"about":[{"href":"https:\/\/cdsportadapte57.fr\/index.php?rest_route=\/wp\/v2\/types\/post"}],"author":[{"embeddable":true,"href":"https:\/\/cdsportadapte57.fr\/index.php?rest_route=\/wp\/v2\/users\/16"}],"replies":[{"embeddable":true,"href":"https:\/\/cdsportadapte57.fr\/index.php?rest_route=%2Fwp%2Fv2%2Fcomments&post=1307"}],"version-history":[{"count":3,"href":"https:\/\/cdsportadapte57.fr\/index.php?rest_route=\/wp\/v2\/posts\/1307\/revisions"}],"predecessor-version":[{"id":1353,"href":"https:\/\/cdsportadapte57.fr\/index.php?rest_route=\/wp\/v2\/posts\/1307\/revisions\/1353"}],"wp:featuredmedia":[{"embeddable":true,"href":"https:\/\/cdsportadapte57.fr\/index.php?rest_route=\/wp\/v2\/media\/1308"}],"wp:attachment":[{"href":"https:\/\/cdsportadapte57.fr\/index.php?rest_route=%2Fwp%2Fv2%2Fmedia&parent=1307"}],"wp:term":[{"taxonomy":"category","embeddable":true,"href":"https:\/\/cdsportadapte57.fr\/index.php?rest_route=%2Fwp%2Fv2%2Fcategories&post=1307"},{"taxonomy":"post_tag","embeddable":true,"href":"https:\/\/cdsportadapte57.fr\/index.php?rest_route=%2Fwp%2Fv2%2Ftags&post=1307"}],"curies":[{"name":"wp","href":"https:\/\/api.w.org\/{rel}","templated":true}]}}