{"id":1262,"date":"2019-10-22T16:46:10","date_gmt":"2019-10-22T14:46:10","guid":{"rendered":"http:\/\/cdsportadapte57.fr\/?p=1262"},"modified":"2019-10-22T16:46:12","modified_gmt":"2019-10-22T14:46:12","slug":"marche-des-21-le-27-octobre-a-metz-organisee-par-lassociation-trisomie-21-moselle","status":"publish","type":"post","link":"https:\/\/cdsportadapte57.fr\/?p=1262","title":{"rendered":"\u00ab\u00a0Marche des 21\u00a0\u00bb le 27 octobre \u00e0 Metz organis\u00e9e par l&rsquo;Association Trisomie 21 Moselle."},"content":{"rendered":"\n<div class=\"g_tkaglna5y w_tkagljydr clearfix\">\n<div class=\"clearfix w_tkaglnc01\">\n<div class=\"clearfix _42ef\">\n<div class=\"u_tkaglnc06\">\n<div>\n<div class=\"_6a _5u5j\">\n<div class=\"_6a _5u5j _6b\">\n<h6 id=\"js_2g\" class=\"_7tae _14f3 _14f5 _5pbw _5vra\" data-ft=\"{&quot;tn&quot;:&quot;C&quot;}\">DIMANCHE 27 OCTOBRE 2019 de 10 h \u00e0 18 h<\/h6>\n<\/div>\n<\/div>\n<\/div>\n<\/div>\n<\/div>\n<\/div>\n<\/div>\n<div id=\"js_2i\" class=\"_5pbx userContent _3576\" data-ft=\"{&quot;tn&quot;:&quot;K&quot;}\" data-testid=\"post_message\">\n<div id=\"id_5daeffe43236e7983414045\" class=\"text_exposed_root text_exposed\">\n<p>Marche sur le Plan d&rsquo;Eau de Metz, organis\u00e9e par Trisomie 21 Moselle.<\/p>\n<div class=\"text_exposed_show\">\n<p>Une boucle, sans difficult\u00e9, est propos\u00e9e \u00e0 tous les participants, lesquels peuvent la faire 1 fois (7km), 2 fois (14 km) ou 3 fois, soit 21 km (TRI&#8230;21)<\/p>\n<p>Vous pouvez la faire \u00e0 pieds, \u00e0 v\u00e9lo, en rollers, en poussette, en fauteuil, en trottinette&#8230;..<\/p>\n<p>Vous pouvez venir avec votre famille, vos amis, toutes les personnes qui souhaitent participer \u00e0 cette belle op\u00e9ration ! !<\/p>\n<p>Les pr\u00e9visions m\u00e9t\u00e9o annoncent du soleil dimanche, venez nombreux nous rejoindre !<\/p>\n<p>Vous trouverez tous les renseignements pratiques sur le site de l&rsquo;association <a href=\"http:\/\/www.trisomie21-moselle.fr\/?fbclid=IwAR1ARnsfBnz8IezoJqf47WvN1ZZfSUkEGm3cufgdCw93D2wnliPQ14V00Vc\" target=\"_blank\" rel=\"nofollow noopener noreferrer\" data-lynx-mode=\"origin\" data-ft=\"{&quot;tn&quot;:&quot;-U&quot;}\" data-lynx-uri=\"https:\/\/l.facebook.com\/l.php?u=http%3A%2F%2Fwww.trisomie21-moselle.fr%2F%3Ffbclid%3DIwAR1ARnsfBnz8IezoJqf47WvN1ZZfSUkEGm3cufgdCw93D2wnliPQ14V00Vc&amp;h=AT0eB1H4HuTad3g8JaaCqL41VpplTkv2CIkfXj-PvvWstC-k6746X6fXm7xCu5kxXFv73fqvD913CuouSjGN6MOn9XIwYvkCMJE2T5hc_Hj5EIeYRRiO9h4Amz7hVfEoPPJgFqipTEAULW-qRX3FVgng\">www.trisomie21-moselle.fr<\/a><\/p>\n<\/div>\n<\/div>\n<\/div>\n\n\n\n<figure class=\"wp-block-image\"><img loading=\"lazy\" decoding=\"async\" width=\"566\" height=\"800\" src=\"http:\/\/cdsportadapte57.fr\/wp-content\/uploads\/2019\/10\/marche-trisomiques.png\" alt=\"\" class=\"wp-image-1267\" srcset=\"https:\/\/cdsportadapte57.fr\/wp-content\/uploads\/2019\/10\/marche-trisomiques.png 566w, https:\/\/cdsportadapte57.fr\/wp-content\/uploads\/2019\/10\/marche-trisomiques-212x300.png 212w\" sizes=\"auto, (max-width: 566px) 100vw, 566px\" \/><\/figure>\n\n\n\n<figure class=\"wp-block-image\"><img loading=\"lazy\" decoding=\"async\" width=\"772\" height=\"1024\" src=\"http:\/\/cdsportadapte57.fr\/wp-content\/uploads\/2019\/10\/Document-page-001-12-772x1024.jpg\" alt=\"\" class=\"wp-image-1263\" srcset=\"https:\/\/cdsportadapte57.fr\/wp-content\/uploads\/2019\/10\/Document-page-001-12-772x1024.jpg 772w, https:\/\/cdsportadapte57.fr\/wp-content\/uploads\/2019\/10\/Document-page-001-12-226x300.jpg 226w, https:\/\/cdsportadapte57.fr\/wp-content\/uploads\/2019\/10\/Document-page-001-12-768x1019.jpg 768w, https:\/\/cdsportadapte57.fr\/wp-content\/uploads\/2019\/10\/Document-page-001-12.jpg 1066w\" sizes=\"auto, (max-width: 772px) 100vw, 772px\" \/><\/figure>\n\n\n\n<p><strong>Qu&rsquo;est-ce que la marche des 21?<\/strong><\/p>\n<p>\u00a0<span style=\"color: #000000; font-size: large;\">Au d\u00e9part de Lyon, une \u00e9quipe de b\u00e9n\u00e9voles partira pour une marche \u00e0 travers la France \u00e0 destination de Paris, avec des villes relais comme Metz.<\/span><span style=\"color: #000000; font-size: large;\"> Cette marche symbolique sera m\u00e9diatis\u00e9e.\u00a0<\/span><br \/><br \/><span style=\"font-size: large;\"><span style=\"color: #2a2a2a;\"><span> Pour plus de renseignements : <a href=\"https:\/\/www.marchedes21.com\/\">Marche des 21<\/a><\/span><\/span><\/span><\/p>\n\n\n\n<figure class=\"wp-block-image\"><img loading=\"lazy\" decoding=\"async\" width=\"763\" height=\"656\" src=\"http:\/\/cdsportadapte57.fr\/wp-content\/uploads\/2019\/10\/Logo-coeur.jpg\" alt=\"\" class=\"wp-image-1265\" srcset=\"https:\/\/cdsportadapte57.fr\/wp-content\/uploads\/2019\/10\/Logo-coeur.jpg 763w, https:\/\/cdsportadapte57.fr\/wp-content\/uploads\/2019\/10\/Logo-coeur-300x258.jpg 300w\" sizes=\"auto, (max-width: 763px) 100vw, 763px\" \/><\/figure>\n\n\n\n<figure class=\"wp-block-image\"><img loading=\"lazy\" decoding=\"async\" width=\"569\" height=\"188\" src=\"http:\/\/cdsportadapte57.fr\/wp-content\/uploads\/2019\/10\/logo-trisomie-21.png\" alt=\"\" class=\"wp-image-1264\" srcset=\"https:\/\/cdsportadapte57.fr\/wp-content\/uploads\/2019\/10\/logo-trisomie-21.png 569w, https:\/\/cdsportadapte57.fr\/wp-content\/uploads\/2019\/10\/logo-trisomie-21-300x99.png 300w\" sizes=\"auto, (max-width: 569px) 100vw, 569px\" \/><\/figure>\n\n\n","protected":false},"excerpt":{"rendered":"<p>DIMANCHE 27 OCTOBRE 2019 de 10 h \u00e0 18 h Marche sur le Plan d&rsquo;Eau de Metz, organis\u00e9e par Trisomie 21 Moselle. Une boucle, sans difficult\u00e9, est propos\u00e9e \u00e0 tous&hellip; <\/p>\n","protected":false},"author":16,"featured_media":1267,"comment_status":"open","ping_status":"open","sticky":false,"template":"","format":"standard","meta":{"_crdt_document":"","jetpack_post_was_ever_published":false,"_jetpack_newsletter_access":"","_jetpack_dont_email_post_to_subs":false,"_jetpack_newsletter_tier_id":0,"_jetpack_memberships_contains_paywalled_content":false,"_jetpack_memberships_contains_paid_content":false,"footnotes":"","jetpack_publicize_message":"","jetpack_publicize_feature_enabled":true,"jetpack_social_post_already_shared":true,"jetpack_social_options":{"image_generator_settings":{"template":"highway","default_image_id":0,"font":"","enabled":false},"version":2}},"categories":[1],"tags":[22,23],"class_list":["post-1262","post","type-post","status-publish","format-standard","has-post-thumbnail","hentry","category-non-classe","tag-marche-des-21","tag-metz"],"jetpack_publicize_connections":[],"jetpack_featured_media_url":"https:\/\/cdsportadapte57.fr\/wp-content\/uploads\/2019\/10\/marche-trisomiques.png","jetpack_sharing_enabled":true,"jetpack_shortlink":"https:\/\/wp.me\/pasBZt-km","_links":{"self":[{"href":"https:\/\/cdsportadapte57.fr\/index.php?rest_route=\/wp\/v2\/posts\/1262","targetHints":{"allow":["GET"]}}],"collection":[{"href":"https:\/\/cdsportadapte57.fr\/index.php?rest_route=\/wp\/v2\/posts"}],"about":[{"href":"https:\/\/cdsportadapte57.fr\/index.php?rest_route=\/wp\/v2\/types\/post"}],"author":[{"embeddable":true,"href":"https:\/\/cdsportadapte57.fr\/index.php?rest_route=\/wp\/v2\/users\/16"}],"replies":[{"embeddable":true,"href":"https:\/\/cdsportadapte57.fr\/index.php?rest_route=%2Fwp%2Fv2%2Fcomments&post=1262"}],"version-history":[{"count":8,"href":"https:\/\/cdsportadapte57.fr\/index.php?rest_route=\/wp\/v2\/posts\/1262\/revisions"}],"predecessor-version":[{"id":1274,"href":"https:\/\/cdsportadapte57.fr\/index.php?rest_route=\/wp\/v2\/posts\/1262\/revisions\/1274"}],"wp:featuredmedia":[{"embeddable":true,"href":"https:\/\/cdsportadapte57.fr\/index.php?rest_route=\/wp\/v2\/media\/1267"}],"wp:attachment":[{"href":"https:\/\/cdsportadapte57.fr\/index.php?rest_route=%2Fwp%2Fv2%2Fmedia&parent=1262"}],"wp:term":[{"taxonomy":"category","embeddable":true,"href":"https:\/\/cdsportadapte57.fr\/index.php?rest_route=%2Fwp%2Fv2%2Fcategories&post=1262"},{"taxonomy":"post_tag","embeddable":true,"href":"https:\/\/cdsportadapte57.fr\/index.php?rest_route=%2Fwp%2Fv2%2Ftags&post=1262"}],"curies":[{"name":"wp","href":"https:\/\/api.w.org\/{rel}","templated":true}]}}