{"id":1152,"date":"2019-09-20T15:31:01","date_gmt":"2019-09-20T13:31:01","guid":{"rendered":"http:\/\/cdsportadapte57.fr\/?p=1152"},"modified":"2019-09-20T15:31:03","modified_gmt":"2019-09-20T13:31:03","slug":"fete-du-sport-a-norroy-le-veneur","status":"publish","type":"post","link":"https:\/\/cdsportadapte57.fr\/?p=1152","title":{"rendered":"F\u00eate du Sport \u00e0 Norroy-le-Veneur"},"content":{"rendered":"\n<p>Dimanche 15 septembre nous \u00e9tions pr\u00e9sents \u00e0 la F\u00eate du Sport \u00e0 Norroy-le-Veneur.\u00a0 Cette f\u00eate organis\u00e9e par la municipalit\u00e9 en collaboration avec les pompiers, l&rsquo;ASD, l&rsquo;\u00e9cole Maternelle, les habitants et le CDSA57 proposait des activit\u00e9s sportives diverses afin d&rsquo;inciter les gens \u00e0 bouger, faire du sport pour mieux les sensibiliser au bienfait du Sport.<\/p>\n<p>Cette manifestation a \u00e9t\u00e9 tr\u00e8s bien accueillie dans ce village, \u00e9tant donn\u00e9 le nombre de participants et de visiteurs. Cette f\u00eate du Sport est vraiment une excellente initiative, elle permet aux habitants de se rencontrer, de sortir de chez eux et de participer \u00e0 des activit\u00e9s sportives. C&rsquo;est ce qui donne de la vie dans un village . Les pompiers proposaient aussi des activit\u00e9s avec leur mat\u00e9riel. La municipalit\u00e9 offrait boissons et des collations, l&rsquo;occasion aussi pour beaucoup de discuter ensemble devant le stand. Belle r\u00e9ussite.<\/p>\n<p>Dimanche matin, nous avons install\u00e9 des ateliers pour la plus grande joie de tous\u2026.m\u00eame des tr\u00e8s petits ! D&rsquo;autres ateliers \u00e9taient install\u00e9s dans la cour de l&rsquo;\u00e9cole, en acc\u00e8s libre pour tous !<\/p>\n<p>\u00a0<\/p>\n\n\n\n<ul class=\"wp-block-gallery columns-3 is-cropped wp-block-gallery-1 is-layout-flex wp-block-gallery-is-layout-flex\"><li class=\"blocks-gallery-item\"><figure><img loading=\"lazy\" decoding=\"async\" width=\"1024\" height=\"768\" src=\"http:\/\/cdsportadapte57.fr\/wp-content\/uploads\/2019\/09\/IMG_2685-1024x768.jpg\" alt=\"\" data-id=\"1153\" data-link=\"http:\/\/cdsportadapte57.fr\/?attachment_id=1153\" class=\"wp-image-1153\" srcset=\"https:\/\/cdsportadapte57.fr\/wp-content\/uploads\/2019\/09\/IMG_2685-1024x768.jpg 1024w, https:\/\/cdsportadapte57.fr\/wp-content\/uploads\/2019\/09\/IMG_2685-300x225.jpg 300w, https:\/\/cdsportadapte57.fr\/wp-content\/uploads\/2019\/09\/IMG_2685-768x576.jpg 768w, https:\/\/cdsportadapte57.fr\/wp-content\/uploads\/2019\/09\/IMG_2685-1320x990.jpg 1320w\" sizes=\"auto, (max-width: 1024px) 100vw, 1024px\" \/><\/figure><\/li><li class=\"blocks-gallery-item\"><figure><img loading=\"lazy\" decoding=\"async\" width=\"1024\" height=\"768\" src=\"http:\/\/cdsportadapte57.fr\/wp-content\/uploads\/2019\/09\/IMG_2671-1024x768.jpg\" alt=\"\" data-id=\"1154\" data-link=\"http:\/\/cdsportadapte57.fr\/?attachment_id=1154\" class=\"wp-image-1154\" srcset=\"https:\/\/cdsportadapte57.fr\/wp-content\/uploads\/2019\/09\/IMG_2671-1024x768.jpg 1024w, https:\/\/cdsportadapte57.fr\/wp-content\/uploads\/2019\/09\/IMG_2671-300x225.jpg 300w, https:\/\/cdsportadapte57.fr\/wp-content\/uploads\/2019\/09\/IMG_2671-768x576.jpg 768w, https:\/\/cdsportadapte57.fr\/wp-content\/uploads\/2019\/09\/IMG_2671-1320x990.jpg 1320w\" sizes=\"auto, (max-width: 1024px) 100vw, 1024px\" \/><\/figure><\/li><li class=\"blocks-gallery-item\"><figure><img loading=\"lazy\" decoding=\"async\" width=\"1024\" height=\"768\" src=\"http:\/\/cdsportadapte57.fr\/wp-content\/uploads\/2019\/09\/IMG_2683-1024x768.jpg\" alt=\"\" data-id=\"1155\" data-link=\"http:\/\/cdsportadapte57.fr\/?attachment_id=1155\" class=\"wp-image-1155\" srcset=\"https:\/\/cdsportadapte57.fr\/wp-content\/uploads\/2019\/09\/IMG_2683-1024x768.jpg 1024w, https:\/\/cdsportadapte57.fr\/wp-content\/uploads\/2019\/09\/IMG_2683-300x225.jpg 300w, https:\/\/cdsportadapte57.fr\/wp-content\/uploads\/2019\/09\/IMG_2683-768x576.jpg 768w, https:\/\/cdsportadapte57.fr\/wp-content\/uploads\/2019\/09\/IMG_2683-1320x990.jpg 1320w\" sizes=\"auto, (max-width: 1024px) 100vw, 1024px\" \/><\/figure><\/li><li class=\"blocks-gallery-item\"><figure><img loading=\"lazy\" decoding=\"async\" width=\"1024\" height=\"768\" src=\"http:\/\/cdsportadapte57.fr\/wp-content\/uploads\/2019\/09\/IMG_2674-1024x768.jpg\" alt=\"\" data-id=\"1156\" data-link=\"http:\/\/cdsportadapte57.fr\/?attachment_id=1156\" class=\"wp-image-1156\" srcset=\"https:\/\/cdsportadapte57.fr\/wp-content\/uploads\/2019\/09\/IMG_2674-1024x768.jpg 1024w, https:\/\/cdsportadapte57.fr\/wp-content\/uploads\/2019\/09\/IMG_2674-300x225.jpg 300w, https:\/\/cdsportadapte57.fr\/wp-content\/uploads\/2019\/09\/IMG_2674-768x576.jpg 768w, https:\/\/cdsportadapte57.fr\/wp-content\/uploads\/2019\/09\/IMG_2674-1320x990.jpg 1320w\" sizes=\"auto, (max-width: 1024px) 100vw, 1024px\" \/><\/figure><\/li><li class=\"blocks-gallery-item\"><figure><img loading=\"lazy\" decoding=\"async\" width=\"1024\" height=\"768\" src=\"http:\/\/cdsportadapte57.fr\/wp-content\/uploads\/2019\/09\/IMG_2684-1024x768.jpg\" alt=\"\" data-id=\"1158\" data-link=\"http:\/\/cdsportadapte57.fr\/?attachment_id=1158\" class=\"wp-image-1158\" srcset=\"https:\/\/cdsportadapte57.fr\/wp-content\/uploads\/2019\/09\/IMG_2684-1024x768.jpg 1024w, https:\/\/cdsportadapte57.fr\/wp-content\/uploads\/2019\/09\/IMG_2684-300x225.jpg 300w, https:\/\/cdsportadapte57.fr\/wp-content\/uploads\/2019\/09\/IMG_2684-768x576.jpg 768w, https:\/\/cdsportadapte57.fr\/wp-content\/uploads\/2019\/09\/IMG_2684-1320x990.jpg 1320w\" sizes=\"auto, (max-width: 1024px) 100vw, 1024px\" \/><\/figure><\/li><li class=\"blocks-gallery-item\"><figure><img loading=\"lazy\" decoding=\"async\" width=\"1024\" height=\"768\" src=\"http:\/\/cdsportadapte57.fr\/wp-content\/uploads\/2019\/09\/IMG_2676-1024x768.jpg\" alt=\"\" data-id=\"1159\" data-link=\"http:\/\/cdsportadapte57.fr\/?attachment_id=1159\" class=\"wp-image-1159\" srcset=\"https:\/\/cdsportadapte57.fr\/wp-content\/uploads\/2019\/09\/IMG_2676-1024x768.jpg 1024w, https:\/\/cdsportadapte57.fr\/wp-content\/uploads\/2019\/09\/IMG_2676-300x225.jpg 300w, https:\/\/cdsportadapte57.fr\/wp-content\/uploads\/2019\/09\/IMG_2676-768x576.jpg 768w, https:\/\/cdsportadapte57.fr\/wp-content\/uploads\/2019\/09\/IMG_2676-1320x990.jpg 1320w\" sizes=\"auto, (max-width: 1024px) 100vw, 1024px\" \/><\/figure><\/li><li class=\"blocks-gallery-item\"><figure><img loading=\"lazy\" decoding=\"async\" width=\"1024\" height=\"768\" src=\"http:\/\/cdsportadapte57.fr\/wp-content\/uploads\/2019\/09\/IMG_2679-1024x768.jpg\" alt=\"\" data-id=\"1160\" data-link=\"http:\/\/cdsportadapte57.fr\/?attachment_id=1160\" class=\"wp-image-1160\" srcset=\"https:\/\/cdsportadapte57.fr\/wp-content\/uploads\/2019\/09\/IMG_2679-1024x768.jpg 1024w, https:\/\/cdsportadapte57.fr\/wp-content\/uploads\/2019\/09\/IMG_2679-300x225.jpg 300w, https:\/\/cdsportadapte57.fr\/wp-content\/uploads\/2019\/09\/IMG_2679-768x576.jpg 768w, https:\/\/cdsportadapte57.fr\/wp-content\/uploads\/2019\/09\/IMG_2679-1320x990.jpg 1320w\" sizes=\"auto, (max-width: 1024px) 100vw, 1024px\" \/><\/figure><\/li><li class=\"blocks-gallery-item\"><figure><img loading=\"lazy\" decoding=\"async\" width=\"1024\" height=\"768\" src=\"http:\/\/cdsportadapte57.fr\/wp-content\/uploads\/2019\/09\/IMG_2675-1024x768.jpg\" alt=\"\" data-id=\"1162\" data-link=\"http:\/\/cdsportadapte57.fr\/?attachment_id=1162\" class=\"wp-image-1162\" srcset=\"https:\/\/cdsportadapte57.fr\/wp-content\/uploads\/2019\/09\/IMG_2675-1024x768.jpg 1024w, https:\/\/cdsportadapte57.fr\/wp-content\/uploads\/2019\/09\/IMG_2675-300x225.jpg 300w, https:\/\/cdsportadapte57.fr\/wp-content\/uploads\/2019\/09\/IMG_2675-768x576.jpg 768w, https:\/\/cdsportadapte57.fr\/wp-content\/uploads\/2019\/09\/IMG_2675-1320x990.jpg 1320w\" sizes=\"auto, (max-width: 1024px) 100vw, 1024px\" \/><\/figure><\/li><\/ul>\n\n\n\n<p>Ludovic Morainville,<span style=\"font-family: &quot;Open Sans&quot;,Helvetica Neue,Sans-serif;\"><span style=\"color: #002000;\"><span style=\"display: inline !important; float: none; background-color: transparent; color: #666666; font-family: 'Open Sans',Helvetica Neue,Sans-serif; font-size: 16px; font-style: normal; font-variant: normal; font-weight: 400; letter-spacing: normal; line-height: 26px; orphans: 2; text-align: left; text-decoration: none; text-indent: 0px; text-transform: none; -webkit-text-stroke-width: 0px; white-space: normal; word-spacing: 0px;\"> m\u00e9daill\u00e9 or en diff\u00e9rentes comp\u00e9titions internationales en Tennis de table \u00e9tait pr\u00e9sent, et certains n&rsquo;ont pas h\u00e9sit\u00e9 \u00e0 l&rsquo;affronter !<\/span><\/span><\/span><\/p>\n\n\n\n<figure class=\"wp-block-image\"><img loading=\"lazy\" decoding=\"async\" width=\"1024\" height=\"768\" src=\"http:\/\/cdsportadapte57.fr\/wp-content\/uploads\/2019\/09\/IMG_2670-1024x768.jpg\" alt=\"\" class=\"wp-image-1163\" srcset=\"https:\/\/cdsportadapte57.fr\/wp-content\/uploads\/2019\/09\/IMG_2670-1024x768.jpg 1024w, https:\/\/cdsportadapte57.fr\/wp-content\/uploads\/2019\/09\/IMG_2670-300x225.jpg 300w, https:\/\/cdsportadapte57.fr\/wp-content\/uploads\/2019\/09\/IMG_2670-768x576.jpg 768w, https:\/\/cdsportadapte57.fr\/wp-content\/uploads\/2019\/09\/IMG_2670-1320x990.jpg 1320w\" sizes=\"auto, (max-width: 1024px) 100vw, 1024px\" \/><\/figure>\n\n\n\n<p>Ludovic signait \u00e9galement des autographes et certains visiteurs ont ainsi pu \u00e9changer avec lui sur son parcours sportif.\u00a0<\/p>\n<p>\u00a0<\/p>\n\n\n\n<ul class=\"wp-block-gallery columns-1 is-cropped wp-block-gallery-2 is-layout-flex wp-block-gallery-is-layout-flex\"><li class=\"blocks-gallery-item\"><figure><img loading=\"lazy\" decoding=\"async\" width=\"1024\" height=\"768\" src=\"http:\/\/cdsportadapte57.fr\/wp-content\/uploads\/2019\/09\/IMG_2680-1024x768.jpg\" alt=\"\" data-id=\"1164\" data-link=\"http:\/\/cdsportadapte57.fr\/?attachment_id=1164\" class=\"wp-image-1164\" srcset=\"https:\/\/cdsportadapte57.fr\/wp-content\/uploads\/2019\/09\/IMG_2680-1024x768.jpg 1024w, https:\/\/cdsportadapte57.fr\/wp-content\/uploads\/2019\/09\/IMG_2680-300x225.jpg 300w, https:\/\/cdsportadapte57.fr\/wp-content\/uploads\/2019\/09\/IMG_2680-768x576.jpg 768w, https:\/\/cdsportadapte57.fr\/wp-content\/uploads\/2019\/09\/IMG_2680-1320x990.jpg 1320w\" sizes=\"auto, (max-width: 1024px) 100vw, 1024px\" \/><\/figure><\/li><\/ul>\n\n\n\n<p class=\"wp-block-paragraph\">Une manifestation vraiment sympathique et positive sur tous les points, le soleil \u00e9tait m\u00eame au rendez-vous d\u00e8s le matin. <\/p>\n\n\n","protected":false},"excerpt":{"rendered":"<p>Dimanche 15 septembre nous \u00e9tions pr\u00e9sents \u00e0 la F\u00eate du Sport \u00e0 Norroy-le-Veneur.\u00a0 Cette f\u00eate organis\u00e9e par la municipalit\u00e9 en collaboration avec les pompiers, l&rsquo;ASD, l&rsquo;\u00e9cole Maternelle, les habitants et&hellip; <\/p>\n","protected":false},"author":16,"featured_media":1163,"comment_status":"open","ping_status":"open","sticky":false,"template":"","format":"standard","meta":{"_crdt_document":"","jetpack_post_was_ever_published":false,"_jetpack_newsletter_access":"","_jetpack_dont_email_post_to_subs":false,"_jetpack_newsletter_tier_id":0,"_jetpack_memberships_contains_paywalled_content":false,"_jetpack_memberships_contains_paid_content":false,"footnotes":"","jetpack_publicize_message":"","jetpack_publicize_feature_enabled":true,"jetpack_social_post_already_shared":true,"jetpack_social_options":{"image_generator_settings":{"template":"highway","default_image_id":0,"font":"","enabled":false},"version":2}},"categories":[1,6],"tags":[12,14],"class_list":["post-1152","post","type-post","status-publish","format-standard","has-post-thumbnail","hentry","category-non-classe","category-nos-manifestations","tag-fete-du-sport","tag-norroy-le-veneur"],"jetpack_publicize_connections":[],"jetpack_featured_media_url":"https:\/\/cdsportadapte57.fr\/wp-content\/uploads\/2019\/09\/IMG_2670.jpg","jetpack_sharing_enabled":true,"jetpack_shortlink":"https:\/\/wp.me\/pasBZt-iA","_links":{"self":[{"href":"https:\/\/cdsportadapte57.fr\/index.php?rest_route=\/wp\/v2\/posts\/1152","targetHints":{"allow":["GET"]}}],"collection":[{"href":"https:\/\/cdsportadapte57.fr\/index.php?rest_route=\/wp\/v2\/posts"}],"about":[{"href":"https:\/\/cdsportadapte57.fr\/index.php?rest_route=\/wp\/v2\/types\/post"}],"author":[{"embeddable":true,"href":"https:\/\/cdsportadapte57.fr\/index.php?rest_route=\/wp\/v2\/users\/16"}],"replies":[{"embeddable":true,"href":"https:\/\/cdsportadapte57.fr\/index.php?rest_route=%2Fwp%2Fv2%2Fcomments&post=1152"}],"version-history":[{"count":3,"href":"https:\/\/cdsportadapte57.fr\/index.php?rest_route=\/wp\/v2\/posts\/1152\/revisions"}],"predecessor-version":[{"id":1167,"href":"https:\/\/cdsportadapte57.fr\/index.php?rest_route=\/wp\/v2\/posts\/1152\/revisions\/1167"}],"wp:featuredmedia":[{"embeddable":true,"href":"https:\/\/cdsportadapte57.fr\/index.php?rest_route=\/wp\/v2\/media\/1163"}],"wp:attachment":[{"href":"https:\/\/cdsportadapte57.fr\/index.php?rest_route=%2Fwp%2Fv2%2Fmedia&parent=1152"}],"wp:term":[{"taxonomy":"category","embeddable":true,"href":"https:\/\/cdsportadapte57.fr\/index.php?rest_route=%2Fwp%2Fv2%2Fcategories&post=1152"},{"taxonomy":"post_tag","embeddable":true,"href":"https:\/\/cdsportadapte57.fr\/index.php?rest_route=%2Fwp%2Fv2%2Ftags&post=1152"}],"curies":[{"name":"wp","href":"https:\/\/api.w.org\/{rel}","templated":true}]}}