{"id":1137,"date":"2019-09-14T19:58:42","date_gmt":"2019-09-14T17:58:42","guid":{"rendered":"http:\/\/cdsportadapte57.fr\/?p=1137"},"modified":"2019-09-15T07:00:18","modified_gmt":"2019-09-15T05:00:18","slug":"de-reims-a-baden-baden-a-velo-pour-permettre-a-des-sportifs-de-participer-au-global-games-avec-le-rotary-international","status":"publish","type":"post","link":"https:\/\/cdsportadapte57.fr\/?p=1137","title":{"rendered":"De Reims \u00e0 Baden-Baden \u00e0 v\u00e9lo pour permettre \u00e0 des sportifs de participer au \u00ab\u00a0Global Games\u00a0\u00bb avec le Rotary International"},"content":{"rendered":"\n<figure class=\"wp-block-image\"><img loading=\"lazy\" decoding=\"async\" width=\"596\" height=\"842\" src=\"http:\/\/cdsportadapte57.fr\/wp-content\/uploads\/2019\/09\/Affiche-Reims-Baden-240719-1.jpeg\" alt=\"\" class=\"wp-image-1138\" srcset=\"https:\/\/cdsportadapte57.fr\/wp-content\/uploads\/2019\/09\/Affiche-Reims-Baden-240719-1.jpeg 596w, https:\/\/cdsportadapte57.fr\/wp-content\/uploads\/2019\/09\/Affiche-Reims-Baden-240719-1-212x300.jpeg 212w\" sizes=\"auto, (max-width: 596px) 100vw, 596px\" \/><\/figure>\n\n\n\n<figure class=\"wp-block-image\"><img loading=\"lazy\" decoding=\"async\" width=\"1024\" height=\"772\" src=\"http:\/\/cdsportadapte57.fr\/wp-content\/uploads\/2019\/09\/REIMS-1024x772.jpg\" alt=\"\" class=\"wp-image-1140\" srcset=\"https:\/\/cdsportadapte57.fr\/wp-content\/uploads\/2019\/09\/REIMS-1024x772.jpg 1024w, https:\/\/cdsportadapte57.fr\/wp-content\/uploads\/2019\/09\/REIMS-300x226.jpg 300w, https:\/\/cdsportadapte57.fr\/wp-content\/uploads\/2019\/09\/REIMS-768x579.jpg 768w, https:\/\/cdsportadapte57.fr\/wp-content\/uploads\/2019\/09\/REIMS.jpg 1224w\" sizes=\"auto, (max-width: 1024px) 100vw, 1024px\" \/><\/figure>\n\n\n\n<figure class=\"wp-block-image\"><img loading=\"lazy\" decoding=\"async\" width=\"1024\" height=\"727\" src=\"http:\/\/cdsportadapte57.fr\/wp-content\/uploads\/2019\/09\/VERDUN--1024x727.jpg\" alt=\"\" class=\"wp-image-1139\" srcset=\"https:\/\/cdsportadapte57.fr\/wp-content\/uploads\/2019\/09\/VERDUN--1024x727.jpg 1024w, https:\/\/cdsportadapte57.fr\/wp-content\/uploads\/2019\/09\/VERDUN--300x213.jpg 300w, https:\/\/cdsportadapte57.fr\/wp-content\/uploads\/2019\/09\/VERDUN--768x545.jpg 768w, https:\/\/cdsportadapte57.fr\/wp-content\/uploads\/2019\/09\/VERDUN-.jpg 1218w\" sizes=\"auto, (max-width: 1024px) 100vw, 1024px\" \/><\/figure>\n\n\n\n<figure class=\"wp-block-image\"><img loading=\"lazy\" decoding=\"async\" width=\"1024\" height=\"785\" src=\"http:\/\/cdsportadapte57.fr\/wp-content\/uploads\/2019\/09\/SARREGUEMINES-1024x785.jpg\" alt=\"\" class=\"wp-image-1141\" srcset=\"https:\/\/cdsportadapte57.fr\/wp-content\/uploads\/2019\/09\/SARREGUEMINES-1024x785.jpg 1024w, https:\/\/cdsportadapte57.fr\/wp-content\/uploads\/2019\/09\/SARREGUEMINES-300x230.jpg 300w, https:\/\/cdsportadapte57.fr\/wp-content\/uploads\/2019\/09\/SARREGUEMINES-768x588.jpg 768w, https:\/\/cdsportadapte57.fr\/wp-content\/uploads\/2019\/09\/SARREGUEMINES.jpg 1215w\" sizes=\"auto, (max-width: 1024px) 100vw, 1024px\" \/><\/figure>\n\n\n\n<ul class=\"wp-block-gallery columns-3 is-cropped wp-block-gallery-1 is-layout-flex wp-block-gallery-is-layout-flex\"><li class=\"blocks-gallery-item\"><figure><img loading=\"lazy\" decoding=\"async\" width=\"960\" height=\"720\" src=\"http:\/\/cdsportadapte57.fr\/wp-content\/uploads\/2019\/09\/RENATO-1.jpg\" alt=\"\" data-id=\"1142\" data-link=\"http:\/\/cdsportadapte57.fr\/?attachment_id=1142\" class=\"wp-image-1142\" srcset=\"https:\/\/cdsportadapte57.fr\/wp-content\/uploads\/2019\/09\/RENATO-1.jpg 960w, https:\/\/cdsportadapte57.fr\/wp-content\/uploads\/2019\/09\/RENATO-1-300x225.jpg 300w, https:\/\/cdsportadapte57.fr\/wp-content\/uploads\/2019\/09\/RENATO-1-768x576.jpg 768w\" sizes=\"auto, (max-width: 960px) 100vw, 960px\" \/><figcaption>Renato Castellani, les 4&rsquo;S, CDSA57<\/figcaption><\/figure><\/li><li class=\"blocks-gallery-item\"><figure><img loading=\"lazy\" decoding=\"async\" width=\"960\" height=\"720\" src=\"http:\/\/cdsportadapte57.fr\/wp-content\/uploads\/2019\/09\/RENATO3.jpg\" alt=\"\" data-id=\"1143\" data-link=\"http:\/\/cdsportadapte57.fr\/?attachment_id=1143\" class=\"wp-image-1143\" srcset=\"https:\/\/cdsportadapte57.fr\/wp-content\/uploads\/2019\/09\/RENATO3.jpg 960w, https:\/\/cdsportadapte57.fr\/wp-content\/uploads\/2019\/09\/RENATO3-300x225.jpg 300w, https:\/\/cdsportadapte57.fr\/wp-content\/uploads\/2019\/09\/RENATO3-768x576.jpg 768w\" sizes=\"auto, (max-width: 960px) 100vw, 960px\" \/><figcaption>Florian Baudin Rotaract Club Moselle-Est<\/figcaption><\/figure><\/li><li class=\"blocks-gallery-item\"><figure><img loading=\"lazy\" decoding=\"async\" width=\"960\" height=\"720\" src=\"http:\/\/cdsportadapte57.fr\/wp-content\/uploads\/2019\/09\/RENATO-2.jpg\" alt=\"\" data-id=\"1144\" data-link=\"http:\/\/cdsportadapte57.fr\/?attachment_id=1144\" class=\"wp-image-1144\" srcset=\"https:\/\/cdsportadapte57.fr\/wp-content\/uploads\/2019\/09\/RENATO-2.jpg 960w, https:\/\/cdsportadapte57.fr\/wp-content\/uploads\/2019\/09\/RENATO-2-300x225.jpg 300w, https:\/\/cdsportadapte57.fr\/wp-content\/uploads\/2019\/09\/RENATO-2-768x576.jpg 768w\" sizes=\"auto, (max-width: 960px) 100vw, 960px\" \/><\/figure><\/li><li class=\"blocks-gallery-item\"><figure><img loading=\"lazy\" decoding=\"async\" width=\"960\" height=\"720\" src=\"http:\/\/cdsportadapte57.fr\/wp-content\/uploads\/2019\/09\/neufgrange.jpg\" alt=\"\" data-id=\"1149\" data-link=\"http:\/\/cdsportadapte57.fr\/?attachment_id=1149\" class=\"wp-image-1149\" srcset=\"https:\/\/cdsportadapte57.fr\/wp-content\/uploads\/2019\/09\/neufgrange.jpg 960w, https:\/\/cdsportadapte57.fr\/wp-content\/uploads\/2019\/09\/neufgrange-300x225.jpg 300w, https:\/\/cdsportadapte57.fr\/wp-content\/uploads\/2019\/09\/neufgrange-768x576.jpg 768w\" sizes=\"auto, (max-width: 960px) 100vw, 960px\" \/><figcaption>Neufgrange<\/figcaption><\/figure><\/li><\/ul>\n\n\n\n<p class=\"wp-block-paragraph\"><\/p>\n","protected":false},"excerpt":{"rendered":"","protected":false},"author":16,"featured_media":1138,"comment_status":"open","ping_status":"open","sticky":false,"template":"","format":"standard","meta":{"_crdt_document":"","jetpack_post_was_ever_published":false,"_jetpack_newsletter_access":"","_jetpack_dont_email_post_to_subs":false,"_jetpack_newsletter_tier_id":0,"_jetpack_memberships_contains_paywalled_content":false,"_jetpack_memberships_contains_paid_content":false,"footnotes":"","jetpack_publicize_message":"","jetpack_publicize_feature_enabled":true,"jetpack_social_post_already_shared":true,"jetpack_social_options":{"image_generator_settings":{"template":"highway","default_image_id":0,"font":"","enabled":false},"version":2}},"categories":[9,6],"tags":[18,10,17],"class_list":["post-1137","post","type-post","status-publish","format-standard","has-post-thumbnail","hentry","category-le-comite-de-sport-adapte-57","category-nos-manifestations","tag-club-de-reims-en-champagne","tag-global-games-inas-2019","tag-rorary-international"],"jetpack_publicize_connections":[],"jetpack_featured_media_url":"https:\/\/cdsportadapte57.fr\/wp-content\/uploads\/2019\/09\/Affiche-Reims-Baden-240719-1.jpeg","jetpack_sharing_enabled":true,"jetpack_shortlink":"https:\/\/wp.me\/pasBZt-il","_links":{"self":[{"href":"https:\/\/cdsportadapte57.fr\/index.php?rest_route=\/wp\/v2\/posts\/1137","targetHints":{"allow":["GET"]}}],"collection":[{"href":"https:\/\/cdsportadapte57.fr\/index.php?rest_route=\/wp\/v2\/posts"}],"about":[{"href":"https:\/\/cdsportadapte57.fr\/index.php?rest_route=\/wp\/v2\/types\/post"}],"author":[{"embeddable":true,"href":"https:\/\/cdsportadapte57.fr\/index.php?rest_route=\/wp\/v2\/users\/16"}],"replies":[{"embeddable":true,"href":"https:\/\/cdsportadapte57.fr\/index.php?rest_route=%2Fwp%2Fv2%2Fcomments&post=1137"}],"version-history":[{"count":5,"href":"https:\/\/cdsportadapte57.fr\/index.php?rest_route=\/wp\/v2\/posts\/1137\/revisions"}],"predecessor-version":[{"id":1150,"href":"https:\/\/cdsportadapte57.fr\/index.php?rest_route=\/wp\/v2\/posts\/1137\/revisions\/1150"}],"wp:featuredmedia":[{"embeddable":true,"href":"https:\/\/cdsportadapte57.fr\/index.php?rest_route=\/wp\/v2\/media\/1138"}],"wp:attachment":[{"href":"https:\/\/cdsportadapte57.fr\/index.php?rest_route=%2Fwp%2Fv2%2Fmedia&parent=1137"}],"wp:term":[{"taxonomy":"category","embeddable":true,"href":"https:\/\/cdsportadapte57.fr\/index.php?rest_route=%2Fwp%2Fv2%2Fcategories&post=1137"},{"taxonomy":"post_tag","embeddable":true,"href":"https:\/\/cdsportadapte57.fr\/index.php?rest_route=%2Fwp%2Fv2%2Ftags&post=1137"}],"curies":[{"name":"wp","href":"https:\/\/api.w.org\/{rel}","templated":true}]}}