{"id":1078,"date":"2019-09-11T13:15:21","date_gmt":"2019-09-11T11:15:21","guid":{"rendered":"http:\/\/cdsportadapte57.fr\/?p=1078"},"modified":"2019-09-11T13:19:21","modified_gmt":"2019-09-11T11:19:21","slug":"rejoignez-nous-le-samedi-14-et-dimanche-15-septembre-a-la-fete-du-sport-a-norroy-le-veneur","status":"publish","type":"post","link":"https:\/\/cdsportadapte57.fr\/?p=1078","title":{"rendered":"Rejoignez-nous le samedi 14 et dimanche 15 septembre \u00e0 la F\u00eate du Sport \u00e0 Norroy-le-Veneur."},"content":{"rendered":"\n<p class=\"wp-block-paragraph\">C&rsquo;est la rentr\u00e9e et il est temps de mettre en pratique les bonnes r\u00e9solutions sportives. Ce week-end est plac\u00e9 sous le signe du Sport \u00e0<a href=\"https:\/\/norroyleveneur.fr\/fete-du-sport-14-et-15-septembre\/\"> Norroy-le-Veneur<\/a>. Un programme riche en activit\u00e9s sportives vous attend, pour toute la famille.<\/p>\n\n\n\n<p class=\"wp-block-paragraph\">Vous pourrez \u00e9galement rencontrer notre champion<a href=\"http:\/\/cdsportadapte57.fr\/?p=1049\"> Ludovic<\/a> qui sera pr\u00e9sent, m\u00e9daill\u00e9 or en diff\u00e9rentes comp\u00e9titions internationales et qui sera au Global Games de Brisbane en octobre.<\/p>\n\n\n\n<figure class=\"wp-block-image\"><img loading=\"lazy\" decoding=\"async\" width=\"731\" height=\"1024\" src=\"http:\/\/cdsportadapte57.fr\/wp-content\/uploads\/2019\/09\/Sport2019A4-731x1024.jpg\" alt=\"\" class=\"wp-image-1079\" srcset=\"https:\/\/cdsportadapte57.fr\/wp-content\/uploads\/2019\/09\/Sport2019A4-731x1024.jpg 731w, https:\/\/cdsportadapte57.fr\/wp-content\/uploads\/2019\/09\/Sport2019A4-214x300.jpg 214w, https:\/\/cdsportadapte57.fr\/wp-content\/uploads\/2019\/09\/Sport2019A4-768x1076.jpg 768w, https:\/\/cdsportadapte57.fr\/wp-content\/uploads\/2019\/09\/Sport2019A4-1320x1849.jpg 1320w\" sizes=\"auto, (max-width: 731px) 100vw, 731px\" \/><\/figure>\n\n\n\n<p class=\"wp-block-paragraph\" style=\"text-align:center\"><strong>Le programme d\u00e9taill\u00e9 : <\/strong><\/p>\n\n\n\n<figure class=\"wp-block-image\"><img loading=\"lazy\" decoding=\"async\" width=\"1024\" height=\"724\" src=\"http:\/\/cdsportadapte57.fr\/wp-content\/uploads\/2019\/09\/FLYER-FETE-SPORT-NORROY-LE-VENEUR2019-page-001-1024x724.jpg\" alt=\"\" class=\"wp-image-1081\" srcset=\"https:\/\/cdsportadapte57.fr\/wp-content\/uploads\/2019\/09\/FLYER-FETE-SPORT-NORROY-LE-VENEUR2019-page-001-1024x724.jpg 1024w, https:\/\/cdsportadapte57.fr\/wp-content\/uploads\/2019\/09\/FLYER-FETE-SPORT-NORROY-LE-VENEUR2019-page-001-300x212.jpg 300w, https:\/\/cdsportadapte57.fr\/wp-content\/uploads\/2019\/09\/FLYER-FETE-SPORT-NORROY-LE-VENEUR2019-page-001-768x543.jpg 768w, https:\/\/cdsportadapte57.fr\/wp-content\/uploads\/2019\/09\/FLYER-FETE-SPORT-NORROY-LE-VENEUR2019-page-001-1320x933.jpg 1320w, https:\/\/cdsportadapte57.fr\/wp-content\/uploads\/2019\/09\/FLYER-FETE-SPORT-NORROY-LE-VENEUR2019-page-001.jpg 1754w\" sizes=\"auto, (max-width: 1024px) 100vw, 1024px\" \/><\/figure>\n\n\n\n<figure class=\"wp-block-image\"><img loading=\"lazy\" decoding=\"async\" width=\"1024\" height=\"724\" src=\"http:\/\/cdsportadapte57.fr\/wp-content\/uploads\/2019\/09\/FLYER-FETE-SPORT-NORROY-LE-VENEUR2019-page-002-1024x724.jpg\" alt=\"\" class=\"wp-image-1082\" srcset=\"https:\/\/cdsportadapte57.fr\/wp-content\/uploads\/2019\/09\/FLYER-FETE-SPORT-NORROY-LE-VENEUR2019-page-002-1024x724.jpg 1024w, https:\/\/cdsportadapte57.fr\/wp-content\/uploads\/2019\/09\/FLYER-FETE-SPORT-NORROY-LE-VENEUR2019-page-002-300x212.jpg 300w, https:\/\/cdsportadapte57.fr\/wp-content\/uploads\/2019\/09\/FLYER-FETE-SPORT-NORROY-LE-VENEUR2019-page-002-768x543.jpg 768w, https:\/\/cdsportadapte57.fr\/wp-content\/uploads\/2019\/09\/FLYER-FETE-SPORT-NORROY-LE-VENEUR2019-page-002-1320x933.jpg 1320w, https:\/\/cdsportadapte57.fr\/wp-content\/uploads\/2019\/09\/FLYER-FETE-SPORT-NORROY-LE-VENEUR2019-page-002.jpg 1754w\" sizes=\"auto, (max-width: 1024px) 100vw, 1024px\" \/><\/figure>\n","protected":false},"excerpt":{"rendered":"<p>C&rsquo;est la rentr\u00e9e et il est temps de mettre en pratique les bonnes r\u00e9solutions sportives. Ce week-end est plac\u00e9 sous le signe du Sport \u00e0 Norroy-le-Veneur. Un programme riche en&hellip; <\/p>\n","protected":false},"author":16,"featured_media":1079,"comment_status":"open","ping_status":"open","sticky":false,"template":"","format":"standard","meta":{"_crdt_document":"","jetpack_post_was_ever_published":false,"_jetpack_newsletter_access":"","_jetpack_dont_email_post_to_subs":false,"_jetpack_newsletter_tier_id":0,"_jetpack_memberships_contains_paywalled_content":false,"_jetpack_memberships_contains_paid_content":false,"footnotes":"","jetpack_publicize_message":"","jetpack_publicize_feature_enabled":true,"jetpack_social_post_already_shared":true,"jetpack_social_options":{"image_generator_settings":{"template":"highway","default_image_id":0,"font":"","enabled":false},"version":2}},"categories":[9,7,1,6],"tags":[12,14,13],"class_list":["post-1078","post","type-post","status-publish","format-standard","has-post-thumbnail","hentry","category-le-comite-de-sport-adapte-57","category-les-infos-du-cdsa-de-moselle","category-non-classe","category-nos-manifestations","tag-fete-du-sport","tag-norroy-le-veneur","tag-sport-adapte"],"jetpack_publicize_connections":[],"jetpack_featured_media_url":"https:\/\/cdsportadapte57.fr\/wp-content\/uploads\/2019\/09\/Sport2019A4.jpg","jetpack_sharing_enabled":true,"jetpack_shortlink":"https:\/\/wp.me\/pasBZt-ho","_links":{"self":[{"href":"https:\/\/cdsportadapte57.fr\/index.php?rest_route=\/wp\/v2\/posts\/1078","targetHints":{"allow":["GET"]}}],"collection":[{"href":"https:\/\/cdsportadapte57.fr\/index.php?rest_route=\/wp\/v2\/posts"}],"about":[{"href":"https:\/\/cdsportadapte57.fr\/index.php?rest_route=\/wp\/v2\/types\/post"}],"author":[{"embeddable":true,"href":"https:\/\/cdsportadapte57.fr\/index.php?rest_route=\/wp\/v2\/users\/16"}],"replies":[{"embeddable":true,"href":"https:\/\/cdsportadapte57.fr\/index.php?rest_route=%2Fwp%2Fv2%2Fcomments&post=1078"}],"version-history":[{"count":4,"href":"https:\/\/cdsportadapte57.fr\/index.php?rest_route=\/wp\/v2\/posts\/1078\/revisions"}],"predecessor-version":[{"id":1085,"href":"https:\/\/cdsportadapte57.fr\/index.php?rest_route=\/wp\/v2\/posts\/1078\/revisions\/1085"}],"wp:featuredmedia":[{"embeddable":true,"href":"https:\/\/cdsportadapte57.fr\/index.php?rest_route=\/wp\/v2\/media\/1079"}],"wp:attachment":[{"href":"https:\/\/cdsportadapte57.fr\/index.php?rest_route=%2Fwp%2Fv2%2Fmedia&parent=1078"}],"wp:term":[{"taxonomy":"category","embeddable":true,"href":"https:\/\/cdsportadapte57.fr\/index.php?rest_route=%2Fwp%2Fv2%2Fcategories&post=1078"},{"taxonomy":"post_tag","embeddable":true,"href":"https:\/\/cdsportadapte57.fr\/index.php?rest_route=%2Fwp%2Fv2%2Ftags&post=1078"}],"curies":[{"name":"wp","href":"https:\/\/api.w.org\/{rel}","templated":true}]}}